{"id":167817,"date":"2025-06-11T09:17:53","date_gmt":"2025-06-11T09:17:53","guid":{"rendered":"https:\/\/www.europesays.com\/fr\/167817\/"},"modified":"2025-06-11T09:17:53","modified_gmt":"2025-06-11T09:17:53","slug":"saint-etienne-cosplay-series-tv-mangas-le-meilleur-de-la-pop-culture-reuni-ce-week-end-a-parc-expo","status":"publish","type":"post","link":"https:\/\/www.europesays.com\/fr\/167817\/","title":{"rendered":"Saint-\u00c9tienne. Cosplay, s\u00e9ries TV, mangas&#8230; Le meilleur de la pop culture r\u00e9uni ce week-end \u00e0 Parc Expo"},"content":{"rendered":"<p>Cin\u00e9ma, s\u00e9ries TV, manga, fantasy, cosplay, jeux vid\u00e9o\u2026 Le temps d\u2019un week-end, le Parc Expo se transforme en un immense temple de la pop culture.<\/p>\n<p>\u00ab\u00a0Le Gamefest est un \u00e9v\u00e9nement haut en couleur, ouvert \u00e0 tous, aussi bien aux passionn\u00e9s qu\u2019aux curieux et aux familles\u00a0\u00bb, explique Kevin Crouchet, pr\u00e9sident de la soci\u00e9t\u00e9 Critical Events, organisatrice du salon.<\/p>\n<p>  Boutiques, cr\u00e9ations originales, tournois de jeux vid\u00e9o\u2026<\/p>\n<p>Les all\u00e9es de Parc Expo seront divis\u00e9es en plusieurs univers distincts. Un \u00ab\u00a0village commercial\u00a0\u00bb rassemblera des vendeurs et boutiques sp\u00e9cialis\u00e9s\u00a0: figurines, cartes de collection, mangas, comics, litt\u00e9rature fantasy\u2026 Un espace accueillera \u00e9galement de nombreux stands de cr\u00e9ateurs.<\/p>\n<p>\u00ab\u00a0Qu\u2019ils soient illustrateurs, artisans ou artistes, leurs cr\u00e9ations originales et faites main sont toujours tr\u00e8s appr\u00e9ci\u00e9es des visiteurs\u00a0\u00bb, poursuit Kevin Crouchet. Des associations seront \u00e9galement de la partie, notamment le club d\u2019escrime Les Lames d\u2019Astr\u00e9e, bas\u00e9 \u00e0 Sainte-Agathe-la-Bouteresse, qui proposera des initiations au maniement de sabres laser tout droit sortis de l\u2019univers Star Wars.<\/p>\n<p>L\u2019association Adventure Games, originaire d\u2019Usson-en-Forez, mettra quant \u00e0 elle ses consoles de jeux vintage \u00e0 disposition des visiteurs dans un espace retrogaming.<\/p>\n<p>  Une immersion dans l\u2019univers du cosplay<\/p>\n<p>Parmi les animations phares du salon, Romain Ughetto proposera un concert de reprises rock des chansons mythiques de l\u2019univers Disney. \u00ab\u00a0Nous sommes \u00e9galement tr\u00e8s heureux de pouvoir pr\u00e9senter au public une DeLorean, la c\u00e9l\u00e8bre voiture du film Retour vers le futur \u00a0\u00bb, indique Kevin Crouchet.<\/p>\n<p>Un salon d\u00e9di\u00e9 \u00e0 la pop culture ne saurait, \u00e9videmment, faire l\u2019impasse sur le monde du cosplay. D\u00e9fil\u00e9s et concours, organis\u00e9s par l\u2019association st\u00e9phanoise Mine 2 Geek rythmeront le week-end. Des shows seront \u00e9galement propos\u00e9s par Stellyse Cosplay (Estivareilles), dans les univers du film Mulan et du jeu vid\u00e9o Assassin\u2019s Creed.<\/p>\n<p>  Des invit\u00e9s d\u2019honneur de renom<\/p>\n<p>Le salon frappe fort en conviant trois com\u00e9diens de doublage prestigieux\u00a0: Thierry Wermuth (Tintin dans la s\u00e9rie anim\u00e9e des ann\u00e9es 1990, Stan dans South Park), Emmanuel Curtil (voix fran\u00e7aise de Jim Carrey, Matthew Perry dans Friends), et Christophe Lemoine, qui a notamment pr\u00eat\u00e9 sa voix \u00e0 Sam Gamegie dans Le Seigneur des Anneaux. Une conf\u00e9rence se tiendra samedi soir avec les trois com\u00e9diens, qui interpr\u00e9teront ensuite plusieurs de leurs personnages cultes lors de sessions interactives avec le public.<\/p>\n<p>Autre invit\u00e9 de renom\u00a0: l\u2019acteur Corin Nemec, bien connu des fans des s\u00e9ries TV Parker Lewis et Stargate SG-1, se pr\u00eatera au jeu des d\u00e9dicaces et s\u00e9ances photos (15\u00a0\u20ac\u00a0pour une d\u00e9dicace, 20\u00a0\u20ac pour une photo, 30\u00a0\u20ac\u00a0pour le pack d\u00e9dicace et photo).<\/p>\n<p class=\"note\">Samedi\u00a07 et dimanche 8\u00a0juin de 10 \u00e0 19\u00a0h. Parc-Expo. Pass 1 jour\u00a0: 13\u00a0\u20ac, 2 jours\u00a0: 17\u00a0\u20ac. Tarifs r\u00e9duits\u00a01 jour\u00a0: 9\u00a0\u20ac, 2 jours\u00a0: 13\u00a0\u20ac. Gratuit jusqu\u2019\u00e0 6 ans. Programme d\u00e9taill\u00e9\u00a0: <a href=\"http:\/\/www.gamefest-saint-etienne.fr\/\" target=\"_blank\" rel=\"noopener\">www.gamefest-saint-etienne.fr<\/a>.<\/p>\n","protected":false},"excerpt":{"rendered":"Cin\u00e9ma, s\u00e9ries TV, manga, fantasy, cosplay, jeux vid\u00e9o\u2026 Le temps d\u2019un week-end, le Parc Expo se transforme en&hellip;\n","protected":false},"author":2,"featured_media":167818,"comment_status":"","ping_status":"","sticky":false,"template":"","format":"standard","meta":{"footnotes":""},"categories":[9653],"tags":[1111,11,2430,1687,7539,1777,674,1685,1011,27,3367,12,25,4001,7538],"class_list":{"0":"post-167817","1":"post","2":"type-post","3":"status-publish","4":"format-standard","5":"has-post-thumbnail","7":"category-saint-etienne","8":"tag-actu","9":"tag-actualites","10":"tag-auvergne-rhone-alpes","11":"tag-culture-loisirs","12":"tag-edition-loire-sud","13":"tag-eu","14":"tag-europe","15":"tag-foire-et-salon","16":"tag-fr","17":"tag-france","18":"tag-loire","19":"tag-news","20":"tag-republique-francaise","21":"tag-saint-etienne","22":"tag-saint-etienne-ville"},"share_on_mastodon":{"url":"https:\/\/pubeurope.com\/@fr\/114663987869791972","error":""},"_links":{"self":[{"href":"https:\/\/www.europesays.com\/fr\/wp-json\/wp\/v2\/posts\/167817","targetHints":{"allow":["GET"]}}],"collection":[{"href":"https:\/\/www.europesays.com\/fr\/wp-json\/wp\/v2\/posts"}],"about":[{"href":"https:\/\/www.europesays.com\/fr\/wp-json\/wp\/v2\/types\/post"}],"author":[{"embeddable":true,"href":"https:\/\/www.europesays.com\/fr\/wp-json\/wp\/v2\/users\/2"}],"replies":[{"embeddable":true,"href":"https:\/\/www.europesays.com\/fr\/wp-json\/wp\/v2\/comments?post=167817"}],"version-history":[{"count":0,"href":"https:\/\/www.europesays.com\/fr\/wp-json\/wp\/v2\/posts\/167817\/revisions"}],"wp:featuredmedia":[{"embeddable":true,"href":"https:\/\/www.europesays.com\/fr\/wp-json\/wp\/v2\/media\/167818"}],"wp:attachment":[{"href":"https:\/\/www.europesays.com\/fr\/wp-json\/wp\/v2\/media?parent=167817"}],"wp:term":[{"taxonomy":"category","embeddable":true,"href":"https:\/\/www.europesays.com\/fr\/wp-json\/wp\/v2\/categories?post=167817"},{"taxonomy":"post_tag","embeddable":true,"href":"https:\/\/www.europesays.com\/fr\/wp-json\/wp\/v2\/tags?post=167817"}],"curies":[{"name":"wp","href":"https:\/\/api.w.org\/{rel}","templated":true}]}}