{"id":167829,"date":"2025-06-11T09:24:08","date_gmt":"2025-06-11T09:24:08","guid":{"rendered":"https:\/\/www.europesays.com\/fr\/167829\/"},"modified":"2025-06-11T09:24:08","modified_gmt":"2025-06-11T09:24:08","slug":"le-festival-montpellier-danse-fete-ses-45-ans-avec-une-programmation-innovante","status":"publish","type":"post","link":"https:\/\/www.europesays.com\/fr\/167829\/","title":{"rendered":"le festival Montpellier Danse f\u00eate ses 45 ans avec une programmation innovante"},"content":{"rendered":"<p>\n\t\t\t\t\tMontpellier Danse c\u00e9l\u00e8bre 45 ans de danse avec une \u00e9dition riche en performances in\u00e9dites. \t\t\t\t<\/p>\n<p>\n\t\t\t\t\t\t\t\t\t\u00a9 Photo d\u2019illustration.\t\t\t\t\t\t\t\t<\/p>\n<p>Du <strong>21 juin au 5 juillet 2025<\/strong>, <a href=\"https:\/\/infoccitanie.fr\/tag\/montpellier\/\" rel=\"nofollow noopener\" target=\"_blank\">Montpellier<\/a> vibre au rythme de la <strong>danse contemporaine<\/strong> \u00e0 l\u2019occasion du <strong>45e anniversaire du Festival Montpellier Danse<\/strong>. Depuis sa cr\u00e9ation en 1981, cet \u00e9v\u00e9nement embl\u00e9matique est devenu un <strong>rendez-vous incontournable de la sc\u00e8ne artistique internationale<\/strong>. En effet, ce festival est port\u00e9 depuis 1983 par le directeur Jean-Paul Montanari, v\u00e9ritable pilier du d\u00e9veloppement culturel local.<\/p>\n<p>Un levier culturel et \u00e9conomique<\/p>\n<p>Le festival agit comme un <strong>moteur<\/strong> pour le <strong>d\u00e9veloppement culturel de la m\u00e9tropole montpelli\u00e9raine<\/strong>. En effet, il favorise l\u2019acc\u00e8s \u00e0 la danse contemporaine pour un large public. Avec plus d\u2019un millier d\u2019artistes invit\u00e9s au fil des \u00e9ditions, il contribue \u00e9galement \u00e0 dynamiser le secteur culturel local. Cela g\u00e9n\u00e8re des retomb\u00e9es \u00e9conomiques significatives dans l\u2019h\u00f4tellerie, la restauration et les commerces du centre-ville. <strong>Montpellier Danse<\/strong> est un festival qui s\u2019est rapidement impos\u00e9 comme un <strong>acteur majeur<\/strong>, attirant chaque ann\u00e9e des <strong>milliers d\u2019artistes, professionnels et amateurs passionn\u00e9s<\/strong>.<\/p>\n<p>\u00c0 la d\u00e9couverte de la programmation 2025<\/p>\n<p>L\u2019\u00e9dition 2025 s\u2019appuie sur un h\u00e9ritage fort, tout en explorant de nouvelles formes artistiques et p\u00e9dagogiques. <strong>Qu\u2019y a-t-il au programme\u00a0? <\/strong>Pr\u00e9sent\u00e9e en ouverture de ce 45e Festival, <strong>Camille Boitel <\/strong>permettra de d\u00e9couvrir la \u00ab\u00a0<strong>d\u00e9finition de l\u2019\u0153uvre d\u2019art comme acte de confiance aux spectateurs\u00b7rices<\/strong>\u00a0\u00bb du 11 au 23 juin 2025. Du 20 juin au 4 juillet, de <strong>v\u00e9ritables le\u00e7ons de danse <\/strong>seront donn\u00e9es par les artistes du 45e festival. L\u2019ensemble de la programmation est, bien entendu, retranscrit sur <a href=\"https:\/\/www.montpellierdanse.com\/programmes\/\" target=\"_blank\" rel=\"nofollow noopener\">le site officiel de l\u2019\u00e9v\u00e8nement<\/a>.<\/p>\n<p>Informations pratiques<\/p>\n<p>Si vous souhaitez d\u00e9couvrir la 45e \u00e9dition du festival Montpellier Danse, <strong>rendez-vous du 21 juin au 5 juillet 2025<\/strong> \u00e0 <a href=\"https:\/\/infoccitanie.fr\/tag\/montpelier\/\" rel=\"nofollow noopener\" target=\"_blank\">Montpellier<\/a> dans divers lieux patrimoniaux et culturels. La <strong>r\u00e9servation des \u00e9v\u00e8nements <\/strong>peut s\u2019effectuer en ligne via un site s\u00e9curis\u00e9, au bureau de location (18 rue Sainte Ursule, Montpellier) ou par t\u00e9l\u00e9phone. Les <strong>tarifs<\/strong> varient et certaines r\u00e9ductions existent notamment pour les jeunes. Pour plus d\u2019informations, rendez-vous sur <a href=\"https:\/\/www.montpellierdanse.com\/\" target=\"_blank\" rel=\"nofollow noopener\">le site officiel de l\u2019\u00e9v\u00e8nement<\/a>.<\/p>\n","protected":false},"excerpt":{"rendered":"Montpellier Danse c\u00e9l\u00e8bre 45 ans de danse avec une \u00e9dition riche en performances in\u00e9dites. \u00a9 Photo d\u2019illustration. Du&hellip;\n","protected":false},"author":2,"featured_media":167830,"comment_status":"","ping_status":"","sticky":false,"template":"","format":"standard","meta":{"footnotes":""},"categories":[9599],"tags":[1111,11,1777,674,849,1011,27,2208,12,2680,25],"class_list":{"0":"post-167829","1":"post","2":"type-post","3":"status-publish","4":"format-standard","5":"has-post-thumbnail","7":"category-montpellier","8":"tag-actu","9":"tag-actualites","10":"tag-eu","11":"tag-europe","12":"tag-festival","13":"tag-fr","14":"tag-france","15":"tag-montpellier","16":"tag-news","17":"tag-occitanie","18":"tag-republique-francaise"},"share_on_mastodon":{"url":"https:\/\/pubeurope.com\/@fr\/114664011600615445","error":""},"_links":{"self":[{"href":"https:\/\/www.europesays.com\/fr\/wp-json\/wp\/v2\/posts\/167829","targetHints":{"allow":["GET"]}}],"collection":[{"href":"https:\/\/www.europesays.com\/fr\/wp-json\/wp\/v2\/posts"}],"about":[{"href":"https:\/\/www.europesays.com\/fr\/wp-json\/wp\/v2\/types\/post"}],"author":[{"embeddable":true,"href":"https:\/\/www.europesays.com\/fr\/wp-json\/wp\/v2\/users\/2"}],"replies":[{"embeddable":true,"href":"https:\/\/www.europesays.com\/fr\/wp-json\/wp\/v2\/comments?post=167829"}],"version-history":[{"count":0,"href":"https:\/\/www.europesays.com\/fr\/wp-json\/wp\/v2\/posts\/167829\/revisions"}],"wp:featuredmedia":[{"embeddable":true,"href":"https:\/\/www.europesays.com\/fr\/wp-json\/wp\/v2\/media\/167830"}],"wp:attachment":[{"href":"https:\/\/www.europesays.com\/fr\/wp-json\/wp\/v2\/media?parent=167829"}],"wp:term":[{"taxonomy":"category","embeddable":true,"href":"https:\/\/www.europesays.com\/fr\/wp-json\/wp\/v2\/categories?post=167829"},{"taxonomy":"post_tag","embeddable":true,"href":"https:\/\/www.europesays.com\/fr\/wp-json\/wp\/v2\/tags?post=167829"}],"curies":[{"name":"wp","href":"https:\/\/api.w.org\/{rel}","templated":true}]}}