{"id":167831,"date":"2025-06-11T09:25:08","date_gmt":"2025-06-11T09:25:08","guid":{"rendered":"https:\/\/www.europesays.com\/fr\/167831\/"},"modified":"2025-06-11T09:25:08","modified_gmt":"2025-06-11T09:25:08","slug":"avez-vous-vu-michel-sexagenaire-porte-disparu-dans-lagglo-de-rouen","status":"publish","type":"post","link":"https:\/\/www.europesays.com\/fr\/167831\/","title":{"rendered":"avez-vous vu Michel, sexag\u00e9naire port\u00e9 disparu dans l&rsquo;agglo de Rouen\u00a0?"},"content":{"rendered":"<p>            Par<br \/>\n        <strong><br \/>\n            <a href=\"https:\/\/actu.fr\/auteur\/thomas-rideau\" title=\"Consulter tous les articles de Thomas Rideau\" rel=\"nofollow noopener\" target=\"_blank\">Thomas Rideau<\/a><br \/>\n        <\/strong><\/p>\n<p>        Publi\u00e9 le<\/p>\n<p>            11 juin 2025 \u00e0 10h57        <\/p>\n<p><strong>Terrible angoisse<\/strong> pour la famille de Michel Chaillou, dans l\u2019agglo de <a href=\"https:\/\/actu.fr\/normandie\/rouen_76540\" rel=\"nofollow noopener\" target=\"_blank\">Rouen (Seine-Maritime)<\/a>.\u00a0Depuis ce mardi 3\u00a0juin 2025, l\u2019homme \u00e2g\u00e9 de 64\u00a0ans a disparu et a quitt\u00e9 son appartement avec sa voiture.<\/p>\n<p>Il serait toujours dans Grand-Quevilly<\/p>\n<p class=\" wall-content\">Sa famille et ses amis sont \u00e0 sa recherche et la police a \u00e9t\u00e9 pr\u00e9venue ce mardi 10\u00a0juin. \u00ab<strong>\u2009Il n\u2019avait jamais disparu<\/strong>\u2009\u00bb, glisse inqui\u00e8te \u00c9lodie Dhib, sa ni\u00e8ce. \u00ab\u2009Il est parti avec son t\u00e9l\u00e9phone, mais il ne r\u00e9pond pas.\u2009\u00bb<\/p>\n<p class=\" wall-content\">Le sexag\u00e9naire habite <a href=\"https:\/\/www.google.com\/search?q=grand+quevilly+actu.fr&amp;rlz=1C1GCEA_enFR1045FR1045&amp;oq=&amp;gs_lcrp=EgZjaHJvbWUqBggBEEUYOzIHCAAQABiPAjIGCAEQRRg7MgYIAhAjGCcyBwgDEAAYgAQyDQgEEC4YrwEYxwEYgAQyEAgFEC4YrwEYxwEYgAQYjgUyBwgGEAAYgAQyBggHEEUYPdIBCDQwMTdqMGo0qAIAsAIA&amp;sourceid=chrome&amp;ie=UTF-8\" rel=\"nofollow noopener\" target=\"_blank\">Le Grand-Quevilly<\/a> et d\u2019apr\u00e8s les premiers \u00e9l\u00e9ments, il se trouverait toujours dans cette commune. Il a \u00e9t\u00e9, en effet, possible de tracer son portable. Il a quitt\u00e9 son domicile avec sa voiture, une Clio 5 grise.<\/p>\n<p class=\" wall-content\">\u00ab\u2009Nous sommes tr\u00e8s inquiets pour lui, il a un traitement tr\u00e8s important pour sa sant\u00e9 qu\u2019il n\u2019a pas pu prendre depuis une semaine\u2009\u00bb, d\u00e9plore sa ni\u00e8ce qui, avec de la famille et des amis, <strong>multiplie les actes de recherche<\/strong> ce mardi soir.<\/p>\n<p class=\" wall-content\">Contact\u00e9e, la police confirme qu\u2019une enqu\u00eate est en cours.<\/p>\n<p>Suivez l\u2019actualit\u00e9 de Rouen <a href=\"https:\/\/www.whatsapp.com\/channel\/0029VaKfnf99hXF2ddApFB1D\" rel=\"nofollow noopener\" target=\"_blank\">sur notre cha\u00eene WhatsApp<\/a> et <a href=\"https:\/\/www.tiktok.com\/@76actu.fr?lang=fr\" rel=\"nofollow noopener\" target=\"_blank\">sur notre compte TikTok<\/a>Vid\u00e9os : en ce moment sur Actu<\/p>\n<p class=\" wall-content\">Suivez toute l\u2019actualit\u00e9 de vos villes et m\u00e9dias favoris en vous inscrivant \u00e0 <a href=\"https:\/\/moncompte.actu.fr\" title=\"D\u00e9couvez Mon Actu\" rel=\"nofollow noopener\" data-trk=\"{&quot;cta&quot;:{&quot;action&quot;:&quot;https:\\\/\\\/moncompte.actu.fr&quot;,&quot;category&quot;:&quot;mon compte&quot;,&quot;from&quot;:&quot;article footer&quot;,&quot;name&quot;:&quot;Mon actu&quot;,&quot;type&quot;:&quot;cta&quot;}}\" target=\"_blank\">Mon Actu<\/a>.<\/p>\n<ul class=\"ac-article-tag wall-content\">\n<li><a href=\"https:\/\/actu.fr\/tag\/disparition\" data-trk=\"{&quot;cta&quot;:{&quot;action&quot;:&quot;Disparition inqui\\u00e9tante&quot;,&quot;category&quot;:&quot;tag&quot;,&quot;from&quot;:&quot;article footer&quot;,&quot;name&quot;:&quot;Disparition inqui\\u00e9tante&quot;,&quot;type&quot;:&quot;cta&quot;}}\" rel=\"nofollow noopener\" target=\"_blank\">#Disparition inqui\u00e9tante<\/a><\/li>\n<li><a href=\"https:\/\/actu.fr\/tag\/sante\" data-trk=\"{&quot;cta&quot;:{&quot;action&quot;:&quot;Sant\\u00e9&quot;,&quot;category&quot;:&quot;tag&quot;,&quot;from&quot;:&quot;article footer&quot;,&quot;name&quot;:&quot;Sant\\u00e9&quot;,&quot;type&quot;:&quot;cta&quot;}}\" rel=\"nofollow noopener\" target=\"_blank\">#Sant\u00e9<\/a><\/li>\n<\/ul>\n<p>                    <script async src=\"\/\/www.tiktok.com\/embed.js\"><\/script><\/p>\n","protected":false},"excerpt":{"rendered":"Par Thomas Rideau Publi\u00e9 le 11 juin 2025 \u00e0 10h57 Terrible angoisse pour la famille de Michel Chaillou,&hellip;\n","protected":false},"author":2,"featured_media":167832,"comment_status":"","ping_status":"","sticky":false,"template":"","format":"standard","meta":{"footnotes":""},"categories":[9587],"tags":[1111,11,3676,1777,674,118,1011,27,12,5161,25,9590,71],"class_list":{"0":"post-167831","1":"post","2":"type-post","3":"status-publish","4":"format-standard","5":"has-post-thumbnail","7":"category-rouen","8":"tag-actu","9":"tag-actualites","10":"tag-disparition-inquietante","11":"tag-eu","12":"tag-europe","13":"tag-faits-divers","14":"tag-fr","15":"tag-france","16":"tag-news","17":"tag-normandie","18":"tag-republique-francaise","19":"tag-rouen","20":"tag-sante"},"share_on_mastodon":{"url":"https:\/\/pubeurope.com\/@fr\/114664015366154160","error":""},"_links":{"self":[{"href":"https:\/\/www.europesays.com\/fr\/wp-json\/wp\/v2\/posts\/167831","targetHints":{"allow":["GET"]}}],"collection":[{"href":"https:\/\/www.europesays.com\/fr\/wp-json\/wp\/v2\/posts"}],"about":[{"href":"https:\/\/www.europesays.com\/fr\/wp-json\/wp\/v2\/types\/post"}],"author":[{"embeddable":true,"href":"https:\/\/www.europesays.com\/fr\/wp-json\/wp\/v2\/users\/2"}],"replies":[{"embeddable":true,"href":"https:\/\/www.europesays.com\/fr\/wp-json\/wp\/v2\/comments?post=167831"}],"version-history":[{"count":0,"href":"https:\/\/www.europesays.com\/fr\/wp-json\/wp\/v2\/posts\/167831\/revisions"}],"wp:featuredmedia":[{"embeddable":true,"href":"https:\/\/www.europesays.com\/fr\/wp-json\/wp\/v2\/media\/167832"}],"wp:attachment":[{"href":"https:\/\/www.europesays.com\/fr\/wp-json\/wp\/v2\/media?parent=167831"}],"wp:term":[{"taxonomy":"category","embeddable":true,"href":"https:\/\/www.europesays.com\/fr\/wp-json\/wp\/v2\/categories?post=167831"},{"taxonomy":"post_tag","embeddable":true,"href":"https:\/\/www.europesays.com\/fr\/wp-json\/wp\/v2\/tags?post=167831"}],"curies":[{"name":"wp","href":"https:\/\/api.w.org\/{rel}","templated":true}]}}