{"id":167835,"date":"2025-06-11T09:27:10","date_gmt":"2025-06-11T09:27:10","guid":{"rendered":"https:\/\/www.europesays.com\/fr\/167835\/"},"modified":"2025-06-11T09:27:10","modified_gmt":"2025-06-11T09:27:10","slug":"grenoble-les-derniers-rendez-vous-de-la-bobine-avant-la-fermeture","status":"publish","type":"post","link":"https:\/\/www.europesays.com\/fr\/167835\/","title":{"rendered":"Grenoble. Les derniers rendez-vous de la Bobine avant la fermeture"},"content":{"rendered":"<p><a href=\"https:\/\/www.ledauphine.com\/culture-loisirs\/2025\/06\/07\/isere-grenoble-le-public-n-a-pas-eu-conscience-de-l-urgence-de-la-situation-la-bobine-va-definitivement-fermer-ses-portes\" target=\"_blank\" rel=\"nofollow noopener\">Apr\u00e8s l\u2019annonce de la fermeture de la Bobine<\/a> , suite \u00e0 la liquidation judiciaire, la salle de spectacles du parc Paul-Mistral a d\u00e9voil\u00e9 le programme de ses derni\u00e8res soir\u00e9es. \u00ab\u00a0On c\u00e9l\u00e8bre et on remercie fort fort fort toutes les personnes et collectifs qui ont soutenu la Bobine, de loin ou de pr\u00e8s\u00a0: b\u00e9n\u00e9voles engag\u00e9s, artistes, publics d\u2019un jour ou de toujours, collectifs qui nous ont remu\u00e9s ou anim\u00e9s, partenaires qui nous ont financ\u00e9s, salari\u00e9s et tous les complices de nos projets\u00a0\u00bb, explique la salle.<\/p>\n<p>\u25b6 Mercredi 11\u00a0juin \u00e0 20 heures\u00a0: le Bingo de Clothilde<\/p>\n<p>\u25b6 Samedi 14\u00a0juin d\u00e8s 16 heures\u00a0: une f\u00eate toute douce pour se souvenir<\/p>\n<p>\u25b6 Mardi 17\u00a0juin \u00e0 20 heures\u00a0: Marina Rabita<\/p>\n<p>\u25b6 Vendredi 20\u00a0juin \u00e0 20\u00a0h\u00a030\u00a0: concert de Lhotse &amp; Sorenn.<\/p>\n","protected":false},"excerpt":{"rendered":"Apr\u00e8s l\u2019annonce de la fermeture de la Bobine , suite \u00e0 la liquidation judiciaire, la salle de spectacles&hellip;\n","protected":false},"author":2,"featured_media":167836,"comment_status":"","ping_status":"","sticky":false,"template":"","format":"standard","meta":{"footnotes":""},"categories":[9566],"tags":[1111,11,2430,1687,112,1777,674,1011,27,2731,2732,108,12,25,3140],"class_list":{"0":"post-167835","1":"post","2":"type-post","3":"status-publish","4":"format-standard","5":"has-post-thumbnail","7":"category-grenoble","8":"tag-actu","9":"tag-actualites","10":"tag-auvergne-rhone-alpes","11":"tag-culture-loisirs","12":"tag-edition-grenoble-agglomeration","13":"tag-eu","14":"tag-europe","15":"tag-fr","16":"tag-france","17":"tag-grenoble","18":"tag-grenoble-bassin","19":"tag-isere","20":"tag-news","21":"tag-republique-francaise","22":"tag-spectacle"},"share_on_mastodon":{"url":"https:\/\/pubeurope.com\/@fr\/114664023270618877","error":""},"_links":{"self":[{"href":"https:\/\/www.europesays.com\/fr\/wp-json\/wp\/v2\/posts\/167835","targetHints":{"allow":["GET"]}}],"collection":[{"href":"https:\/\/www.europesays.com\/fr\/wp-json\/wp\/v2\/posts"}],"about":[{"href":"https:\/\/www.europesays.com\/fr\/wp-json\/wp\/v2\/types\/post"}],"author":[{"embeddable":true,"href":"https:\/\/www.europesays.com\/fr\/wp-json\/wp\/v2\/users\/2"}],"replies":[{"embeddable":true,"href":"https:\/\/www.europesays.com\/fr\/wp-json\/wp\/v2\/comments?post=167835"}],"version-history":[{"count":0,"href":"https:\/\/www.europesays.com\/fr\/wp-json\/wp\/v2\/posts\/167835\/revisions"}],"wp:featuredmedia":[{"embeddable":true,"href":"https:\/\/www.europesays.com\/fr\/wp-json\/wp\/v2\/media\/167836"}],"wp:attachment":[{"href":"https:\/\/www.europesays.com\/fr\/wp-json\/wp\/v2\/media?parent=167835"}],"wp:term":[{"taxonomy":"category","embeddable":true,"href":"https:\/\/www.europesays.com\/fr\/wp-json\/wp\/v2\/categories?post=167835"},{"taxonomy":"post_tag","embeddable":true,"href":"https:\/\/www.europesays.com\/fr\/wp-json\/wp\/v2\/tags?post=167835"}],"curies":[{"name":"wp","href":"https:\/\/api.w.org\/{rel}","templated":true}]}}