{"id":167837,"date":"2025-06-11T09:28:09","date_gmt":"2025-06-11T09:28:09","guid":{"rendered":"https:\/\/www.europesays.com\/fr\/167837\/"},"modified":"2025-06-11T09:28:09","modified_gmt":"2025-06-11T09:28:09","slug":"linfluenceur-algerien-condamne-apres-six-mois-de-procedure","status":"publish","type":"post","link":"https:\/\/www.europesays.com\/fr\/167837\/","title":{"rendered":"l&rsquo;influenceur alg\u00e9rien condamn\u00e9 apr\u00e8s six mois de proc\u00e9dure"},"content":{"rendered":"<p>            Par<br \/>\n        <strong><br \/>\n            <a href=\"https:\/\/actu.fr\/auteur\/redaction-grenoble\" title=\"Consulter tous les articles de R\u00e9daction Grenoble\" rel=\"nofollow noopener\" target=\"_blank\">R\u00e9daction Grenoble<\/a><br \/>\n        <\/strong><\/p>\n<p>        Publi\u00e9 le<\/p>\n<p>            11 juin 2025 \u00e0 11h10        <\/p>\n<p>Six mois de rebondissements judiciaires, pour en arriver l\u00e0. L\u2019influenceur alg\u00e9rien de 31 ans Imad Tintin \u2013 Imad Ould Brahim de son vrai nom \u2013 a \u00e9t\u00e9 condamn\u00e9 par le tribunal de <a href=\"https:\/\/actu.fr\/auvergne-rhone-alpes\/grenoble_38185\" rel=\"nofollow noopener\" target=\"_blank\">Grenoble<\/a>, mardi 10 juin, \u00e0 <strong>450 euros d\u2019amende<\/strong> pour la publication d\u2019une vid\u00e9o pol\u00e9mique sur les r\u00e9seaux sociaux, supprim\u00e9e depuis.<\/p>\n<p class=\" wall-content\">Une vid\u00e9o qui lui a valu des poursuites pour \u00ab\u00a0provocation directe \u00e0 un acte de terrorisme\u00a0\u00bb, finalement requalifi\u00e9es en \u00ab\u00a0menaces\u00a0\u00bb par le parquet de Grenoble en mai dernier.<\/p>\n<p>\u00ab\u00a0Le tribunal a fait une exacte application du droit \u00ab\u00a0<\/p>\n<p class=\" wall-content\">En janvier dernier, Imad Ould Brahim est plac\u00e9 en <a href=\"https:\/\/actu.fr\/auvergne-rhone-alpes\/grenoble_38185\/bruler-vif-tuer-et-violer-en-france-l-influenceur-algerien-imad-tintin-finalement-en-prison_62080824.html\" rel=\"nofollow noopener\" target=\"_blank\">d\u00e9tention provisoire<\/a>, soup\u00e7onn\u00e9 d\u2019avoir appel\u00e9 \u00e0 la haine dans des vid\u00e9os publi\u00e9es sur Tiktok, o\u00f9 il aurait appel\u00e9 \u00e0 \u00ab\u00a0br\u00fbler vif, tuer et violer sur le sol fran\u00e7ais\u00a0\u00bb. Des propos qu\u2019il a contest\u00e9s, arguant d\u2019une <strong>erreur de traduction<\/strong>.\u00a0<\/p>\n<p class=\" wall-content\">Alors que l\u2019influenceur encourait initialement 7 ans d\u2019emprisonnement, \u00ab\u00a0les faits ont \u00e9t\u00e9 requalifi\u00e9s en menace de commettre des violences et il a \u00e9t\u00e9 condamn\u00e9 \u00e0 450 euros d\u2019amende\u00a0\u00bb, indique \u00e0 l\u2019AFP Me Alexandre Rouvier, avocat de l\u2019influenceur. \u00ab\u00a0Le tribunal a fait une exacte application du droit dans ce dossier. <strong>Tout cela aurait pu \u00eatre \u00e9vit\u00e9<\/strong> si l\u2019enqu\u00eate avait \u00e9t\u00e9 r\u00e9alis\u00e9e avec s\u00e9rieux.\u00a0\u00bb<\/p>\n<p class=\" wall-content\">Le proc\u00e8s d\u2019Imad Ould Brahim a \u00e9t\u00e9 renvoy\u00e9 \u00e0 deux reprises depuis le d\u00e9but de l\u2019ann\u00e9e, d\u2019abord pour que l\u2019accus\u00e9 pr\u00e9pare sa d\u00e9fense, puis pour r\u00e9aliser une expertise sur la traduction contest\u00e9e des propos tenus dans la vid\u00e9o.<\/p>\n<p>Vid\u00e9os : en ce moment sur ActuTensions diplomatiques avec l\u2019Alg\u00e9rie<\/p>\n<p class=\" wall-content\">L\u2019affaire avait fait l\u2019objet d\u2019un \u00ab\u00a0emballement\u00a0\u00bb m\u00e9diatique avec <a href=\"https:\/\/actu.fr\/societe\/d-ou-viennent-ces-appels-a-la-haine-d-algeriens-contre-la-france-sur-les-reseaux-sociaux_62097907.html\" rel=\"nofollow noopener\" target=\"_blank\">l\u2019interpellation d\u2019autres influenceurs alg\u00e9riens<\/a>, eux aussi accus\u00e9s d\u2019avoir mis en ligne des contenus haineux envers la France.<\/p>\n<p class=\" wall-content\">La d\u00e9fense d\u2019Imad Tintin a d\u2019ailleurs plaid\u00e9 la relaxe pure et simple du trentenaire, d\u00e9non\u00e7ant <strong>la tournure \u00ab\u00a0politique\u00a0\u00bb prise par le dossier<\/strong>. En rappelant, notamment, que le ministre de l\u2019Int\u00e9rieur, Bruno Retailleau, a qualifi\u00e9 les propos d\u2019Imad Tintin \u00ab\u00a0d\u2019ignobles\u00a0\u00bb.<\/p>\n<p class=\" wall-content\">Cette affaire est aussi survenue en pleine crise diplomatique entre la France et l\u2019Alg\u00e9rie, une crise sans pr\u00e9c\u00e9dent marqu\u00e9e par des <a href=\"https:\/\/actu.fr\/societe\/tensions-avec-l-algerie-la-france-va-envoyer-une-soixantaine-de-noms-d-algeriens-a-expulser_62377788.html\" rel=\"nofollow noopener\" target=\"_blank\">expulsions de fonctionnaires<\/a> de part et d\u2019autre, le rappel des ambassadeurs des deux pays et des restrictions sur les porteurs de visas diplomatiques.<\/p>\n<p class=\" wall-content\"><strong>Avec AFP<\/strong><\/p>\n<p class=\" wall-content\">Suivez toute l\u2019actualit\u00e9 de vos villes et m\u00e9dias favoris en vous inscrivant \u00e0 <a href=\"https:\/\/moncompte.actu.fr\" title=\"D\u00e9couvez Mon Actu\" rel=\"nofollow noopener\" data-trk=\"{&quot;cta&quot;:{&quot;action&quot;:&quot;https:\\\/\\\/moncompte.actu.fr&quot;,&quot;category&quot;:&quot;mon compte&quot;,&quot;from&quot;:&quot;article footer&quot;,&quot;name&quot;:&quot;Mon actu&quot;,&quot;type&quot;:&quot;cta&quot;}}\" target=\"_blank\">Mon Actu<\/a>.<\/p>\n","protected":false},"excerpt":{"rendered":"Par R\u00e9daction Grenoble Publi\u00e9 le 11 juin 2025 \u00e0 11h10 Six mois de rebondissements judiciaires, pour en arriver&hellip;\n","protected":false},"author":2,"featured_media":167838,"comment_status":"","ping_status":"","sticky":false,"template":"","format":"standard","meta":{"footnotes":""},"categories":[9566],"tags":[1111,11,2430,1777,674,1011,27,2731,303,12,25,104],"class_list":{"0":"post-167837","1":"post","2":"type-post","3":"status-publish","4":"format-standard","5":"has-post-thumbnail","7":"category-grenoble","8":"tag-actu","9":"tag-actualites","10":"tag-auvergne-rhone-alpes","11":"tag-eu","12":"tag-europe","13":"tag-fr","14":"tag-france","15":"tag-grenoble","16":"tag-justice","17":"tag-news","18":"tag-republique-francaise","19":"tag-societe"},"share_on_mastodon":{"url":"https:\/\/pubeurope.com\/@fr\/114664027281750275","error":""},"_links":{"self":[{"href":"https:\/\/www.europesays.com\/fr\/wp-json\/wp\/v2\/posts\/167837","targetHints":{"allow":["GET"]}}],"collection":[{"href":"https:\/\/www.europesays.com\/fr\/wp-json\/wp\/v2\/posts"}],"about":[{"href":"https:\/\/www.europesays.com\/fr\/wp-json\/wp\/v2\/types\/post"}],"author":[{"embeddable":true,"href":"https:\/\/www.europesays.com\/fr\/wp-json\/wp\/v2\/users\/2"}],"replies":[{"embeddable":true,"href":"https:\/\/www.europesays.com\/fr\/wp-json\/wp\/v2\/comments?post=167837"}],"version-history":[{"count":0,"href":"https:\/\/www.europesays.com\/fr\/wp-json\/wp\/v2\/posts\/167837\/revisions"}],"wp:featuredmedia":[{"embeddable":true,"href":"https:\/\/www.europesays.com\/fr\/wp-json\/wp\/v2\/media\/167838"}],"wp:attachment":[{"href":"https:\/\/www.europesays.com\/fr\/wp-json\/wp\/v2\/media?parent=167837"}],"wp:term":[{"taxonomy":"category","embeddable":true,"href":"https:\/\/www.europesays.com\/fr\/wp-json\/wp\/v2\/categories?post=167837"},{"taxonomy":"post_tag","embeddable":true,"href":"https:\/\/www.europesays.com\/fr\/wp-json\/wp\/v2\/tags?post=167837"}],"curies":[{"name":"wp","href":"https:\/\/api.w.org\/{rel}","templated":true}]}}