{"id":167843,"date":"2025-06-11T09:31:27","date_gmt":"2025-06-11T09:31:27","guid":{"rendered":"https:\/\/www.europesays.com\/fr\/167843\/"},"modified":"2025-06-11T09:31:27","modified_gmt":"2025-06-11T09:31:27","slug":"apres-5-ans-de-fermeture-le-bar-a-cocktails-la-cabane-a-reouvert","status":"publish","type":"post","link":"https:\/\/www.europesays.com\/fr\/167843\/","title":{"rendered":"apr\u00e8s 5 ans de fermeture, le bar \u00e0 cocktails La Cabane a r\u00e9ouvert"},"content":{"rendered":"<p><strong>Apr\u00e8s 5 ann\u00e9es de fermeture forc\u00e9e, l\u2019un des bars les plus sexy de la ville vient de reprendre vie, et son nom vous dit probablement quelque chose. On vous emm\u00e8ne avec enthousiasme rue du Tonnelet-Rouge, dans un caveau en forme de bar \u00e0 cocktails que l\u2019on appelle La Cabane. Attention, il est possible que ce petit bout de Strasbourg d\u00e9bloque quelques souvenirs chez les noctambules de la premi\u00e8re heure.<\/strong><\/p>\n<p>C\u2019est l\u2019une des bonnes nouvelles de cette ann\u00e9e <strong>dans l\u2019univers assez fig\u00e9 du monde de la nuit strasbourgeoise<\/strong>. Apr\u00e8s 5 longues ann\u00e9es de fermeture,<strong> caus\u00e9es par une infiltration d\u2019eau<\/strong> qui a fait trembler tout l\u2019immeuble, <strong>La Cabane a r\u00e9ouvert.<\/strong><\/p>\n<p>Install\u00e9e au milieu d\u2019une ruelle au c\u0153ur du vieux Strasbourg, plus passante que vivante,<strong> la lourde porte de ce myst\u00e9rieux bar est d\u00e9sormais d\u00e9bloqu\u00e9e.<\/strong><\/p>\n<p>                <img width=\"375\" height=\"500\" src=\"https:\/\/www.europesays.com\/fr\/wp-content\/uploads\/2025\/06\/reouverture-la-cabane-bar-a-cocktails-caveau-img-0045-2-375x500.jpeg\" class=\"attachment-gallery size-gallery\" alt=\"R\u00e9ouverture la cabane bar \u00e0 cocktails caveau IMG_0045 2\" data-full-url=\"https:\/\/pokaa.fr\/wp-content\/uploads\/2025\/06\/10\/reouverture-la-cabane-bar-a-cocktails-caveau-img-0045-2.jpeg\" decoding=\"async\" loading=\"lazy\"  \/>            <\/p>\n<p>                <img width=\"375\" height=\"500\" src=\"https:\/\/www.europesays.com\/fr\/wp-content\/uploads\/2025\/06\/reouverture-la-cabane-bar-a-cocktails-caveau-img-0042-375x500.jpeg\" class=\"attachment-gallery size-gallery\" alt=\"R\u00e9ouverture la cabane bar \u00e0 cocktails caveau IMG_0042\" data-full-url=\"https:\/\/pokaa.fr\/wp-content\/uploads\/2025\/06\/10\/reouverture-la-cabane-bar-a-cocktails-caveau-img-0042.jpeg\" decoding=\"async\" loading=\"lazy\"  \/>            <\/p>\n<p>                <img width=\"375\" height=\"500\" src=\"https:\/\/www.europesays.com\/fr\/wp-content\/uploads\/2025\/06\/reouverture-la-cabane-bar-a-cocktails-caveau-img-0008-375x500.jpeg\" class=\"attachment-gallery size-gallery\" alt=\"R\u00e9ouverture la cabane bar \u00e0 cocktails caveau IMG_0008\" data-full-url=\"https:\/\/pokaa.fr\/wp-content\/uploads\/2025\/06\/10\/reouverture-la-cabane-bar-a-cocktails-caveau-img-0008.jpeg\" decoding=\"async\" loading=\"lazy\"  \/>            <\/p>\n<p>                <img width=\"667\" height=\"500\" src=\"https:\/\/www.europesays.com\/fr\/wp-content\/uploads\/2025\/06\/reouverture-la-cabane-bar-a-cocktails-caveau-img-0012-4-667x500.jpeg\" class=\"attachment-gallery size-gallery\" alt=\"R\u00e9ouverture la cabane bar \u00e0 cocktails caveau IMG_0012 4\" data-full-url=\"https:\/\/pokaa.fr\/wp-content\/uploads\/2025\/06\/10\/reouverture-la-cabane-bar-a-cocktails-caveau-img-0012-4.jpeg\" decoding=\"async\" loading=\"lazy\"  \/>            <\/p>\n<p>                    \u00a9 Bastien Pietronave \/ Pokaa<\/p>\n<p>Apr\u00e8s un coup de sonnette pour annoncer son arriv\u00e9e \u00e0 l\u2019entr\u00e9e,<strong> on se dirige au sous-sol<\/strong>, dans un lieu<strong> \u00e0 la fois confidentiel et dans son jus<\/strong>, brut et juste assez sauvage pour y passer des instants dont on se souviendra.<\/p>\n<p>Descendons ensemble dans le caveau trop longtemps rest\u00e9 silencieux d\u2019<strong>un lieu fait pour vivre et s\u2019animer dans la moiteur de la nuit.<\/strong><\/p>\n<p>                <img width=\"375\" height=\"500\" src=\"https:\/\/www.europesays.com\/fr\/wp-content\/uploads\/2025\/06\/reouverture-la-cabane-bar-a-cocktails-caveau-img-0007-3-375x500.jpeg\" class=\"attachment-gallery size-gallery\" alt=\"R\u00e9ouverture la cabane bar \u00e0 cocktails caveau IMG_0007 3\" data-full-url=\"https:\/\/pokaa.fr\/wp-content\/uploads\/2025\/06\/10\/reouverture-la-cabane-bar-a-cocktails-caveau-img-0007-3.jpeg\" decoding=\"async\" loading=\"lazy\"  \/>            <\/p>\n<p>                <img width=\"667\" height=\"500\" src=\"https:\/\/www.europesays.com\/fr\/wp-content\/uploads\/2025\/06\/reouverture-la-cabane-bar-a-cocktails-caveau-img-0003-667x500.jpeg\" class=\"attachment-gallery size-gallery\" alt=\"R\u00e9ouverture la cabane bar \u00e0 cocktails caveau IMG_0003\" data-full-url=\"https:\/\/pokaa.fr\/wp-content\/uploads\/2025\/06\/10\/reouverture-la-cabane-bar-a-cocktails-caveau-img-0003.jpeg\" decoding=\"async\" loading=\"lazy\"  \/>            <\/p>\n<p>                    \u00a9 Bastien Pietronave \/ Pokaa<\/p>\n<p>Une ambiance, un style et un cachet : La Cabane est ENFIN de retour <\/p>\n<p>La Cabane fait partie de <strong>ces lieux atypiques qui ont cr\u00e9\u00e9 un affect chez les Strasbourgeois(es)<\/strong>\u00a0dans un pass\u00e9 pas si lointain.<\/p>\n<p>Avec ses 70 m2 <strong>enti\u00e8rement en sous-sol<\/strong>, son c\u00f4t\u00e9 \u00ab secret \u00bb <strong>\u00e0 la fois verdoyant et brut de d\u00e9coffrage<\/strong>, on se l\u2019approprie facilement, et nombreux\/ses sont celles et ceux qui, avant 2020,<strong> en avait fait leur repaire.<\/strong><\/p>\n<p>Du bois, de la pierre, un l\u00e9ger habillage verdoyant, un long comptoir derri\u00e8re lequel tout se passe, <strong>c\u2019est \u00e0 la fois un lieu simple et singulier.<\/strong><\/p>\n<p>                <img width=\"375\" height=\"500\" src=\"https:\/\/www.europesays.com\/fr\/wp-content\/uploads\/2025\/06\/reouverture-la-cabane-bar-a-cocktails-caveau-img-0062-375x500.jpeg\" class=\"attachment-gallery size-gallery\" alt=\"R\u00e9ouverture la cabane bar \u00e0 cocktails caveau IMG_0062\" data-full-url=\"https:\/\/pokaa.fr\/wp-content\/uploads\/2025\/06\/10\/reouverture-la-cabane-bar-a-cocktails-caveau-img-0062.jpeg\" decoding=\"async\" loading=\"lazy\"  \/>            <\/p>\n<p>                <img width=\"375\" height=\"500\" src=\"https:\/\/www.europesays.com\/fr\/wp-content\/uploads\/2025\/06\/reouverture-la-cabane-bar-a-cocktails-caveau-img-9993-375x500.jpeg\" class=\"attachment-gallery size-gallery\" alt=\"R\u00e9ouverture la cabane bar \u00e0 cocktails caveau IMG_9993\" data-full-url=\"https:\/\/pokaa.fr\/wp-content\/uploads\/2025\/06\/10\/reouverture-la-cabane-bar-a-cocktails-caveau-img-9993.jpeg\" decoding=\"async\" loading=\"lazy\"  \/>            <\/p>\n<p>                <img width=\"375\" height=\"500\" src=\"https:\/\/www.europesays.com\/fr\/wp-content\/uploads\/2025\/06\/reouverture-la-cabane-bar-a-cocktails-caveau-img-0016-375x500.jpeg\" class=\"attachment-gallery size-gallery\" alt=\"R\u00e9ouverture la cabane bar \u00e0 cocktails caveau IMG_0016\" data-full-url=\"https:\/\/pokaa.fr\/wp-content\/uploads\/2025\/06\/10\/reouverture-la-cabane-bar-a-cocktails-caveau-img-0016.jpeg\" decoding=\"async\" loading=\"lazy\"  \/>            <\/p>\n<p>                    \u00a9 Bastien Pietronave \/ Pokaa<\/p>\n<p>Bref, que vous connaissiez ou non La Cabane avant de nous lire aujourd\u2019hui, <strong>le d\u00e9cor est pos\u00e9<\/strong>. Maintenant, on vous parle de ce que vous pourrez y boire, et<strong> des deux potes chauds comme une loco <\/strong>que l\u2019on retrouve derri\u00e8re le bar.<\/p>\n<p>                <img width=\"667\" height=\"500\" src=\"https:\/\/www.europesays.com\/fr\/wp-content\/uploads\/2025\/06\/reouverture-la-cabane-bar-a-cocktails-caveau-img-0065-667x500.jpeg\" class=\"attachment-gallery size-gallery\" alt=\"R\u00e9ouverture la cabane bar \u00e0 cocktails caveau IMG_0065\" data-full-url=\"https:\/\/pokaa.fr\/wp-content\/uploads\/2025\/06\/10\/reouverture-la-cabane-bar-a-cocktails-caveau-img-0065.jpeg\" decoding=\"async\" loading=\"lazy\"  \/>            <\/p>\n<p>                <img width=\"375\" height=\"500\" src=\"https:\/\/www.europesays.com\/fr\/wp-content\/uploads\/2025\/06\/reouverture-la-cabane-bar-a-cocktails-caveau-img-0078-375x500.jpeg\" class=\"attachment-gallery size-gallery\" alt=\"R\u00e9ouverture la cabane bar \u00e0 cocktails caveau IMG_0078\" data-full-url=\"https:\/\/pokaa.fr\/wp-content\/uploads\/2025\/06\/10\/reouverture-la-cabane-bar-a-cocktails-caveau-img-0078.jpeg\" decoding=\"async\" loading=\"lazy\"  \/>            <\/p>\n<p>                    \u00a9 Bastien Pietronave \/ Pokaa<\/p>\n<p>Une carte de cocktails pouss\u00e9e entre classiques et cr\u00e9ations <\/p>\n<p>\u00c0 La Cabane,<strong> entre 21h et 4h du matin<\/strong>, on peut venir s\u2019envoyer une bi\u00e8re pression, mais on viendra <strong>aussi et surtout pour la carte des cocktails qui est propos\u00e9e.<\/strong><\/p>\n<p>Fred et Victor,<strong> les deux visages derri\u00e8re La Cabane<\/strong>, ont en effet transform\u00e9 ce bar en v\u00e9ritable <strong>bar \u00e0 cocktails un peu chiad\u00e9s<\/strong>. Tous les deux ont d\u00e9velopp\u00e9 <strong>une carte de cocktails en deux parties<\/strong>. L\u2019une est <strong>faite pour surprendre nos papilles<\/strong>, et l\u2019autre est plus <strong>rassurante.<\/strong><\/p>\n<p>                <img width=\"375\" height=\"500\" src=\"https:\/\/www.europesays.com\/fr\/wp-content\/uploads\/2025\/06\/reouverture-la-cabane-bar-a-cocktails-caveau-img-0071-375x500.jpeg\" class=\"attachment-gallery size-gallery\" alt=\"R\u00e9ouverture la cabane bar \u00e0 cocktails caveau IMG_0071\" data-full-url=\"https:\/\/pokaa.fr\/wp-content\/uploads\/2025\/06\/10\/reouverture-la-cabane-bar-a-cocktails-caveau-img-0071.jpeg\" decoding=\"async\" loading=\"lazy\"  \/>            <\/p>\n<p>                <img width=\"667\" height=\"500\" src=\"https:\/\/www.europesays.com\/fr\/wp-content\/uploads\/2025\/06\/reouverture-la-cabane-bar-a-cocktails-caveau-img-0028-667x500.jpeg\" class=\"attachment-gallery size-gallery\" alt=\"R\u00e9ouverture la cabane bar \u00e0 cocktails caveau IMG_0028\" data-full-url=\"https:\/\/pokaa.fr\/wp-content\/uploads\/2025\/06\/10\/reouverture-la-cabane-bar-a-cocktails-caveau-img-0028.jpeg\" decoding=\"async\" loading=\"lazy\"  \/>            <\/p>\n<p>                    \u00a9 Bastien Pietronave \/ Pokaa<\/p>\n<p>\u00ab\u00a0On a eu l\u2019id\u00e9e de cr\u00e9er des cartes qui \u00e9volueront au fil de l\u2019ann\u00e9e <strong>sur des th\u00e8mes sp\u00e9cifiques<\/strong>. En ce moment, on propose <strong>6 cr\u00e9ations qui explorent le monde de la p\u00e2tisserie<\/strong>. On a beaucoup boss\u00e9 et essay\u00e9 plusieurs techniques pour proposer <strong>de vraies p\u00e2tisseries \u00e0 boire<\/strong>, et c\u2019est un th\u00e8me parmi d\u2019autres. On bosse d\u00e9j\u00e0 sur une nouvelle carte qui arrivera bient\u00f4t, plus v\u00e9g\u00e9tale, <strong>autour du potager et du jardin,<\/strong> c\u2019est parfait pour l\u2019\u00e9t\u00e9 \u00bb, nous explique Fred <strong>avec l\u2019enthousiasme d\u2019une veille de No\u00ebl.<\/strong><\/p>\n<p>Cocktails <strong>comme un tiramisu,<\/strong>\u00a0<strong>une poire Belle-H\u00e9l\u00e8ne<\/strong>, un clafoutis, une tarte au citron ou un pudding pistache, il y a du boulot, et vous savez quoi, <strong>\u00e7a fonctionne vraiment tr\u00e8s bien.\u00a0<\/strong><\/p>\n<p>                <img width=\"375\" height=\"500\" src=\"https:\/\/www.europesays.com\/fr\/wp-content\/uploads\/2025\/06\/reouverture-la-cabane-bar-a-cocktails-caveau-img-0001-375x500.jpeg\" class=\"attachment-gallery size-gallery\" alt=\"R\u00e9ouverture la cabane bar \u00e0 cocktails caveau IMG_0001\" data-full-url=\"https:\/\/pokaa.fr\/wp-content\/uploads\/2025\/06\/10\/reouverture-la-cabane-bar-a-cocktails-caveau-img-0001.jpeg\" decoding=\"async\" loading=\"lazy\"  \/>            <\/p>\n<p>                <img width=\"375\" height=\"500\" src=\"https:\/\/www.europesays.com\/fr\/wp-content\/uploads\/2025\/06\/reouverture-la-cabane-bar-a-cocktails-caveau-img-0004-2-375x500.jpeg\" class=\"attachment-gallery size-gallery\" alt=\"R\u00e9ouverture la cabane bar \u00e0 cocktails caveau IMG_0004 2\" data-full-url=\"https:\/\/pokaa.fr\/wp-content\/uploads\/2025\/06\/10\/reouverture-la-cabane-bar-a-cocktails-caveau-img-0004-2.jpeg\" decoding=\"async\" loading=\"lazy\"  \/>            <\/p>\n<p>                <img width=\"375\" height=\"500\" src=\"https:\/\/www.europesays.com\/fr\/wp-content\/uploads\/2025\/06\/reouverture-la-cabane-bar-a-cocktails-caveau-img-9998-375x500.jpeg\" class=\"attachment-gallery size-gallery\" alt=\"R\u00e9ouverture la cabane bar \u00e0 cocktails caveau IMG_9998\" data-full-url=\"https:\/\/pokaa.fr\/wp-content\/uploads\/2025\/06\/10\/reouverture-la-cabane-bar-a-cocktails-caveau-img-9998.jpeg\" decoding=\"async\" loading=\"lazy\"  \/>            <\/p>\n<p>                    \u00a9 Bastien Pietronave \/ Pokaa<\/p>\n<p>Bien s\u00fbr, <strong>une carte de cocktails plus conventionnelle<\/strong> est aussi propos\u00e9e, et si les Moscow Mule, Pina Colada, Long Island et autres Bloody Mary ne sont pas \u00e0 vos go\u00fbts, <strong>l\u2019\u00e9quipe pourra en imaginer d\u2019autres devant vous.<\/strong><\/p>\n<p>Un lieu qui \u00e9volue et s\u2019encanaille au fil de la nuit <\/p>\n<p>Avec ses horaires \u00e9tendues, <strong>La Cabane fait son retour dans la pas si grande famille des \u00ab\u00a0bars de nuit\u00a0\u00bb<\/strong> strasbourgeois,<strong> ces \u00e9tablissements ouverts jusqu\u2019\u00e0 4h du matin<\/strong>, semaine comprise.<\/p>\n<p>\u00c9videmment, Victor et Fred ont pens\u00e9 \u00e0<strong> 2-3 astuces pour ajouter du piment aux soir\u00e9es<\/strong>. DJ sets, lives \u00e9lectroniques, il va s\u2019en passer (et il s\u2019en passe d\u00e9j\u00e0) des choses dans ce caveau, <strong>les \u00e9v\u00e9nements faisant partie int\u00e9grante du projet Cabane 2.0.<\/strong><\/p>\n<p>Aussi, et c\u2019est rare dans ce genre de lieu,<strong> un happy hour tardif est propos\u00e9 de 21h \u00e0 23h chaque soir d\u2019ouverture.<\/strong><\/p>\n<p>                <img width=\"667\" height=\"500\" src=\"https:\/\/www.europesays.com\/fr\/wp-content\/uploads\/2025\/06\/reouverture-la-cabane-bar-a-cocktails-caveau-img-0049-667x500.jpeg\" class=\"attachment-gallery size-gallery\" alt=\"R\u00e9ouverture la cabane bar \u00e0 cocktails caveau IMG_0049\" data-full-url=\"https:\/\/pokaa.fr\/wp-content\/uploads\/2025\/06\/10\/reouverture-la-cabane-bar-a-cocktails-caveau-img-0049.jpeg\" decoding=\"async\" loading=\"lazy\"  \/>            <\/p>\n<p>                <img width=\"667\" height=\"500\" src=\"https:\/\/www.europesays.com\/fr\/wp-content\/uploads\/2025\/06\/reouverture-la-cabane-bar-a-cocktails-caveau-img-9995-2-667x500.jpeg\" class=\"attachment-gallery size-gallery\" alt=\"R\u00e9ouverture la cabane bar \u00e0 cocktails caveau IMG_9995 2\" data-full-url=\"https:\/\/pokaa.fr\/wp-content\/uploads\/2025\/06\/10\/reouverture-la-cabane-bar-a-cocktails-caveau-img-9995-2.jpeg\" decoding=\"async\" loading=\"lazy\"  \/>            <\/p>\n<p>                <img width=\"375\" height=\"500\" src=\"https:\/\/www.europesays.com\/fr\/wp-content\/uploads\/2025\/06\/reouverture-la-cabane-bar-a-cocktails-caveau-img-0032-375x500.jpeg\" class=\"attachment-gallery size-gallery\" alt=\"R\u00e9ouverture la cabane bar \u00e0 cocktails caveau IMG_0032\" data-full-url=\"https:\/\/pokaa.fr\/wp-content\/uploads\/2025\/06\/10\/reouverture-la-cabane-bar-a-cocktails-caveau-img-0032.jpeg\" decoding=\"async\" loading=\"lazy\"  \/>            <\/p>\n<p>                    \u00a9 Bastien Pietronave \/ Pokaa<\/p>\n<p style=\"text-align: left;\">Vous l\u2019avez compris, <strong>le retour pour le moins inattendu de cette bonne vieille Cabane<\/strong> nous r\u00e9jouit. Comme vous, peut-\u00eatre, <strong>on y a pass\u00e9 de tr\u00e8s belles soir\u00e9es<\/strong>, souvent en totale impro, alors c\u2019est bon de <strong>la voir revenir dans son jus<\/strong>,<strong> en toute ind\u00e9pendance<\/strong> et sans concept farfelu.<\/p>\n<p><strong>\u00c0 bient\u00f4t dans le caveau !<\/strong><\/p>\n<p>    <img width=\"800\" height=\"600\" src=\"https:\/\/www.europesays.com\/fr\/wp-content\/uploads\/2025\/06\/reouverture-la-cabane-bar-a-cocktails-caveau-img-0027-3-800x600.jpeg\" class=\"attachment-image-size-L size-image-size-L\" alt=\"R\u00e9ouverture la cabane bar \u00e0 cocktails caveau IMG_0027 3\" decoding=\"async\" loading=\"lazy\"  \/>         \u00a9 Bastien Pietronave \/ Pokaa <\/p>\n<p>Les petits et gros +<\/p>\n<ul>\n<li><strong>C\u2019est un lieu presque oubli\u00e9 qui refait surface des ann\u00e9es apr\u00e8s, et c\u2019est assez rare pour le souligner.<\/strong><\/li>\n<li><strong>On a pu go\u00fbter \u00e0 trois cocktails p\u00e2tissiers, et c\u2019est vraiment tr\u00e8s r\u00e9ussi (surtout le tiramisu).<\/strong><\/li>\n<li>L\u2019happy hour fait plaisir.<\/li>\n<li>On peut privatiser une partie ou la totalit\u00e9 du bar, avec des prestations \u00e0 la carte (food, DJ, cocktails sp\u00e9ciaux).<\/li>\n<li><strong>C\u2019est vraiment un lieu de f\u00eate, et c\u2019est toujours sympa dans une ville comme Strasbourg.<\/strong><\/li>\n<li><strong>C\u2019est un spot qui pla\u00eet \u00e0 des personnes d\u2019horizon tr\u00e8s diff\u00e9rents, elles se m\u00e9langent et c\u2019est tant mieux.<\/strong><\/li>\n<li>Un coin fumeur, \u00e0 priori bien ventil\u00e9, est propos\u00e9 \u00e0 l\u2019int\u00e9rieur. Interdiction de fumer sa clope dehors, les voisin(e)s dorment !<\/li>\n<\/ul>\n<p>            La Cabane <\/p>\n<p>            Quoi ?<br \/>\n            Bar \u00e0 cocktails \/ bar de nuit         <\/p>\n<p>            o\u00f9 ?<br \/>\n            6 rue du Tonnelet-Rouge, \u00e0 Strasbourg         <\/p>\n<p>                Plus d&rsquo;infos ?<\/p>\n<p><strong><a href=\"https:\/\/www.google.com\/url?sa=t&amp;source=web&amp;rct=j&amp;opi=89978449&amp;url=https:\/\/www.instagram.com\/lacabanestrasbourg\/%3Fhl%3Dfr&amp;ved=2ahUKEwjHpJrv8uaNAxXjVKQEHbQNL8EQFnoECEQQAQ&amp;usg=AOvVaw176hyJFfxqbMKQEaY8e3tF\" target=\"_blank\" rel=\"noopener\">La page Instagram<\/a><br \/><\/strong><strong><a href=\"https:\/\/www.google.com\/url?sa=t&amp;source=web&amp;rct=j&amp;opi=89978449&amp;url=https:\/\/www.facebook.com\/lacabanestrasbourg\/%3Flocale%3Dfr_FR&amp;ved=2ahUKEwi5keyW8-aNAxVtAvsDHZ3XAfkQFnoECEUQAQ&amp;usg=AOvVaw1CXjODiQuOcRtC2roaMvWs\" target=\"_blank\" rel=\"noopener\">La page Facebook\u00a0<\/a><\/strong><\/p>\n<p><script async src=\"\/\/www.instagram.com\/embed.js\"><\/script><\/p>\n","protected":false},"excerpt":{"rendered":"Apr\u00e8s 5 ann\u00e9es de fermeture forc\u00e9e, l\u2019un des bars les plus sexy de la ville vient de reprendre&hellip;\n","protected":false},"author":2,"featured_media":167844,"comment_status":"","ping_status":"","sticky":false,"template":"","format":"standard","meta":{"footnotes":""},"categories":[2820],"tags":[1111,11,9732,6844,1777,674,1011,27,775,30122,12,25,640],"class_list":{"0":"post-167843","1":"post","2":"type-post","3":"status-publish","4":"format-standard","5":"has-post-thumbnail","7":"category-strasbourg","8":"tag-actu","9":"tag-actualites","10":"tag-bar","11":"tag-cocktails","12":"tag-eu","13":"tag-europe","14":"tag-fr","15":"tag-france","16":"tag-grand-est","17":"tag-la-cabane","18":"tag-news","19":"tag-republique-francaise","20":"tag-strasbourg"},"share_on_mastodon":{"url":"https:\/\/pubeurope.com\/@fr\/114664039666910571","error":""},"_links":{"self":[{"href":"https:\/\/www.europesays.com\/fr\/wp-json\/wp\/v2\/posts\/167843","targetHints":{"allow":["GET"]}}],"collection":[{"href":"https:\/\/www.europesays.com\/fr\/wp-json\/wp\/v2\/posts"}],"about":[{"href":"https:\/\/www.europesays.com\/fr\/wp-json\/wp\/v2\/types\/post"}],"author":[{"embeddable":true,"href":"https:\/\/www.europesays.com\/fr\/wp-json\/wp\/v2\/users\/2"}],"replies":[{"embeddable":true,"href":"https:\/\/www.europesays.com\/fr\/wp-json\/wp\/v2\/comments?post=167843"}],"version-history":[{"count":0,"href":"https:\/\/www.europesays.com\/fr\/wp-json\/wp\/v2\/posts\/167843\/revisions"}],"wp:featuredmedia":[{"embeddable":true,"href":"https:\/\/www.europesays.com\/fr\/wp-json\/wp\/v2\/media\/167844"}],"wp:attachment":[{"href":"https:\/\/www.europesays.com\/fr\/wp-json\/wp\/v2\/media?parent=167843"}],"wp:term":[{"taxonomy":"category","embeddable":true,"href":"https:\/\/www.europesays.com\/fr\/wp-json\/wp\/v2\/categories?post=167843"},{"taxonomy":"post_tag","embeddable":true,"href":"https:\/\/www.europesays.com\/fr\/wp-json\/wp\/v2\/tags?post=167843"}],"curies":[{"name":"wp","href":"https:\/\/api.w.org\/{rel}","templated":true}]}}