{"id":167847,"date":"2025-06-11T09:33:09","date_gmt":"2025-06-11T09:33:09","guid":{"rendered":"https:\/\/www.europesays.com\/fr\/167847\/"},"modified":"2025-06-11T09:33:09","modified_gmt":"2025-06-11T09:33:09","slug":"comment-muselier-et-estrosi-ont-mise-sur-la-vague-ecolo","status":"publish","type":"post","link":"https:\/\/www.europesays.com\/fr\/167847\/","title":{"rendered":"comment Muselier et Estrosi ont mis\u00e9 sur la vague \u00e9colo"},"content":{"rendered":"<p>C\u00f4te \u00e0 c\u00f4te ce lundi 9 juin \u00e0 la tribune du sommet des Nations unies sur les oc\u00e9ans \u00e0 Nice <strong>Renaud Muselier et Christian Estrosi \u00e9coutent Emmanuel <a href=\"https:\/\/www.laprovence.com\/article\/ecoplanete\/39424562369809\/sommet-de-lonu-sur-les-oceans-les-grands-fonds-ne-peuvent-pas-devenir-un-far-west-alerte-emmanuel-macron\" target=\"_blank\" rel=\"noopener\">Macron<\/a><\/strong> ouvrir la conf\u00e9rence, le laissent s\u2019indigner contre l\u2019exploitation des grands fonds marins ou la p\u00eache ill\u00e9gale. Ils approuvent Rodrigo Chaves Robles, le pr\u00e9sident du Costa Rica, co-organisateur de l\u2019\u00e9v\u00e9nement, lorsqu\u2019il explique que \u00ab\u00a0l\u2019oc\u00e9an nous parle, avec ses temp\u00eates, ses mangroves bless\u00e9es, ses <a href=\"https:\/\/www.laprovence.com\/article\/france-monde\/62166887816202\/en-australie-des-gametes-cryogenisees-pour-sauver-la-grande-barriere-de-corail\" target=\"_blank\" rel=\"noopener\">coraux<\/a> qui blanchissent. Il nous nourrit et garantit notre survie, nous avons l\u2019obligation morale d\u2019agir\u00a0\u00bb. Puis applaudissent le secr\u00e9taire g\u00e9n\u00e9ral de l\u2019ONU, Antonio Guterres lorsqu\u2019il s\u2019inqui\u00e8te pour \u00ab\u00a0ce bien commun que nous en train de piller\u00a0\u00bb.<\/p>\n<p>Lorsqu\u2019ils prennent le micro devant l\u2019assembl\u00e9e, dans le port de Nice transform\u00e9 en h\u00f4pital de campagne plan\u00e9taire pour les mers et les oc\u00e9ans, <a href=\"https:\/\/www.laprovence.com\/article\/politique\/1065787342351214\/jeux-d-hiver-2030-renaud-muselier-champion-de-l-ecoblanchiment-pour-eelv-paca\" target=\"_blank\" rel=\"noopener\">le pr\u00e9sident de la R\u00e9gion Provence-Alpes-C\u00f4te d\u2019Azur<\/a> et le maire de Nice n\u2019ont pas besoin de s\u2019accorder. Derri\u00e8re le ton parfois grave, il y a le sentiment d\u2019avoir r\u00e9ussi un petit exploit. \u00ab\u00a0On a fait de cette r\u00e9gion et de Nice une place onusienne, sourit Renaud Muselier. On est au centre de tout et ce n\u2019est pas par hasard. Lorsque la R\u00e9gion s\u2019est jumel\u00e9e avec le Costa Rica en\u00a02019 pour ces questions environnementales, certains nous riaient au nez. On en voit les fruits aujourd\u2019hui.\u00a0\u00bb<\/p>\n","protected":false},"excerpt":{"rendered":"C\u00f4te \u00e0 c\u00f4te ce lundi 9 juin \u00e0 la tribune du sommet des Nations unies sur les oc\u00e9ans&hellip;\n","protected":false},"author":2,"featured_media":167848,"comment_status":"","ping_status":"","sticky":false,"template":"","format":"standard","meta":{"footnotes":""},"categories":[2819],"tags":[17,1111,11,20,436,30123,1777,674,1011,27,29204,22548,12,2401,2537,882,25,2764,3356],"class_list":{"0":"post-167847","1":"post","2":"type-post","3":"status-publish","4":"format-standard","5":"has-post-thumbnail","7":"category-nice","8":"tag-17","9":"tag-actu","10":"tag-actualites","11":"tag-comment","12":"tag-environnement","13":"tag-estrosi","14":"tag-eu","15":"tag-europe","16":"tag-fr","17":"tag-france","18":"tag-locean","19":"tag-muselier","20":"tag-news","21":"tag-nice","22":"tag-ont","23":"tag-provence-alpes-cote-dazur","24":"tag-republique-francaise","25":"tag-sommet","26":"tag-sur"},"share_on_mastodon":{"url":"https:\/\/pubeurope.com\/@fr\/114664046845366612","error":""},"_links":{"self":[{"href":"https:\/\/www.europesays.com\/fr\/wp-json\/wp\/v2\/posts\/167847","targetHints":{"allow":["GET"]}}],"collection":[{"href":"https:\/\/www.europesays.com\/fr\/wp-json\/wp\/v2\/posts"}],"about":[{"href":"https:\/\/www.europesays.com\/fr\/wp-json\/wp\/v2\/types\/post"}],"author":[{"embeddable":true,"href":"https:\/\/www.europesays.com\/fr\/wp-json\/wp\/v2\/users\/2"}],"replies":[{"embeddable":true,"href":"https:\/\/www.europesays.com\/fr\/wp-json\/wp\/v2\/comments?post=167847"}],"version-history":[{"count":0,"href":"https:\/\/www.europesays.com\/fr\/wp-json\/wp\/v2\/posts\/167847\/revisions"}],"wp:featuredmedia":[{"embeddable":true,"href":"https:\/\/www.europesays.com\/fr\/wp-json\/wp\/v2\/media\/167848"}],"wp:attachment":[{"href":"https:\/\/www.europesays.com\/fr\/wp-json\/wp\/v2\/media?parent=167847"}],"wp:term":[{"taxonomy":"category","embeddable":true,"href":"https:\/\/www.europesays.com\/fr\/wp-json\/wp\/v2\/categories?post=167847"},{"taxonomy":"post_tag","embeddable":true,"href":"https:\/\/www.europesays.com\/fr\/wp-json\/wp\/v2\/tags?post=167847"}],"curies":[{"name":"wp","href":"https:\/\/api.w.org\/{rel}","templated":true}]}}