{"id":167851,"date":"2025-06-11T09:35:10","date_gmt":"2025-06-11T09:35:10","guid":{"rendered":"https:\/\/www.europesays.com\/fr\/167851\/"},"modified":"2025-06-11T09:35:10","modified_gmt":"2025-06-11T09:35:10","slug":"meteo-france-alerte-face-au-risque-dorages","status":"publish","type":"post","link":"https:\/\/www.europesays.com\/fr\/167851\/","title":{"rendered":"M\u00e9t\u00e9o France alerte face au risque d&rsquo;orages"},"content":{"rendered":"<p>            Par<br \/>\n        <strong><br \/>\n            <a href=\"https:\/\/actu.fr\/auteur\/clemence-pays02-actu-fr\" title=\"Consulter tous les articles de Cl\u00e9mence Pays\" target=\"_blank\" rel=\"noopener\">Cl\u00e9mence Pays<\/a><br \/>\n        <\/strong><\/p>\n<p>        Publi\u00e9 le<\/p>\n<p>            11 juin 2025 \u00e0 10h57        <\/p>\n<p>Un <strong>\u00e9pisode de chaleur<\/strong> est attendu en France, \u00e0 partir de ce mercredi 11\u00a0juin 2025. <a href=\"https:\/\/actu.fr\/meteo\/orages-violents-et-canicule-ce-mercredi-meteo-france-place-de-nombreux-departements-en-vigilance_62751896.html\" target=\"_blank\" rel=\"noopener\">La barre des 40\u00a0\u00b0C pourrait \u00eatre approch\u00e9e dans le sud-ouest et celle des 30\u00a0\u00b0C sera d\u00e9pass\u00e9e dans de nombreuses villes<\/a>.<\/p>\n<p class=\" wall-content\">Cela devrait notamment \u00eatre le cas \u00e0 <a href=\"https:\/\/actu.fr\/nantes\/\" target=\"_blank\" rel=\"noopener\">Nantes<\/a>, o\u00f9 <a href=\"https:\/\/actu.fr\/pays-de-la-loire\/nantes_44109\/meteo-a-nantes-jusqu-a-32-c-attendus-la-chaleur-fait-son-retour-cette-semaine_62752173.html\" target=\"_blank\" rel=\"noopener\">le mercure va monter tout au long de la journ\u00e9e<\/a>. M\u00e9t\u00e9o France pr\u00e9voit ainsi 25\u00a0\u00b0C \u00e0 11\u2009h\u2009; 30\u00a0\u00b0C \u00e0 13\u2009h et<strong> jusqu\u2019\u00e0 34\u00a0\u00b0C de 16\u2009h \u00e0 19\u2009h.\u00a0<\/strong>Il faudra attendre minuit pour voir les temp\u00e9ratures baisser (25\u00a0\u00b0C).<\/p>\n<p>La Loire-Atlantique en vigilance orages<\/p>\n<p class=\" wall-content\">Dans la soir\u00e9e, le ciel de Loire-Atlantique se couvrira. Avec les nuages, des averses orageuses sont pr\u00e9vues dans la nuit, un peu partout sur le territoire lig\u00e9rien.<\/p>\n<p class=\" wall-content\">Ainsi, M\u00e9t\u00e9o France annonce d\u00e9clencher la <strong>vigilance jaune pour des orages pour le d\u00e9partement, de 18\u2009h ce mercredi, \u00e0 11\u2009h jeudi.<\/strong><\/p>\n<p class=\" wall-content\">Il faudra donc faire preuve de prudence si vous devez emprunter la route ou si vous vous trouvez en ext\u00e9rieur.<\/p>\n<p>Vid\u00e9os : en ce moment sur Actu<\/p>\n<p class=\" wall-content\">\n<p>Les pr\u00e9visions m\u00e9t\u00e9o<\/p>\n<p class=\" wall-content\">Dans la cit\u00e9 des ducs de Bretagne, M\u00e9t\u00e9o France pr\u00e9voit des <strong>averses orageuses<\/strong> de minuit \u00e0 2\u2009h. Elles seront accompagn\u00e9es de vent, avec des<strong> rafales jusqu\u2019\u00e0 55\u00a0km\/h.<\/strong> Une accalmie est attendue vers 3\u2009h avant le retour des averses orageuses \u00e0 4\u2009h.<\/p>\n<p class=\" wall-content\">\u00c0 <a href=\"https:\/\/actu.fr\/l-echo-de-la-presqu-ile\/\" target=\"_blank\" rel=\"noopener\">Saint-Nazaire<\/a>, il fera maximum <strong>28\u00a0\u00b0C,<\/strong> mais la ville ne sera pas \u00e0 l\u2019abri des averses orageuses, de 0\u2009h \u00e0 2\u2009h. L\u00e0 aussi, la pluie sera accompagn\u00e9e de vent.<\/p>\n<p class=\" wall-content\">\u00c0 <a href=\"https:\/\/actu.fr\/l-eclaireur-de-chateaubriant\/\" target=\"_blank\" rel=\"noopener\">Ch\u00e2teaubriant<\/a>, M\u00e9t\u00e9o France pr\u00e9voit maximum <strong>32\u00a0\u00b0C.<\/strong> Le mercure retombera \u00e0 24\u00a0\u00b0C \u00e0 1\u2009h avec averses orageuses jusqu\u2019\u00e0 3\u2009h puis \u00e0 5\u2009h.<\/p>\n<p class=\" wall-content\">Du c\u00f4t\u00e9 de <a href=\"https:\/\/actu.fr\/l-hebdo-de-sevre-et-maine\/\" target=\"_blank\" rel=\"noopener\">Clisson<\/a>, il fera jusqu\u2019\u00e0 <strong>33\u00a0\u00b0C<\/strong> avec l\u00e0 encore une baisse des temp\u00e9ratures dans la nuit. \u00c0 minuit, il fera 24\u00a0\u00b0C et la pluie tombera. Ces averses orageuses devraient durer jusqu\u2019\u00e0 2\u2009h.<\/p>\n<p class=\" wall-content\">\u00c0 <a href=\"https:\/\/actu.fr\/le-courrier-du-pays-de-retz\/\" target=\"_blank\" rel=\"noopener\">Pornic<\/a>, le thermom\u00e8tre ne d\u00e9passera pas les <strong>26\u00a0\u00b0C.<\/strong> La nuit sera plus fra\u00eeche que dans le reste du d\u00e9partement, avec 21\u00a0\u00b0C \u00e0 minuit. Pas suffisant pour \u00e9viter les averses orageuses attendues de minuit \u00e0 2\u2009h.<\/p>\n<p class=\" wall-content\">Suivez toute l\u2019actualit\u00e9 de vos villes et m\u00e9dias favoris en vous inscrivant \u00e0 <a href=\"https:\/\/moncompte.actu.fr\" title=\"D\u00e9couvez Mon Actu\" rel=\"nofollow noopener\" data-trk=\"{&quot;cta&quot;:{&quot;action&quot;:&quot;https:\\\/\\\/moncompte.actu.fr&quot;,&quot;category&quot;:&quot;mon compte&quot;,&quot;from&quot;:&quot;article footer&quot;,&quot;name&quot;:&quot;Mon actu&quot;,&quot;type&quot;:&quot;cta&quot;}}\" target=\"_blank\">Mon Actu<\/a>.<\/p>\n","protected":false},"excerpt":{"rendered":"Par Cl\u00e9mence Pays Publi\u00e9 le 11 juin 2025 \u00e0 10h57 Un \u00e9pisode de chaleur est attendu en France,&hellip;\n","protected":false},"author":2,"featured_media":167852,"comment_status":"","ping_status":"","sticky":false,"template":"","format":"standard","meta":{"footnotes":""},"categories":[2818],"tags":[1111,11,1777,674,1011,27,2487,2357,766,12,4594,2636,25],"class_list":{"0":"post-167851","1":"post","2":"type-post","3":"status-publish","4":"format-standard","5":"has-post-thumbnail","7":"category-nantes","8":"tag-actu","9":"tag-actualites","10":"tag-eu","11":"tag-europe","12":"tag-fr","13":"tag-france","14":"tag-meteo","15":"tag-meteo-france","16":"tag-nantes","17":"tag-news","18":"tag-orages","19":"tag-pays-de-la-loire","20":"tag-republique-francaise"},"share_on_mastodon":{"url":"https:\/\/pubeurope.com\/@fr\/114664054707805447","error":""},"_links":{"self":[{"href":"https:\/\/www.europesays.com\/fr\/wp-json\/wp\/v2\/posts\/167851","targetHints":{"allow":["GET"]}}],"collection":[{"href":"https:\/\/www.europesays.com\/fr\/wp-json\/wp\/v2\/posts"}],"about":[{"href":"https:\/\/www.europesays.com\/fr\/wp-json\/wp\/v2\/types\/post"}],"author":[{"embeddable":true,"href":"https:\/\/www.europesays.com\/fr\/wp-json\/wp\/v2\/users\/2"}],"replies":[{"embeddable":true,"href":"https:\/\/www.europesays.com\/fr\/wp-json\/wp\/v2\/comments?post=167851"}],"version-history":[{"count":0,"href":"https:\/\/www.europesays.com\/fr\/wp-json\/wp\/v2\/posts\/167851\/revisions"}],"wp:featuredmedia":[{"embeddable":true,"href":"https:\/\/www.europesays.com\/fr\/wp-json\/wp\/v2\/media\/167852"}],"wp:attachment":[{"href":"https:\/\/www.europesays.com\/fr\/wp-json\/wp\/v2\/media?parent=167851"}],"wp:term":[{"taxonomy":"category","embeddable":true,"href":"https:\/\/www.europesays.com\/fr\/wp-json\/wp\/v2\/categories?post=167851"},{"taxonomy":"post_tag","embeddable":true,"href":"https:\/\/www.europesays.com\/fr\/wp-json\/wp\/v2\/tags?post=167851"}],"curies":[{"name":"wp","href":"https:\/\/api.w.org\/{rel}","templated":true}]}}