{"id":167853,"date":"2025-06-11T09:36:10","date_gmt":"2025-06-11T09:36:10","guid":{"rendered":"https:\/\/www.europesays.com\/fr\/167853\/"},"modified":"2025-06-11T09:36:10","modified_gmt":"2025-06-11T09:36:10","slug":"la-mairie-de-quartier-de-doulon-soffre-une-deuxieme-jeunesse","status":"publish","type":"post","link":"https:\/\/www.europesays.com\/fr\/167853\/","title":{"rendered":"La mairie de quartier de Doulon s\u2019offre une deuxi\u00e8me jeunesse"},"content":{"rendered":"<p>Avec sa belle fa\u00e7ade blanche surmont\u00e9e d\u2019un campanile, la mairie de Quartier de Doulon porte l\u2019histoire d\u2019un quartier embl\u00e9matique de la ville de Nantes. Ce b\u00e2timent, construit en 1904 par l\u2019architecte Francis Leray b\u00e9n\u00e9ficie actuellement d\u2019une r\u00e9habilitation historique.<\/p>\n<p>L\u2019objectif ? Nettoyer les pierres, ravaler les fa\u00e7ades, r\u00e9nover les charpentes, les statues d\u00e9coratives et la lucarne, tout en renfor\u00e7ant l\u2019accessibilit\u00e9 de l\u2019\u00e9difice pour les personnes \u00e0 mobilit\u00e9 r\u00e9duite. Lorsque les travaux s\u2019ach\u00e8veront d\u00e9but 2026, les habitants pourront b\u00e9n\u00e9ficier de nouveaux services : \u00ab une salle des mariages remise \u00e0 neuf, une nouvelle salle associative polyvalente de 130m2, annonce A\u00efcha Bassal, adjointe de la Ville de Nantes en charge de la relation aux usagers, ce r\u00e9seau de mairie de quartier est rare dans les grandes villes de France, c\u2019est un vrai choix politique. \u00a0Plut\u00f4t que de concentrer tous les services dans une mairie centrale, nous souhaitons offrir un accueil de qualit\u00e9 en proximit\u00e9 pour tous les habitants. \u00bb<\/p>\n","protected":false},"excerpt":{"rendered":"Avec sa belle fa\u00e7ade blanche surmont\u00e9e d\u2019un campanile, la mairie de Quartier de Doulon porte l\u2019histoire d\u2019un quartier&hellip;\n","protected":false},"author":2,"featured_media":167854,"comment_status":"","ping_status":"","sticky":false,"template":"","format":"standard","meta":{"footnotes":""},"categories":[2818],"tags":[1111,11,30124,1777,674,1011,27,766,12,2636,25],"class_list":{"0":"post-167853","1":"post","2":"type-post","3":"status-publish","4":"format-standard","5":"has-post-thumbnail","7":"category-nantes","8":"tag-actu","9":"tag-actualites","10":"tag-doulon","11":"tag-eu","12":"tag-europe","13":"tag-fr","14":"tag-france","15":"tag-nantes","16":"tag-news","17":"tag-pays-de-la-loire","18":"tag-republique-francaise"},"share_on_mastodon":{"url":"https:\/\/pubeurope.com\/@fr\/114664058700278803","error":""},"_links":{"self":[{"href":"https:\/\/www.europesays.com\/fr\/wp-json\/wp\/v2\/posts\/167853","targetHints":{"allow":["GET"]}}],"collection":[{"href":"https:\/\/www.europesays.com\/fr\/wp-json\/wp\/v2\/posts"}],"about":[{"href":"https:\/\/www.europesays.com\/fr\/wp-json\/wp\/v2\/types\/post"}],"author":[{"embeddable":true,"href":"https:\/\/www.europesays.com\/fr\/wp-json\/wp\/v2\/users\/2"}],"replies":[{"embeddable":true,"href":"https:\/\/www.europesays.com\/fr\/wp-json\/wp\/v2\/comments?post=167853"}],"version-history":[{"count":0,"href":"https:\/\/www.europesays.com\/fr\/wp-json\/wp\/v2\/posts\/167853\/revisions"}],"wp:featuredmedia":[{"embeddable":true,"href":"https:\/\/www.europesays.com\/fr\/wp-json\/wp\/v2\/media\/167854"}],"wp:attachment":[{"href":"https:\/\/www.europesays.com\/fr\/wp-json\/wp\/v2\/media?parent=167853"}],"wp:term":[{"taxonomy":"category","embeddable":true,"href":"https:\/\/www.europesays.com\/fr\/wp-json\/wp\/v2\/categories?post=167853"},{"taxonomy":"post_tag","embeddable":true,"href":"https:\/\/www.europesays.com\/fr\/wp-json\/wp\/v2\/tags?post=167853"}],"curies":[{"name":"wp","href":"https:\/\/api.w.org\/{rel}","templated":true}]}}