{"id":167863,"date":"2025-06-11T09:41:20","date_gmt":"2025-06-11T09:41:20","guid":{"rendered":"https:\/\/www.europesays.com\/fr\/167863\/"},"modified":"2025-06-11T09:41:20","modified_gmt":"2025-06-11T09:41:20","slug":"la-caserne-des-pompiers-de-villeneuve-dascq-ouvre-ses-portes-pour-un-week-end-festif","status":"publish","type":"post","link":"https:\/\/www.europesays.com\/fr\/167863\/","title":{"rendered":"La caserne des pompiers de Villeneuve-d&rsquo;Ascq ouvre ses portes pour un week-end festif"},"content":{"rendered":"<p>            Par<br \/>\n        <strong><br \/>\n            <a href=\"https:\/\/actu.fr\/auteur\/redaction-lille\" title=\"Consulter tous les articles de R\u00e9daction Lille\" rel=\"nofollow noopener\" target=\"_blank\">R\u00e9daction Lille<\/a><br \/>\n        <\/strong><\/p>\n<p>        Publi\u00e9 le<\/p>\n<p>            11 juin 2025 \u00e0 10h56        <\/p>\n<p>\u00c0 l\u2019occasion de ses 50 ans, le <b>centre d\u2019incendie et de secours de <a href=\"https:\/\/actu.fr\/hauts-de-france\/villeneuve-d-ascq_59009\" rel=\"nofollow noopener\" target=\"_blank\">Villeneuve-d\u2019Ascq<\/a><\/b> (Nord) organise des <b>portes ouvertes<\/b> exceptionnelles, les samedi 14 et dimanche 15 juin 2025. Une belle opportunit\u00e9 de plonger, en famille, dans les coulisses du m\u00e9tier de <b>sapeur-pompier<\/b> et, qui sait, peut-\u00eatre de faire na\u00eetre des vocations !<\/p>\n<p>Plongez dans le quotidien des soldats du feu<\/p>\n<p class=\" wall-content\">Selon le CIS, l\u2019objectif de cet \u00e9v\u00e9nement est de \u00ab\u00a0faire d\u00e9couvrir au grand public le quotidien des sapeurs-pompiers, leurs missions, leur mat\u00e9riel, ainsi que de sensibiliser aux gestes de premiers secours\u00a0\u00bb.<\/p>\n<p class=\" wall-content\">Pour cela, tout au long du week-end, vous pourrez assister \u00e0 des <b>d\u00e9monstrations impressionnantes<\/b> : man\u0153uvres de d\u00e9sincarc\u00e9ration, simulations d\u2019incendie ou encore secours en milieu p\u00e9rilleux. Des <b>ateliers interactifs<\/b> et des <b>temps d\u2019\u00e9change<\/b> avec les professionnels vous seront \u00e9galement propos\u00e9s afin d\u2019en apprendre plus sur ce m\u00e9tier hors du commun.<\/p>\n<p>Des animations pour tous les \u00e2ges <\/p>\n<p class=\" wall-content\">Pour ce week-end, les pompiers du Nord ont pr\u00e9vu un programme pour les petits et les grands. <b>Jeux gonflables, animations ludiques, exposition de v\u00e9hicules<\/b>, buvette, restauration sur place, et m\u00eame une boutique de souvenirs aux couleurs des pompiers : l\u2019ambiance s\u2019annonce <b>chaleureuse, conviviale et accessible<\/b> \u00e0 tous.<a href=\"https:\/\/www.facebook.com\/events\/1701022257193240\/\" rel=\"nofollow noopener\" target=\"_blank\"><\/p>\n<p class=\" wall-content\"><b>Margaux Salignat<\/b><\/p>\n<p>Informations pratiques : Rendez-vous au 32 rue du pr\u00e9sident Paul Doumer \u00e0 Villeneuve-d\u2019Ascq, le samedi de 10h \u00e0 18h et de 10h \u00e0 17h le dimanche. Pour plus d\u2019informations, rendez-vous sur <a href=\"https:\/\/www.facebook.com\/profile.php?id=61573861193846\" rel=\"nofollow noopener\" target=\"_blank\">leur page Facebook<\/a>.Vid\u00e9os : en ce moment sur Actu<\/p>\n<p class=\" wall-content\">Suivez toute l\u2019actualit\u00e9 de vos villes et m\u00e9dias favoris en vous inscrivant \u00e0 <a href=\"https:\/\/moncompte.actu.fr\" title=\"D\u00e9couvez Mon Actu\" rel=\"nofollow noopener\" data-trk=\"{&quot;cta&quot;:{&quot;action&quot;:&quot;https:\\\/\\\/moncompte.actu.fr&quot;,&quot;category&quot;:&quot;mon compte&quot;,&quot;from&quot;:&quot;article footer&quot;,&quot;name&quot;:&quot;Mon actu&quot;,&quot;type&quot;:&quot;cta&quot;}}\" target=\"_blank\">Mon Actu<\/a>.<\/p>\n","protected":false},"excerpt":{"rendered":"Par R\u00e9daction Lille Publi\u00e9 le 11 juin 2025 \u00e0 10h56 \u00c0 l\u2019occasion de ses 50 ans, le centre&hellip;\n","protected":false},"author":2,"featured_media":167864,"comment_status":"","ping_status":"","sticky":false,"template":"","format":"standard","meta":{"footnotes":""},"categories":[2815],"tags":[1111,11,1777,674,652,1011,27,811,1307,1652,12,1311,25],"class_list":{"0":"post-167863","1":"post","2":"type-post","3":"status-publish","4":"format-standard","5":"has-post-thumbnail","7":"category-lille","8":"tag-actu","9":"tag-actualites","10":"tag-eu","11":"tag-europe","12":"tag-famille","13":"tag-fr","14":"tag-france","15":"tag-hauts-de-france","16":"tag-lille","17":"tag-loisirs-culture","18":"tag-news","19":"tag-pompiers","20":"tag-republique-francaise"},"share_on_mastodon":{"url":"https:\/\/pubeurope.com\/@fr\/114664079134986897","error":""},"_links":{"self":[{"href":"https:\/\/www.europesays.com\/fr\/wp-json\/wp\/v2\/posts\/167863","targetHints":{"allow":["GET"]}}],"collection":[{"href":"https:\/\/www.europesays.com\/fr\/wp-json\/wp\/v2\/posts"}],"about":[{"href":"https:\/\/www.europesays.com\/fr\/wp-json\/wp\/v2\/types\/post"}],"author":[{"embeddable":true,"href":"https:\/\/www.europesays.com\/fr\/wp-json\/wp\/v2\/users\/2"}],"replies":[{"embeddable":true,"href":"https:\/\/www.europesays.com\/fr\/wp-json\/wp\/v2\/comments?post=167863"}],"version-history":[{"count":0,"href":"https:\/\/www.europesays.com\/fr\/wp-json\/wp\/v2\/posts\/167863\/revisions"}],"wp:featuredmedia":[{"embeddable":true,"href":"https:\/\/www.europesays.com\/fr\/wp-json\/wp\/v2\/media\/167864"}],"wp:attachment":[{"href":"https:\/\/www.europesays.com\/fr\/wp-json\/wp\/v2\/media?parent=167863"}],"wp:term":[{"taxonomy":"category","embeddable":true,"href":"https:\/\/www.europesays.com\/fr\/wp-json\/wp\/v2\/categories?post=167863"},{"taxonomy":"post_tag","embeddable":true,"href":"https:\/\/www.europesays.com\/fr\/wp-json\/wp\/v2\/tags?post=167863"}],"curies":[{"name":"wp","href":"https:\/\/api.w.org\/{rel}","templated":true}]}}