{"id":167868,"date":"2025-06-11T09:44:09","date_gmt":"2025-06-11T09:44:09","guid":{"rendered":"https:\/\/www.europesays.com\/fr\/167868\/"},"modified":"2025-06-11T09:44:09","modified_gmt":"2025-06-11T09:44:09","slug":"om-un-an-et-demi-apres-sa-pige-a-marseille-gattuso-en-pole-pour-devenir-selectionneur-de-litalie","status":"publish","type":"post","link":"https:\/\/www.europesays.com\/fr\/167868\/","title":{"rendered":"OM. Un an et demi apr\u00e8s sa pige \u00e0 Marseille, Gattuso en pole pour devenir s\u00e9lectionneur de l&rsquo;Italie"},"content":{"rendered":"<p>L&rsquo;ancien milieu d\u00e9fensif avait <a href=\"https:\/\/www.laprovence.com\/article\/om\/29882718593372\/om-la-vie-des-ex-gattuso-nomme-entraineur-de-split\" target=\"_blank\" rel=\"noopener\">pris les r\u00eanes de l&rsquo;Hajduk Split<\/a> (D1 croate) qu&rsquo;il a conduit \u00e0 la troisi\u00e8me place du championnat local apr\u00e8s sa courte et mitig\u00e9e aventure olympienne (24 rencontres, 9v 8n 7d), et s&rsquo;est s\u00e9par\u00e9 du club il y a une semaine \u00ab\u00a0d&rsquo;un commun accord\u00a0\u00bb d&rsquo;apr\u00e8s un communiqu\u00e9.<\/p>\n<p>Le symbole d&rsquo;une crise du foot italien ?<\/p>\n<p>La semaine derni\u00e8re, la Squadra Azzurra et son s\u00e9lectionneur Luciano Spalletti avaient annonc\u00e9 couper les ponts apr\u00e8s une humiliante d\u00e9faite 3-0 face \u00e0 la Norv\u00e8ge. La F\u00e9d\u00e9ration italienne de football (FIGC) s&rsquo;est alors tourn\u00e9e depuis quelques jours vers \u00ab\u00a0Ringhio\u00a0\u00bb comme la cinqui\u00e8me roue du carrosse pour reprendre le poste vacant de s\u00e9lectionneur.<\/p>\n<p>L&rsquo;institution avait un plan B nomm\u00e9 Claudio Ranieri et l&rsquo;entra\u00eeneur de 73 printemps aux 40 ans de m\u00e9tier avait d&rsquo;abord accept\u00e9 l&rsquo;offre&#8230; avant de finalement se r\u00e9tracter puisqu&rsquo;il a dit oui \u00e0 un poste de consultant aupr\u00e8s de la direction de l&rsquo;AS Rome, qu&rsquo;il coachait jusqu&rsquo;alors.<\/p>\n<p>Le plan C, Stefano Pioli tombe vraisemblablement lui aussi \u00e0 l&rsquo;eau puisque l&rsquo;ancien technicien du Milan aujourd&rsquo;hui sur le banc d&rsquo;Al-Nassr (Arabie saoudite) coule des jours heureux dans le Golfe mais ne serait sensible qu&rsquo;\u00e0 certaines avances, celles de la Fiorentina o\u00f9 il \u00e9tait pass\u00e9 quelques ann\u00e9es auparavant d&rsquo;apr\u00e8s <a href=\"https:\/\/gianlucadimarzio.com\/pioli-fiorentina-nazionale-rifiuto-serie-a-news-10-giugno-2025\/\" target=\"_blank\" rel=\"noopener\">Sky Italia.<\/a><\/p>\n<p>L&rsquo;Italie se retrouve donc avec 3 mois pour faire son choix avant son premier rassemblement, soit, mais surtout un lot d&rsquo;incertitudes \u00e9norme puisque derri\u00e8re Gattuso, les noms qui circulent actuellement sont ceux de Roberto Mancini, Fabio Cannavaro, Daniele De Rossi ou Leonardo Bonucci, adjoint des Espoirs italiens&#8230; et feraient presque passer l&rsquo;ancien de l&rsquo;OM pour un premier choix.<\/p>\n","protected":false},"excerpt":{"rendered":"L&rsquo;ancien milieu d\u00e9fensif avait pris les r\u00eanes de l&rsquo;Hajduk Split (D1 croate) qu&rsquo;il a conduit \u00e0 la troisi\u00e8me&hellip;\n","protected":false},"author":2,"featured_media":167869,"comment_status":"","ping_status":"","sticky":false,"template":"","format":"standard","meta":{"footnotes":""},"categories":[2814],"tags":[17,1111,11,150,9422,1777,674,30127,1011,27,30126,884,12,149,30125,882,25,60],"class_list":{"0":"post-167868","1":"post","2":"type-post","3":"status-publish","4":"format-standard","5":"has-post-thumbnail","7":"category-marseille","8":"tag-17","9":"tag-actu","10":"tag-actualites","11":"tag-apres","12":"tag-demi","13":"tag-eu","14":"tag-europe","15":"tag-favori","16":"tag-fr","17":"tag-france","18":"tag-gattuso","19":"tag-marseille","20":"tag-news","21":"tag-om","22":"tag-pige","23":"tag-provence-alpes-cote-dazur","24":"tag-republique-francaise","25":"tag-sports"},"share_on_mastodon":{"url":"https:\/\/pubeurope.com\/@fr\/114664090228354408","error":""},"_links":{"self":[{"href":"https:\/\/www.europesays.com\/fr\/wp-json\/wp\/v2\/posts\/167868","targetHints":{"allow":["GET"]}}],"collection":[{"href":"https:\/\/www.europesays.com\/fr\/wp-json\/wp\/v2\/posts"}],"about":[{"href":"https:\/\/www.europesays.com\/fr\/wp-json\/wp\/v2\/types\/post"}],"author":[{"embeddable":true,"href":"https:\/\/www.europesays.com\/fr\/wp-json\/wp\/v2\/users\/2"}],"replies":[{"embeddable":true,"href":"https:\/\/www.europesays.com\/fr\/wp-json\/wp\/v2\/comments?post=167868"}],"version-history":[{"count":0,"href":"https:\/\/www.europesays.com\/fr\/wp-json\/wp\/v2\/posts\/167868\/revisions"}],"wp:featuredmedia":[{"embeddable":true,"href":"https:\/\/www.europesays.com\/fr\/wp-json\/wp\/v2\/media\/167869"}],"wp:attachment":[{"href":"https:\/\/www.europesays.com\/fr\/wp-json\/wp\/v2\/media?parent=167868"}],"wp:term":[{"taxonomy":"category","embeddable":true,"href":"https:\/\/www.europesays.com\/fr\/wp-json\/wp\/v2\/categories?post=167868"},{"taxonomy":"post_tag","embeddable":true,"href":"https:\/\/www.europesays.com\/fr\/wp-json\/wp\/v2\/tags?post=167868"}],"curies":[{"name":"wp","href":"https:\/\/api.w.org\/{rel}","templated":true}]}}