{"id":167872,"date":"2025-06-11T09:46:13","date_gmt":"2025-06-11T09:46:13","guid":{"rendered":"https:\/\/www.europesays.com\/fr\/167872\/"},"modified":"2025-06-11T09:46:13","modified_gmt":"2025-06-11T09:46:13","slug":"6e-sens-immobilier-cede-quatre-commerces-et-un-plateau-de-bureaux-a-paris","status":"publish","type":"post","link":"https:\/\/www.europesays.com\/fr\/167872\/","title":{"rendered":"6e Sens Immobilier c\u00e8de quatre commerces et un plateau de bureaux \u00e0 Paris"},"content":{"rendered":"<p itemprop=\"description\"><strong>6e Sens Immobilier, promoteur lyonnais, a c\u00e9d\u00e9 son portefeuille de commerces DIONYSOS \u00e0 Paris.<\/strong><\/p>\n<p>Un an apr\u00e8s l\u2019acquisition de cinq immeubles derri\u00e8re le BHV Rivoli, la soci\u00e9t\u00e9 lyonnaise de promotion et revalorisation immobili\u00e8re, 6e Sens Immobilier, a annonc\u00e9 ce mardi 10 juin la vente de son portefeuille de commerces DIONYSOS, situ\u00e9 dans le quartier parisien du Marais, \u00e0 un v\u00e9hicule OPCI dirig\u00e9 par Groupama GAN REIM.<\/p>\n<p>Quatre commerces et un plateau de bureau, tous situ\u00e9s dans la capitale et occup\u00e9s par certains groupes prestigieux comme Rossignol, font partie de la transaction. Cela repr\u00e9sente 1579m2 de commerces et un montant de 27,1 millions d\u2019euros HD.<\/p>\n<p>\u00ab\u00a0Cette cession marque une \u00e9tape significative dans notre strat\u00e9gie de valorisation du patrimoine immobilier\u00a0\u00bb, se f\u00e9licite le groupe.<\/p>\n<p>Pour le pr\u00e9sident de 6e Sens Immobilier, Nicolas Gagneux, cette cession est plus qu\u2019importante pour la soci\u00e9t\u00e9 : \u00ab\u00a0Elle illustre notre capacit\u00e9 \u00e0 transformer des actifs complexes pour en r\u00e9v\u00e9ler tout le potentiel. En quelques mois, nous avons repositionn\u00e9 ce portefeuille et s\u00e9curis\u00e9 des baux attractifs avec des enseignes fortes, ce qui d\u00e9montre notre savoir-faire en mati\u00e8re et de valorisation. Nous sommes ravis de c\u00e9der ces actifs \u00e0 un acteur de r\u00e9f\u00e9rence comme Groupama, qui saura poursuivre cette dynamique.\u00a0\u00bb<\/p>\n","protected":false},"excerpt":{"rendered":"6e Sens Immobilier, promoteur lyonnais, a c\u00e9d\u00e9 son portefeuille de commerces DIONYSOS \u00e0 Paris. Un an apr\u00e8s l\u2019acquisition&hellip;\n","protected":false},"author":2,"featured_media":167873,"comment_status":"","ping_status":"","sticky":false,"template":"","format":"standard","meta":{"footnotes":""},"categories":[1889],"tags":[1111,11,2813,2190,2430,1109,251,1112,2811,1777,674,118,1011,27,1922,1110,1114,2428,2810,12,241,316,25,2812,517,800],"class_list":{"0":"post-167872","1":"post","2":"type-post","3":"status-publish","4":"format-standard","5":"has-post-thumbnail","7":"category-lyon","8":"tag-actu","9":"tag-actualites","10":"tag-article","11":"tag-asvel","12":"tag-auvergne-rhone-alpes","13":"tag-breves","14":"tag-culture","15":"tag-depeches","16":"tag-economique","17":"tag-eu","18":"tag-europe","19":"tag-faits-divers","20":"tag-fr","21":"tag-france","22":"tag-info","23":"tag-informations","24":"tag-infos","25":"tag-lyon","26":"tag-lyonmag","27":"tag-news","28":"tag-ol","29":"tag-politique","30":"tag-republique-francaise","31":"tag-sociale","32":"tag-sport","33":"tag-transports"},"share_on_mastodon":{"url":"https:\/\/pubeurope.com\/@fr\/114664098301920980","error":""},"_links":{"self":[{"href":"https:\/\/www.europesays.com\/fr\/wp-json\/wp\/v2\/posts\/167872","targetHints":{"allow":["GET"]}}],"collection":[{"href":"https:\/\/www.europesays.com\/fr\/wp-json\/wp\/v2\/posts"}],"about":[{"href":"https:\/\/www.europesays.com\/fr\/wp-json\/wp\/v2\/types\/post"}],"author":[{"embeddable":true,"href":"https:\/\/www.europesays.com\/fr\/wp-json\/wp\/v2\/users\/2"}],"replies":[{"embeddable":true,"href":"https:\/\/www.europesays.com\/fr\/wp-json\/wp\/v2\/comments?post=167872"}],"version-history":[{"count":0,"href":"https:\/\/www.europesays.com\/fr\/wp-json\/wp\/v2\/posts\/167872\/revisions"}],"wp:featuredmedia":[{"embeddable":true,"href":"https:\/\/www.europesays.com\/fr\/wp-json\/wp\/v2\/media\/167873"}],"wp:attachment":[{"href":"https:\/\/www.europesays.com\/fr\/wp-json\/wp\/v2\/media?parent=167872"}],"wp:term":[{"taxonomy":"category","embeddable":true,"href":"https:\/\/www.europesays.com\/fr\/wp-json\/wp\/v2\/categories?post=167872"},{"taxonomy":"post_tag","embeddable":true,"href":"https:\/\/www.europesays.com\/fr\/wp-json\/wp\/v2\/tags?post=167872"}],"curies":[{"name":"wp","href":"https:\/\/api.w.org\/{rel}","templated":true}]}}