{"id":167874,"date":"2025-06-11T09:47:21","date_gmt":"2025-06-11T09:47:21","guid":{"rendered":"https:\/\/www.europesays.com\/fr\/167874\/"},"modified":"2025-06-11T09:47:21","modified_gmt":"2025-06-11T09:47:21","slug":"les-secheresses-pourraient-couter-25-milliards-deuros-a-lile-de-france-en-2100-liberation","status":"publish","type":"post","link":"https:\/\/www.europesays.com\/fr\/167874\/","title":{"rendered":"Les s\u00e9cheresses pourraient co\u00fbter 2,5\u00a0milliards d\u2019euros \u00e0 l\u2019Ile-de-France en\u00a02100 \u2013 Lib\u00e9ration"},"content":{"rendered":"<p class=\"sc-ksZaOG ehjQrN text-element\">2,5 milliards d\u2019euros. Voil\u00e0 la facture que pourrait laisser un \u00e9pisode de <a href=\"https:\/\/www.liberation.fr\/dossier\/eau-une-ressource-essentielle-et-menacee\/\" target=\"_blank\" rel=\"nofollow noopener\">s\u00e9cheresse<\/a> intense en Ile-de-France en 2100,<a href=\"https:\/\/www.oecd.org\/fr\/publications\/adapter-l-ile-de-france-aux-risques-de-rarefaction-de-l-eau_270e92ac-fr.html\" target=\"_blank\" rel=\"nofollow noopener\"> selon un rapport de l\u2019OCDE publi\u00e9 ce lundi 17 mars<\/a>. Le chiffrage serait d\u00e9j\u00e0 de 1,4 milliard d\u2019euros en 2050. L\u2019organisation appelle \u00e0 renforcer la pr\u00e9vention des risques. La s\u00e9cheresse est une r\u00e9alit\u00e9 de plus en plus concr\u00e8te en Europe. En 2024, Barcelone avait \u00ab\u00e9chapp\u00e9 de peu \u00e0 une <a href=\"https:\/\/www.liberation.fr\/dossier\/eau-une-ressource-essentielle-et-menacee\/\" target=\"_blank\" rel=\"nofollow noopener\">p\u00e9nurie d\u2019eau<\/a>\u00bb, mais avait d\u00fb imposer des restrictions de consommation \u00abtr\u00e8s strictes\u00bb \u00e0 sa population apr\u00e8s trois ans de s\u00e9cheresse, rappelle Jo Tyndall, directrice de la direction Environnement de l\u2019Organisation de coop\u00e9ration et de d\u00e9veloppement \u00e9conomiques. Si Paris n\u2019est pas encore confront\u00e9e \u00e0 de telles crises, les s\u00e9cheresses n\u2019en sont pas moins \u00abune menace croissante pour les habitants\u00bb<a href=\"https:\/\/www.liberation.fr\/france\/2019\/07\/29\/ile-de-france-2050-apres-l-effondrement-le-nouveau-visage-de-la-capitale_1742758\/\" target=\"_blank\" rel=\"nofollow noopener\">, en particulier apr\u00e8s 2050<\/a>, pr\u00e9vient l\u2019organisation dans un rapport de 200 pages.<\/p>\n<p class=\"sc-ksZaOG ehjQrN text-element\">Les habitants des grandes villes sont particuli\u00e8rement vuln\u00e9rables au manque d\u2019eau du fait de <a href=\"https:\/\/www.liberation.fr\/idees-et-debats\/tribunes\/a-paris-il-faut-passer-au-zero-artificialisation-brute-20230425_KDYQ77LTDBFS5JCQG7NE7O62PA\/\" target=\"_blank\" rel=\"nofollow noopener\">l\u2019imperm\u00e9abilisation de leurs sols<\/a> qui r\u00e9duit la capacit\u00e9 des nappes souterraines \u00e0 se recharger, tandis que la hausse des temp\u00e9ratures aggrave le ph\u00e9nom\u00e8ne <a href=\"https:\/\/www.liberation.fr\/environnement\/climat\/rechauffement-un-pic-a-50c-est-possible-a-paris-des-2049-20240927_A2JJBLPSQVAWHO6QDVZTMTUETI\/\" target=\"_blank\" rel=\"nofollow noopener\">des \u00eelots de chaleur<\/a>. Ces tendances sont amplifi\u00e9es par le r\u00e9chauffement climatique, qui ass\u00e8che les sols plus rapidement, fait chuter le niveau des nappes phr\u00e9atiques \u00e0 des seuils critiques et favorise l\u2019alternance d\u2019\u00e9pisodes de s\u00e9cheresses prolong\u00e9es et de pluies torrentielles. Longtemps per\u00e7ue comme bien pourvue en ressources hydriques, l\u2019Ile-de-France a subi une augmentation des temp\u00e9ratures moyennes de 2\u00b0C depuis 1990 et le r\u00e9chauffement climatique augmente la probabilit\u00e9 de s\u00e9cheresses s\u00e9v\u00e8res dans la r\u00e9gion.<\/p>\n<p class=\"sc-ksZaOG ehjQrN text-element\">En cas de s\u00e9cheresse aussi grave qu\u2019en 1921, des restrictions d\u2019irrigation, de navigation et d\u2019usage de l\u2019eau dans l\u2019industrie devraient \u00eatre impos\u00e9es \u00abpendant plus de 150 jours\u00bb pour pr\u00e9server l\u2019approvisionnement en eau potable des habitants, ont calcul\u00e9 les auteurs. Le d\u00e9veloppement de l\u2019Ile-de-France, qui concentre 19 % de la population et un tiers de la production \u00e9conomique fran\u00e7aise, accentue encore davantage les besoins en eau, donc le risque de s\u00e9cheresse. L\u2019agriculture, qui occupe 50 % de la superficie, a vu ses besoins en eau \u00abplus que doubler depuis 2012\u00bb et ceux-ci devraient encore \u00abs\u2019accro\u00eetre de 45 % d\u2019ici 2050\u00bb, pr\u00e9viennent les auteurs, qui pointent aussi le d\u00e9veloppement de la production de froid via l\u2019eau de la Seine pour les besoins de climatisation.<\/p>\n<p class=\"sc-ksZaOG ehjQrN text-element\">Les pr\u00e9l\u00e8vements d\u2019eau en Ile-de-France servent principalement \u00e0 l\u2019alimentation en eau potable (57 %), l\u2019industrie (20 %), la production d\u2019\u00e9nergie (13 %), aux canaux (7 %) et \u00e0 l\u2019irrigation (3 %). Jusqu\u2019\u00e0 pr\u00e9sent, la r\u00e9gion s\u2019\u00e9tait montr\u00e9e r\u00e9siliente gr\u00e2ce \u00e0 un \u00absolide r\u00e9seau d\u2019infrastructures fluviales\u00bb, notamment quatre lacs r\u00e9servoirs qui \u00abjouent un r\u00f4le crucial dans le maintien des niveaux d\u2019eau et garantissent l\u2019approvisionnement en eau potable et en eau \u00e0 usage industriel, agricole et \u00e9nerg\u00e9tique lorsque les ressources en eau se rar\u00e9fient\u00bb. Mais selon l\u2019OCDE, un \u00e9pisode de s\u00e9cheresse majeur pourrait \u00abgravement perturber les activit\u00e9s \u00e9conomiques\u00bb et engendrer jusqu\u2019\u00e0 2,5 milliards d\u2019euros de pertes de production agricole et manufacturi\u00e8re \u00e0 horizon 2100.<\/p>\n<p class=\"sc-ksZaOG ehjQrN text-element\">Ce \u00e0 quoi s\u2019ajoutent des risques de d\u00e9g\u00e2ts sur l\u2019habitat li\u00e9s au retrait des argiles sous l\u2019effet de la s\u00e9cheresse, ou de potentiels conflits d\u2019usage avec des agriculteurs d\u2019autres r\u00e9gions si ces derni\u00e8res \u00e9taient mises \u00e0 contribution pour approvisionner l\u2019Ile-de-France en eau potable. \u00abOn sait qu\u2019on va \u00eatre plus expos\u00e9s mais on n\u2019a pas quantifi\u00e9 la vuln\u00e9rabilit\u00e9 des activit\u00e9s ou des populations\u00bb, a comment\u00e9 pour l\u2019AFP Sophie Lavaud, r\u00e9dactrice du rapport. Ce qu\u2019elle explique notamment par \u00abla confiance plac\u00e9e par les autorit\u00e9s dans les lacs r\u00e9servoirs, qui alimentent les fleuves \u00e0 hauteur de 70 % lors des p\u00e9riodes d\u2019\u00e9tiage [le moment o\u00f9 les eaux sont les plus basses, ndlr]\u00bb. Les auteurs pr\u00e9conisent de r\u00e9duire les pr\u00e9l\u00e8vements d\u2019eau, m\u00eame s\u2019ils reconnaissent que la marge de man\u0153uvre est faible, l\u2019Ile-de-France \u00e9tant d\u00e9j\u00e0 bonne \u00e9l\u00e8ve.<\/p>\n<p class=\"sc-ksZaOG ehjQrN text-element\">Ils recommandent aussi \u00abune solide \u00e9valuation des risques\u00bb de s\u00e9cheresse \u00e0 l\u2019aune du changement climatique pour mettre en place une strat\u00e9gie apr\u00e8s 2030, ou encore d\u2019allouer la ressource en eau en fonction des besoins de chaque usager. Aujourd\u2019hui, les usagers peuvent proc\u00e9der \u00e0 des pr\u00e9l\u00e8vements illimit\u00e9s,<a href=\"https:\/\/www.liberation.fr\/environnement\/climat\/paris-passe-a-son-tour-en-vigilance-secheresse-tout-le-territoire-metropolitain-en-alerte-20220802_VLPCZGLCZRACLMD3RMMGRDI42A\/\" target=\"_blank\" rel=\"nofollow noopener\"> sauf en cas de s\u00e9cheresse<\/a>, s\u2019ils d\u00e9montrent \u00abque la ressource ou les \u00e9cosyst\u00e8mes n\u2019en p\u00e2tiront pas\u00bb. Le rapport appelle enfin \u00e0 d\u00e9velopper la r\u00e9utilisation des eaux industrielles ou la collecte des eaux de pluie.<\/p>\n","protected":false},"excerpt":{"rendered":"2,5 milliards d\u2019euros. Voil\u00e0 la facture que pourrait laisser un \u00e9pisode de s\u00e9cheresse intense en Ile-de-France en 2100,&hellip;\n","protected":false},"author":2,"featured_media":167875,"comment_status":"","ping_status":"","sticky":false,"template":"","format":"standard","meta":{"footnotes":""},"categories":[1592],"tags":[1111,11,1777,674,1011,27,662,12,626,5140,25],"class_list":{"0":"post-167874","1":"post","2":"type-post","3":"status-publish","4":"format-standard","5":"has-post-thumbnail","7":"category-ile-de-france","8":"tag-actu","9":"tag-actualites","10":"tag-eu","11":"tag-europe","12":"tag-fr","13":"tag-france","14":"tag-ile-de-france","15":"tag-news","16":"tag-paris","17":"tag-rechauffement-climatique","18":"tag-republique-francaise"},"share_on_mastodon":{"url":"https:\/\/pubeurope.com\/@fr\/114664101832160310","error":""},"_links":{"self":[{"href":"https:\/\/www.europesays.com\/fr\/wp-json\/wp\/v2\/posts\/167874","targetHints":{"allow":["GET"]}}],"collection":[{"href":"https:\/\/www.europesays.com\/fr\/wp-json\/wp\/v2\/posts"}],"about":[{"href":"https:\/\/www.europesays.com\/fr\/wp-json\/wp\/v2\/types\/post"}],"author":[{"embeddable":true,"href":"https:\/\/www.europesays.com\/fr\/wp-json\/wp\/v2\/users\/2"}],"replies":[{"embeddable":true,"href":"https:\/\/www.europesays.com\/fr\/wp-json\/wp\/v2\/comments?post=167874"}],"version-history":[{"count":0,"href":"https:\/\/www.europesays.com\/fr\/wp-json\/wp\/v2\/posts\/167874\/revisions"}],"wp:featuredmedia":[{"embeddable":true,"href":"https:\/\/www.europesays.com\/fr\/wp-json\/wp\/v2\/media\/167875"}],"wp:attachment":[{"href":"https:\/\/www.europesays.com\/fr\/wp-json\/wp\/v2\/media?parent=167874"}],"wp:term":[{"taxonomy":"category","embeddable":true,"href":"https:\/\/www.europesays.com\/fr\/wp-json\/wp\/v2\/categories?post=167874"},{"taxonomy":"post_tag","embeddable":true,"href":"https:\/\/www.europesays.com\/fr\/wp-json\/wp\/v2\/tags?post=167874"}],"curies":[{"name":"wp","href":"https:\/\/api.w.org\/{rel}","templated":true}]}}