{"id":167880,"date":"2025-06-11T09:50:12","date_gmt":"2025-06-11T09:50:12","guid":{"rendered":"https:\/\/www.europesays.com\/fr\/167880\/"},"modified":"2025-06-11T09:50:12","modified_gmt":"2025-06-11T09:50:12","slug":"en-direct-greve-des-taxis-de-nombreux-bouchons-pres-de-paris-pour-cette-nouvelle-journee-daction","status":"publish","type":"post","link":"https:\/\/www.europesays.com\/fr\/167880\/","title":{"rendered":"EN DIRECT &#8211; Gr\u00e8ve des taxis : de nombreux bouchons pr\u00e8s de Paris pour cette nouvelle journ\u00e9e d&rsquo;action"},"content":{"rendered":"<ul class=\"jsx-862013697 ArticleChapo__List\">\n<li class=\"jsx-862013697 ArticleChapo__List_Item flex\">La F\u00e9d\u00e9ration nationale des taxis appelle \u00e0 une forte mobilisation du secteur ce mercredi 11 juin.<\/li>\n<li class=\"jsx-862013697 ArticleChapo__List_Item flex\">Ce mercredi matin, d\u00e8s 9h, le trafic parisien \u00e9tait \u00e0 l&rsquo;arr\u00eat avec plus de 375km bouchons relev\u00e9s.<\/li>\n<li class=\"jsx-862013697 ArticleChapo__List_Item flex\">Les taxis s&rsquo;opposent \u00e0 un projet d&rsquo;encadrement des tarifs du transport de malades.<\/li>\n<\/ul>\n<p><a href=\"https:\/\/www.tf1info.fr\/actualite\/greve-les-taxis-mobilises-contre-la-nouvelle-tarification-de-l-assurance-maladie-transport-patients-14281\/\" rel=\"noopener\" class=\"jsx-484472199 Link jsx-1428418400 jsx-1910851033\" target=\"_blank\"><\/p>\n<p style=\"font-weight:400\" class=\"jsx-1837267516\">Suivez la couverture compl\u00e8te<\/p>\n<p style=\"font-weight:800\" class=\"jsx-1837267516\">Les taxis mobilis\u00e9s contre la nouvelle tarification de l&rsquo;Assurance maladie<\/p>\n<p><\/a>Minute par minute11:27OPERATION(S) ESCARGOT<\/p>\n<p>Le trafic est toujours fortement perturb\u00e9 \u00e0 l&rsquo;approche de Paris. A 11h15, ce sont 180km de bouchon qui sont g\u00e9n\u00e9r\u00e9s par l&rsquo;action des taxis. Sytadin note que sur l&rsquo;A1 vers Paris, entre Gonesse et la porte de la Chapelle, plusieurs convois de taxis circulent \u00ab\u00a0\u00e0 faible vitesse en occupant l&rsquo;ensemble des voies de circulation\u00a0\u00bb, note le site de la Drif. Il en va de m\u00eame sur l&rsquo;A13, en direction de Paris, entre le triangle de Rocquencourt et la Porte de St-Cloud : \u00ab\u00a0ces v\u00e9hicules circulent \u00e0 faible vitesse et occupent deux voies de circulation\u00a0\u00bb.<\/p>\n<p>10:28<\/p>\n<blockquote data-testid=\"EmbedTwitter\" id=\"tweet-1932698168673907189-:R3j29lkimij9n79m:\" class=\"jsx-aeff1a1c40f54d7a twitter-tweet flex justify-center items-center\"><p>\ud83d\udcf7 #InfoTrafic Tr\u00e8s fort ralentissement en cours sur l&rsquo;autoroute A1 au niveau du p\u00e9age de Chamant en raison d&rsquo;une manifestation non d\u00e9clar\u00e9e de taxis du Nord et du Pas-de-Calais. Adaptez vos d\u00e9placements et \u00e9vitez le secteur si possible. Suivez les informations de  @sanef_1077 pic.twitter.com\/9DkjDEiEGp \u2014 Pr\u00e9fet de l&rsquo;Oise (@Prefet60)  June 11, 2025<\/p><\/blockquote>\n<p>10:13EXPLICATIONS<\/p>\n<p>On revient dans ce reportage sur le transport de malades et la r\u00e9forme annonc\u00e9e, au coeur de la col\u00e8re des taxis.\u00a0<\/p>\n<p>Taxis en col\u00e8re : le transport de malades au c\u0153ur du probl\u00e8meSource : JT 20h Semaine<\/p>\n<p><a href=\"https:\/\/www.tf1info.fr\/transports\/videos\/video-taxis-en-colere-le-transport-de-malades-au-coeur-du-probleme-57458-2373224.html\" rel=\"noopener\" class=\"jsx-484472199 Link\" target=\"_blank\"><img decoding=\"async\" src=\"https:\/\/www.europesays.com\/fr\/wp-content\/uploads\/2025\/06\/taxis-en-colere-le-transport-de-malades-au-coeur-du-probleme-88cd56-0@1x.jpeg\" alt=\"\" loading=\"lazy\" importance=\"low\" fetchpriority=\"low\" class=\"\" aria-hidden=\"true\"\/><\/p>\n<p>02:12<\/p>\n<p><\/a>10:07LE POINT \u00c0 10H<\/p>\n<p>Aux abords de la capitale, o\u00f9 convergent des taxis, ce sont 237km de bouchons qui sont constat\u00e9s par Sytadin. Des perturbations qui se situent \u00e0 un niveau \u00ab\u00a0exceptionnel\u00a0\u00bb.\u00a0<\/p>\n<p>09:29PERTURBATIONS DES BUS POUR ROISSY<\/p>\n<p>Suite \u00e0 la gr\u00e8ve des taxis, des perturbations sont \u00e0 pr\u00e9voir sur les lignes desservant la zone a\u00e9roportuaire de Roissy, pr\u00e9vient le compte officiel du r\u00e9seau de bus IDF Mobilites<\/p>\n<p>\u00a0de Roissy Ouest.\u00a0<\/p>\n<blockquote data-testid=\"EmbedTwitter\" id=\"tweet-1932691876882047288-:R3j59lkimij9n79m:\" class=\"jsx-aeff1a1c40f54d7a twitter-tweet flex justify-center items-center\"><p>\u26a0\ufe0f\ud83d\ude8d #InfoTrafic &#8211; Lignes R004, 9501 &#8211; Mercredi 11 juin 2025 Suite \u00e0 la gr\u00e8ve des taxis, des perturbations sont \u00e0 pr\u00e9voir sur les lignes desservant la zone a\u00e9roportuaire de Roissy. Veuillez nous excuser pour la g\u00eane occasionn\u00e9e.  pic.twitter.com\/pViPdiRNam \u2014 Roissy Ouest (@RoissyO_IDFM)  June 11, 2025<\/p><\/blockquote>\n<p>09:28LA MENACE D&rsquo;UN \u00ab\u00a0BLOCAGE DU PAYS\u00a0\u00bb ?<\/p>\n<p>Une r\u00e9union doit avoir lieu ce mercredi matin au minist\u00e8re de la Sant\u00e9 pour trouver une issue au conflit, mais en l&rsquo;\u00e9tat, \u00ab\u00a0on est partis sur un rapport de force pour que ce soit un blocage du pays\u00a0\u00bb, a pr\u00e9venu vendredi le secr\u00e9taire de la F\u00e9d\u00e9ration nationale du taxi (FNDT), Dominique Buisson.<\/p>\n<p>09:24PROVINCE \u25b6\ufe0f PARIS<\/p>\n<p>Des convergences vers la capitale.<\/p>\n<blockquote data-testid=\"EmbedTwitter\" id=\"tweet-1932698168673907189-:R3j79lkimij9n79m:\" class=\"jsx-aeff1a1c40f54d7a twitter-tweet flex justify-center items-center\"><p>\ud83d\udcf7 #InfoTrafic Tr\u00e8s fort ralentissement en cours sur l&rsquo;autoroute A1 au niveau du p\u00e9age de Chamant en raison d&rsquo;une manifestation non d\u00e9clar\u00e9e de taxis du Nord et du Pas-de-Calais. Adaptez vos d\u00e9placements et \u00e9vitez le secteur si possible. Suivez les informations de  @sanef_1077 pic.twitter.com\/9DkjDEiEGp \u2014 Pr\u00e9fet de l&rsquo;Oise (@Prefet60)  June 11, 2025<\/p><\/blockquote>\n<p>09:232\/2 LES RAISONS DE LA COL\u00c8RE<\/p>\n<p>Les taxis ont les chauffeurs VTC dans le collimateur. Ils les accusent de concurrence d\u00e9loyale et de pratiquer la maraude, ce qui leur est th\u00e9oriquement interdit. Les taxis r\u00e9clament un moratoire sur le nombre de chauffeurs VTC et un gel des examens d&rsquo;admission, en raison de l&rsquo;afflux continu de chauffeurs sur les plateformes (Uber, Bolt&#8230;) qui tirent leurs revenus \u00e0 la baisse.<\/p>\n<p>Le gouvernement a r\u00e9pondu en affirmant qu&rsquo;il allait accentuer les contr\u00f4les pour s&rsquo;attaquer aux fraudeurs. Mais cette c\u00e9l\u00e9rit\u00e9 a mis en col\u00e8re les chauffeurs VTC, re\u00e7us \u00e0 leur tour le 3 juin dernier au minist\u00e8re des Transports. Ils ont, eux aussi, appel\u00e9 \u00e0 une semaine de mobilisation \u00e0 partir de mardi.<\/p>\n<p>09:211\/2 LES RAISONS DE LEUR COL\u00c8RE<\/p>\n<p>Depuis plusieurs semaines, les taxis se mobilisent contre la nouvelle convention de l&rsquo;Assurance maladie r\u00e9gissant le transport des malades en taxi, cens\u00e9e entrer en vigueur le 1er octobre. Le nouveau syst\u00e8me doit reposer sur une prise en charge de 13 euros par l&rsquo;Assurance maladie, puis un tarif kilom\u00e9trique. Mais les taxis craignent par exemple que les temps d&rsquo;attente lorsque le patient est en consultation \u00e0 l&rsquo;h\u00f4pital ne soient plus r\u00e9mun\u00e9r\u00e9s. Le chiffre d&rsquo;affaires de certains artisans-taxis repose parfois aux deux tiers sur le transport des patients vers les h\u00f4pitaux ou \u00e0 leurs rendez-vous m\u00e9dicaux, notamment dans les zones rurales ou les petites villes.<\/p>\n<p>09:14100 V\u00c9HICULES \u00c0 BERCY<\/p>\n<p>Les taxis qui manifestent sur l&rsquo;A4 en direction de Paris, \u00ab\u00a0entre Coll\u00e9gien (A104) et la Porte de Bercy sur le boulevard p\u00e9riph\u00e9rique, implique une centaine de v\u00e9hicules\u00a0\u00bb. Une manifestation est annonc\u00e9e devant le minist\u00e8re de l&rsquo;Economie et des Finances.<\/p>\n<p>09:10377KM DE BOUCHON<\/p>\n<p>Dans la r\u00e9gion parisienne, le site Sitadyn a relev\u00e9 377km de bouchon \u00e0 9h. Sur l&rsquo;A6, par exemple, une manifestation impliquant une quarantaine de taxis vers Paris, entre Viry et le boulevard p\u00e9riph\u00e9rique, a g\u00e9n\u00e9r\u00e9 de forts ralentissements. \u00ab\u00a0Les manifestants sont arr\u00eat\u00e9s sur les voies, \u00e0 hauteur, de Wissous. Cela g\u00e9n\u00e8re une tr\u00e8s forte retenue en amont\u00a0\u00bb, note Sytadin. Le m\u00eame ph\u00e9nom\u00e8ne est relev\u00e9 sur l&rsquo;A13, \u00ab\u00a0en direction de Paris, entre le triangle de Rocquencourt et le boulevard p\u00e9riph\u00e9rique (Portte de St-Cloud), impliquant une cinquantaine de v\u00e9hicules\u00a0\u00bb.<\/p>\n<p>09:07JOURN\u00c9E D&rsquo;ACTION<\/p>\n<p>Bonjour et bienvenue sur ce live d\u00e9di\u00e9 \u00e0 la mobilisation des taxis. Apr\u00e8s une pause d&rsquo;une semaine et demie, les hostilit\u00e9s reprennent ce mercredi avec le blocage des a\u00e9roports parisiens (Charles de Gaulle et Orly) et une manifestation devant le minist\u00e8re de l&rsquo;\u00c9conomie et des Finances.<\/p>\n<p data-module=\"article-paragraph\" class=\"jsx-3046738180 Paragraph Paragraph__End\">La fronde se poursuit. La F\u00e9d\u00e9ration nationale des taxis (FNDT) a lanc\u00e9 une nouvelle journ\u00e9e de forte mobilisation mercredi 11 juin, date d&rsquo;une r\u00e9union au minist\u00e8re de la Sant\u00e9 entre les repr\u00e9sentants du secteur et du gouvernement. <a href=\"https:\/\/www.tf1info.fr\/transports\/paris-marseille-lyon-bordeaux-pourquoi-les-taxis-manifestent-dans-les-grandes-villes-francaises-ce-lundi-2371678.html\" target=\"_blank\" rel=\"noopener\">Le mouvement, entam\u00e9 le 19 mai<\/a>, s&rsquo;oppose \u00e0 un nouveau <a href=\"https:\/\/www.tf1info.fr\/economie\/on-n-enleve-pas-d-argent-aux-taxis-l-assurance-maladie-defend-la-reforme-face-a-la-mobilisation-2372564.html\" target=\"_blank\" rel=\"noopener\">projet de convention<\/a> visant \u00e0 encadrer les tarifs du transport de malades.<\/p>\n<p data-module=\"article-paragraph\" class=\"jsx-3046738180 Paragraph Paragraph__End\">Par ce nouvel appel, le syndicat maintient la pression sur le gouvernement, estimant que <a href=\"https:\/\/www.tf1info.fr\/transports\/greve-des-taxis-une-reunion-se-tiendra-samedi-avec-francois-bayrou-au-ministere-des-transports-2372529.html\" target=\"_blank\" rel=\"noopener\">les discussions men\u00e9es depuis une semaine au minist\u00e8re de la Sant\u00e9<\/a> n&rsquo;ont pas permis d&rsquo;obtenir des r\u00e9sultats satisfaisants. \u00ab\u00a0On attend de savoir s&rsquo;il peut y avoir des avanc\u00e9es\u00a0\u00bb, a d\u00e9clar\u00e9 Dominique Buisson, secr\u00e9taire de la FNDT, mais pour l&rsquo;heure, \u00ab\u00a0on est partis sur un rapport de force pour que ce soit un blocage du pays\u00a0\u00bb.<\/p>\n<p>Blocage des a\u00e9roports parisien<\/p>\n<p data-module=\"article-paragraph\" class=\"jsx-3046738180 Paragraph Paragraph__End\">Une manifestation est donc pr\u00e9vue mercredi 11 juin devant le minist\u00e8re de l&rsquo;Economie et des Finances, accompagn\u00e9e d&rsquo;un blocage des a\u00e9roports parisiens d&rsquo;Orly et Charles de Gaulle, \u00a0\u00ab\u00a0et peut-\u00eatre m\u00eame en province\u00a0\u00bb, a d\u00e9taill\u00e9 Dominique Buisson.<\/p>\n<p data-module=\"article-paragraph\" class=\"jsx-3046738180 Paragraph Paragraph__End\">La nouvelle convention d\u00e9fendue par le gouvernement, qui doit entrer en vigueur le 1\u1d49\u02b3 octobre, vise \u00e0 limiter les d\u00e9penses de l&rsquo;Assurance maladie li\u00e9es au transport sanitaire, en instaurant une prise en charge de 13 euros par l&rsquo;Assurance maladie, puis un tarif kilom\u00e9trique.\u00a0<\/p>\n<p><a href=\"https:\/\/www.tf1info.fr\/societe\/mobilisation-des-taxis-le-gouvernement-promet-qu-il-va-taper-fort-contre-les-pratiques-illegales-des-vtc-2373331.html\" rel=\"noopener\" class=\"jsx-3308031228 Link flex\" target=\"_blank\"><img decoding=\"async\" src=\"https:\/\/www.europesays.com\/fr\/wp-content\/uploads\/2025\/06\/operation-escargot-des-taxis-sur-l-a1-le-21-mai-2025-8ca181-1@1x.jpeg\" alt=\"Thomas SAMSON \/ AFP\" loading=\"lazy\" importance=\"low\" fetchpriority=\"low\" class=\"\"\/><\/p>\n<p class=\"jsx-3657663356 ReadMoreArticle__Title\">Lire aussi<\/p>\n<p class=\"jsx-3657663356\">Mobilisation des taxis : Matignon promet qu&rsquo;il va \u00ab\u00a0taper fort\u00a0\u00bb contre les pratiques ill\u00e9gales des VTC<\/p>\n<p><\/a><\/p>\n<p data-module=\"article-paragraph\" class=\"jsx-3046738180 Paragraph Paragraph__End\">Les d\u00e9penses de transport sanitaire ont atteint 6,74 milliards d&rsquo;euros en 2024, dont 3,07 milliards pour les taxis conventionn\u00e9s, soit une hausse de 45% depuis 2019. Or les transports de malades vers les h\u00f4pitaux et les \u00e9tablissements de sant\u00e9 repr\u00e9sentent une majorit\u00e9 du chiffre d&rsquo;affaires de nombreux chauffeurs, en particulier dans les petites villes.<\/p>\n<p>IM avec AFP<\/p>\n<p><script async src=\"https:\/\/platform.twitter.com\/widgets.js\" charset=\"utf-8\"><\/script><\/p>\n","protected":false},"excerpt":{"rendered":"La F\u00e9d\u00e9ration nationale des taxis appelle \u00e0 une forte mobilisation du secteur ce mercredi 11 juin. Ce mercredi&hellip;\n","protected":false},"author":2,"featured_media":167881,"comment_status":"","ping_status":"","sticky":false,"template":"","format":"standard","meta":{"footnotes":""},"categories":[1888],"tags":[1111,1928,11,1927,1921,1777,674,1011,27,1922,30128,12771,12,1926,626,1925,25,9548,133,5010],"class_list":{"0":"post-167880","1":"post","2":"type-post","3":"status-publish","4":"format-standard","5":"has-post-thumbnail","7":"category-paris","8":"tag-actu","9":"tag-actu-paris","10":"tag-actualites","11":"tag-actualites-paris","12":"tag-article-video","13":"tag-eu","14":"tag-europe","15":"tag-fr","16":"tag-france","17":"tag-info","18":"tag-les-taxis-mobilises-contre-la-nouvelle-tarification-de-lassurance-maladie","19":"tag-mouvements-sociaux","20":"tag-news","21":"tag-news-paris","22":"tag-paris","23":"tag-paris-news","24":"tag-republique-francaise","25":"tag-taxis","26":"tag-video","27":"tag-video-sujets-de-societe"},"share_on_mastodon":{"url":"https:\/\/pubeurope.com\/@fr\/114664113677977399","error":""},"_links":{"self":[{"href":"https:\/\/www.europesays.com\/fr\/wp-json\/wp\/v2\/posts\/167880","targetHints":{"allow":["GET"]}}],"collection":[{"href":"https:\/\/www.europesays.com\/fr\/wp-json\/wp\/v2\/posts"}],"about":[{"href":"https:\/\/www.europesays.com\/fr\/wp-json\/wp\/v2\/types\/post"}],"author":[{"embeddable":true,"href":"https:\/\/www.europesays.com\/fr\/wp-json\/wp\/v2\/users\/2"}],"replies":[{"embeddable":true,"href":"https:\/\/www.europesays.com\/fr\/wp-json\/wp\/v2\/comments?post=167880"}],"version-history":[{"count":0,"href":"https:\/\/www.europesays.com\/fr\/wp-json\/wp\/v2\/posts\/167880\/revisions"}],"wp:featuredmedia":[{"embeddable":true,"href":"https:\/\/www.europesays.com\/fr\/wp-json\/wp\/v2\/media\/167881"}],"wp:attachment":[{"href":"https:\/\/www.europesays.com\/fr\/wp-json\/wp\/v2\/media?parent=167880"}],"wp:term":[{"taxonomy":"category","embeddable":true,"href":"https:\/\/www.europesays.com\/fr\/wp-json\/wp\/v2\/categories?post=167880"},{"taxonomy":"post_tag","embeddable":true,"href":"https:\/\/www.europesays.com\/fr\/wp-json\/wp\/v2\/tags?post=167880"}],"curies":[{"name":"wp","href":"https:\/\/api.w.org\/{rel}","templated":true}]}}