{"id":167890,"date":"2025-06-11T09:55:16","date_gmt":"2025-06-11T09:55:16","guid":{"rendered":"https:\/\/www.europesays.com\/fr\/167890\/"},"modified":"2025-06-11T09:55:16","modified_gmt":"2025-06-11T09:55:16","slug":"usa-la-cour-dappel-decide-de-maintenir-les-droits-de-douanes-imposes-par-trump","status":"publish","type":"post","link":"https:\/\/www.europesays.com\/fr\/167890\/","title":{"rendered":"USA: la cour d&rsquo;appel d\u00e9cide de maintenir les droits de douanes impos\u00e9s par Trump"},"content":{"rendered":"<p>La cour d\u2019appel f\u00e9d\u00e9rale am\u00e9ricaine a d\u00e9cid\u00e9 mardi soir de maintenir en vigueur les droits de douanes impos\u00e9s par le pr\u00e9sident Donald Trump.<\/p>\n<p>\t\t\t<a href=\"https:\/\/atlasinfo.fr\/author\/infoatlas\" title=\"Parcourir les articles Auteur\" class=\"post-author-a post-author-avatar\" target=\"_blank\" rel=\"noopener\"><br \/>\n\t\t\tPar <b><\/b>\t\t<\/a><br \/>\n\t\t\t\t\tLe <b>11 Juin 2025 11:46<\/b><\/p>\n<p>\t\t\t\t\t<a class=\"post-thumbnail open-lightbox\" href=\"https:\/\/atlasinfo.fr\/wp-content\/uploads\/2020\/04\/trump-javel-e1746436739121.jpg\" target=\"_blank\" rel=\"noopener\"><img decoding=\"async\" src=\"https:\/\/www.europesays.com\/fr\/wp-content\/uploads\/2025\/06\/trump-javel-750x430.jpg\" alt=\"\"\/>\t\t\t\t\t\t<\/a><\/p>\n<p>La haute juridiction a ainsi acc\u00e9d\u00e9 \u00e0 la demande de l\u2019administration Trump de maintenir pour l\u2019instant les tarifs douaniers impos\u00e9s par le pr\u00e9sident d\u00e9but avril, tout en d\u00e9cidant d\u2019acc\u00e9l\u00e9rer l\u2019examen du fond de l\u2019affaire.<\/p>\n<p>Le jugement prolonge une d\u00e9cision pr\u00e9c\u00e9dente de la m\u00eame juridiction visant \u00e0 suspendre un jugement d\u2019un tribunal commercial new-yorkais qui avait jug\u00e9 que le pr\u00e9sident am\u00e9ricain avait outrepass\u00e9 ses pouvoirs en imposant les tarifs douaniers.<\/p>\n<p>Une vingtaine de plaignants, dont des entreprises et des Etats am\u00e9ricains, ont saisi la justice pour contester les bases juridiques sur lesquelles Trump s\u2019est appuy\u00e9 pour imposer des taxes douani\u00e8res qui, selon les demandeurs, demeurent une pr\u00e9rogative du Congr\u00e8s.<\/p>\n<p><a itemprop=\"url\" class=\"eads-link\" href=\"https:\/\/www.instagram.com\/ntla9awfbladna\/?source=est\" target=\"_blank\" rel=\"nofollow noopener\"><img decoding=\"async\" class=\"eads-image\" src=\"https:\/\/www.europesays.com\/fr\/wp-content\/uploads\/2025\/06\/ONMT-Est.jpg\" alt=\"ONMT 2025 \u2013 Est\"\/><\/a> <\/p>\n<p>La cour d\u2019appel f\u00e9d\u00e9rale a d\u00e9cid\u00e9 de reporter l\u2019audition des plaidoyers au 31 juillet, ce qui signifie le maintien sur place des surtaxes pour les mois de juin et juillet.<\/p>\n<p>Le pr\u00e9sident Trump a impos\u00e9 une salve de droits de douane sur la grande majorit\u00e9 des produits provenant des principaux partenaires commerciaux des Etats-Unis, y compris le Canada, le Mexique, la Chine, l\u2019Inde et l\u2019Union europ\u00e9enne.<\/p>\n<p>D\u00e9but avril, il a d\u00e9cid\u00e9 d\u2019appliquer la r\u00e9ciprocit\u00e9 tarifaire, qu\u2019il a aussit\u00f4t suspendue jusqu\u2019au 9 juillet pour permettre \u00e0 son administration de n\u00e9gocier de nouveaux accords commerciaux avantageux avec les pays du monde.<\/p>\n<p>\t\t\t\t<script async src=\"\/\/www.instagram.com\/embed.js\"><\/script><\/p>\n","protected":false},"excerpt":{"rendered":"La cour d\u2019appel f\u00e9d\u00e9rale am\u00e9ricaine a d\u00e9cid\u00e9 mardi soir de maintenir en vigueur les droits de douanes impos\u00e9s&hellip;\n","protected":false},"author":2,"featured_media":167891,"comment_status":"","ping_status":"","sticky":false,"template":"","format":"standard","meta":{"footnotes":""},"categories":[1589],"tags":[328,11,12224,8663,8664,1805,24684,2822,2483,5967,73,1866,30130,4743,151,472,12,5912,467,1864,1865,1863,308,30129],"class_list":{"0":"post-167890","1":"post","2":"type-post","3":"status-publish","4":"format-standard","5":"has-post-thumbnail","7":"category-etats-unis","8":"tag-a-la-une","9":"tag-actualites","10":"tag-atlasinfo","11":"tag-cour","12":"tag-dappel","13":"tag-de","14":"tag-decide","15":"tag-douanes","16":"tag-droits","17":"tag-droits-de-douanes","18":"tag-etats-unis","19":"tag-etats-unis-damerique","20":"tag-imposes","21":"tag-la","22":"tag-les","23":"tag-maintenir","24":"tag-news","25":"tag-par","26":"tag-trump","27":"tag-united-states","28":"tag-united-states-of-america","29":"tag-us","30":"tag-usa","31":"tag-usa-la-cour-dappel-decide-de-maintenir-les-droits-de-douanes-imposes-par-trump"},"share_on_mastodon":{"url":"https:\/\/pubeurope.com\/@fr\/114664133369974991","error":""},"_links":{"self":[{"href":"https:\/\/www.europesays.com\/fr\/wp-json\/wp\/v2\/posts\/167890","targetHints":{"allow":["GET"]}}],"collection":[{"href":"https:\/\/www.europesays.com\/fr\/wp-json\/wp\/v2\/posts"}],"about":[{"href":"https:\/\/www.europesays.com\/fr\/wp-json\/wp\/v2\/types\/post"}],"author":[{"embeddable":true,"href":"https:\/\/www.europesays.com\/fr\/wp-json\/wp\/v2\/users\/2"}],"replies":[{"embeddable":true,"href":"https:\/\/www.europesays.com\/fr\/wp-json\/wp\/v2\/comments?post=167890"}],"version-history":[{"count":0,"href":"https:\/\/www.europesays.com\/fr\/wp-json\/wp\/v2\/posts\/167890\/revisions"}],"wp:featuredmedia":[{"embeddable":true,"href":"https:\/\/www.europesays.com\/fr\/wp-json\/wp\/v2\/media\/167891"}],"wp:attachment":[{"href":"https:\/\/www.europesays.com\/fr\/wp-json\/wp\/v2\/media?parent=167890"}],"wp:term":[{"taxonomy":"category","embeddable":true,"href":"https:\/\/www.europesays.com\/fr\/wp-json\/wp\/v2\/categories?post=167890"},{"taxonomy":"post_tag","embeddable":true,"href":"https:\/\/www.europesays.com\/fr\/wp-json\/wp\/v2\/tags?post=167890"}],"curies":[{"name":"wp","href":"https:\/\/api.w.org\/{rel}","templated":true}]}}