{"id":16790,"date":"2025-04-11T08:03:30","date_gmt":"2025-04-11T08:03:30","guid":{"rendered":"https:\/\/www.europesays.com\/fr\/16790\/"},"modified":"2025-04-11T08:03:30","modified_gmt":"2025-04-11T08:03:30","slug":"qui-est-la-cible-en-danger-delimination-dans-the-power-ce-vendredi-11-avril","status":"publish","type":"post","link":"https:\/\/www.europesays.com\/fr\/16790\/","title":{"rendered":"Qui est la cible en danger d\u2019\u00e9limination dans The Power ce vendredi 11 avril ?"},"content":{"rendered":"<p class=\"articleContent-meta\">\n        Aujourd&rsquo;hui \u00e0 07:30 &#8211; par             <a class=\"articleContent-metaAuthorsLink\" href=\"https:\/\/www.programme.tv\/auteur\/laureen-aslangul\/\" rel=\"nofollow noopener\" target=\"_blank\">Laureen Aslangul<\/a><\/p>\n<p>                    Tweeter<\/p>\n<p>                    Partager sur Facebook<\/p>\n<p>                        <img decoding=\"async\" src=\"https:\/\/www.europesays.com\/fr\/wp-content\/uploads\/2025\/04\/the-power-w9-les-premieres-images-devoilees.jpg\" alt=\"Player Video\" class=\"player-applyRatio poster exclude-seedtag\"\/><\/p>\n<p>Dans l&rsquo;\u00e9pisode de The Power diffus\u00e9 ce vendredi 11 avril sur W9, et disponible en avant-premi\u00e8re sur M6+, une des cibles s&rsquo;est sauv\u00e9e, tandis que l&rsquo;autre risque l&rsquo;\u00e9limination. D\u00e9couvrez de qui il s&rsquo;agit !<\/p>\n<p>Apr\u00e8s le succ\u00e8s de la premi\u00e8re saison de The Power, <a href=\"https:\/\/www.programme.tv\/news\/tele-realite\/240112-the-power-decouvrez-le-casting-complet-de-la-saison-2\/\" rel=\"nofollow noopener\" target=\"_blank\">W9 a lanc\u00e9 la seconde \u00e9dition sur sa cha\u00eene<\/a> avec de nombreuses stars du petit \u00e9cran dont Vivian, Sarah Fraisou, Jessica Errero et Lou Pernaut. Au d\u00e9but de la semaine, Vincent Queijo a \u00e9t\u00e9 choisi pour \u00eatre le Power Player. Apr\u00e8s avoir d\u00e9sign\u00e9 deux cibles, Manon et Robin, un contre-pouvoir obtenu par Maxence (Secret Story) a permis d&rsquo;\u00e9changer une des cibles. Robin a \u00e9t\u00e9 sauv\u00e9, mais Shauna Sand s&rsquo;est retrouv\u00e9e en danger. Apr\u00e8s une confrontation avec <a href=\"https:\/\/www.programme.tv\/news\/tele-realite\/240867-je-laime-eperdument-vincent-queijo-the-power-sexprime-sur-sa-relation-actuelle-avec-marwa\/\" rel=\"nofollow noopener\" target=\"_blank\">l&rsquo;ex de Marwa<\/a>, Manon Tanti est persuad\u00e9e, \u00e0 cause de son humour d\u00e9plac\u00e9, que Vincent Queijo est le Power Player, tandis que l&rsquo;Am\u00e9ricaine n&rsquo;a pas compris qu&rsquo;il pouvait lui mentir et pense ainsi qu&rsquo;il s&rsquo;agit de Nathalie Marquay.<\/p>\n<p>Un duel des cibles va permettre \u00e0 Manon Tanti ou Shauna Sand de se sauver dans The Power<\/p>\n<p>Dans l&rsquo;\u00e9pisode de The Power diffus\u00e9 ce vendredi 11 avril, et disponible en avant-premi\u00e8re sur M6+, les deux femmes en danger se sont affront\u00e9es lors du duel des cibles pour que l&rsquo;une d&rsquo;elles se sauve. Le jeu \u00e9tait simple : vingt-cinq triangles sont dispos\u00e9s sur le plateau, et elles peuvent en retirer jusqu&rsquo;\u00e0 trois par tour. L&rsquo;objectif : ne pas \u00eatre en possession du dernier triangle, au risque de perdre. Vincent Queijo se sentant en danger \u00e0 cause de Manon qui pense l&rsquo;avoir d\u00e9masqu\u00e9, lui a offert un avantage, celui d&rsquo;observer le jeu pendant 30 secondes avant qu&rsquo;il commence. \u00ab\u00a0Je l&rsquo;ai fait pour que Manon puisse se sauver et que je me retrouve en confrontation finale face \u00e0 Shauna\u00a0\u00bb, explique-t-il, \u00ab\u00a0Il faut que je me sauve\u00a0\u00bb.<\/p>\n<p>                                    Qui de Shauna Sand ou Manon Tanti gagn\u00e9 ? \u00ab\u00a0J&rsquo;ai sauv\u00e9 mes fesses \u00e0 la derni\u00e8re minute\u00a0\u00bb<\/p>\n<p>Une fois lanc\u00e9e dans le jeu, l&rsquo;ancienne actrice de la s\u00e9rie Hollywood Girls est encore plus perdue, et accuse le d\u00e9cor de lui porter malheur. \u00ab\u00a0Je d\u00e9teste la couleur rouge, j&rsquo;ai la t\u00eate qui tourne, je suis entour\u00e9e de rouge et je suis en train de craquer. Je ne peux m\u00eame pas me concentrer dans le jeu car je vois du rouge partout\u00a0\u00bb, raconte-t-elle. Finalement, l&rsquo;\u00e9pouse de Julien Tanti l&#8217;emporte haut la main et n&rsquo;ira pas en confrontation finale. \u00ab\u00a0Je jubile dans ma t\u00eate\u00a0\u00bb, confie Vincent Queijo. De son c\u00f4t\u00e9, Manon est aussi soulag\u00e9e :<b> \u00ab\u00a0<\/b><b>Je suis trop heureuse, je ne suis plus la cible, j&rsquo;ai sauv\u00e9 mes fesses \u00e0 la derni\u00e8re minute (&#8230;) Il faut que je sois \u00e9go\u00efste et que je kiffe ce moment de bonheur<\/b><b>\u00ab\u00a0<\/b>. \u00c9tant \u00e0 pr\u00e9sent l&rsquo;unique cible, Shauna Sand parviendra-t-elle \u00e0 identifier le Power Player ?<\/p>\n<p>Rejoignez-nous sur Google News !<\/p>\n<p class=\"articleContent-pushTagline\">Abonnez-vous \u00e0 <a href=\"https:\/\/news.google.com\/publications\/CAAiEJwr-IZFXDFoZD1ePbkC_VcqFAgKIhCcK_iGRVwxaGQ9Xj25Av1X\" rel=\"nofollow noopener\" target=\"_blank\">T\u00e9l\u00e9 2 semaines sur Google News<\/a> pour ne manquer aucune info !<\/p>\n","protected":false},"excerpt":{"rendered":"Aujourd&rsquo;hui \u00e0 07:30 &#8211; par Laureen Aslangul Tweeter Partager sur Facebook Dans l&rsquo;\u00e9pisode de The Power diffus\u00e9 ce&hellip;\n","protected":false},"author":2,"featured_media":16791,"comment_status":"","ping_status":"","sticky":false,"template":"","format":"standard","meta":{"footnotes":""},"categories":[1356],"tags":[58,59,1011,27,6855,252,6853,3604,1364,6854],"class_list":{"0":"post-16790","1":"post","2":"type-post","3":"status-publish","4":"format-standard","5":"has-post-thumbnail","7":"category-television","8":"tag-divertissement","9":"tag-entertainment","10":"tag-fr","11":"tag-france","12":"tag-manon-tanti","13":"tag-television","14":"tag-the-power","15":"tag-tu00e9lu00e9-ru00e9alitu00e9","16":"tag-tv","17":"tag-vincent-queijo"},"share_on_mastodon":{"url":"https:\/\/pubeurope.com\/@fr\/114318292117780542","error":""},"_links":{"self":[{"href":"https:\/\/www.europesays.com\/fr\/wp-json\/wp\/v2\/posts\/16790","targetHints":{"allow":["GET"]}}],"collection":[{"href":"https:\/\/www.europesays.com\/fr\/wp-json\/wp\/v2\/posts"}],"about":[{"href":"https:\/\/www.europesays.com\/fr\/wp-json\/wp\/v2\/types\/post"}],"author":[{"embeddable":true,"href":"https:\/\/www.europesays.com\/fr\/wp-json\/wp\/v2\/users\/2"}],"replies":[{"embeddable":true,"href":"https:\/\/www.europesays.com\/fr\/wp-json\/wp\/v2\/comments?post=16790"}],"version-history":[{"count":0,"href":"https:\/\/www.europesays.com\/fr\/wp-json\/wp\/v2\/posts\/16790\/revisions"}],"wp:featuredmedia":[{"embeddable":true,"href":"https:\/\/www.europesays.com\/fr\/wp-json\/wp\/v2\/media\/16791"}],"wp:attachment":[{"href":"https:\/\/www.europesays.com\/fr\/wp-json\/wp\/v2\/media?parent=16790"}],"wp:term":[{"taxonomy":"category","embeddable":true,"href":"https:\/\/www.europesays.com\/fr\/wp-json\/wp\/v2\/categories?post=16790"},{"taxonomy":"post_tag","embeddable":true,"href":"https:\/\/www.europesays.com\/fr\/wp-json\/wp\/v2\/tags?post=16790"}],"curies":[{"name":"wp","href":"https:\/\/api.w.org\/{rel}","templated":true}]}}