{"id":167927,"date":"2025-06-11T10:15:10","date_gmt":"2025-06-11T10:15:10","guid":{"rendered":"https:\/\/www.europesays.com\/fr\/167927\/"},"modified":"2025-06-11T10:15:10","modified_gmt":"2025-06-11T10:15:10","slug":"cyril-hanouna-lanimateur-clashe-severement-lea-salame-gene-par-une-sequence-dans-quelle-epoque","status":"publish","type":"post","link":"https:\/\/www.europesays.com\/fr\/167927\/","title":{"rendered":"Cyril Hanouna\u00a0: l&rsquo;animateur clashe s\u00e9v\u00e8rement L\u00e9a Salam\u00e9, g\u00ean\u00e9 par une s\u00e9quence dans \u00ab\u00a0Quelle \u00e9poque\u00a0!\u00a0\u00bb"},"content":{"rendered":"<p>      R\u00e9sum\u00e9<\/p>\n<p>Sur Europe 1, Cyril Hanouna s&rsquo;en est pris ouvertement \u00e0 L\u00e9a Salam\u00e9. En cause : une r\u00e9cente s\u00e9quence diffus\u00e9e dans \u00ab\u00a0Quelle \u00e9poque !\u00a0\u00bb sur France 2.  <\/p>\n<p>        Sommaire<\/p>\n<p>Le <strong>1er\u00a0septembre prochain<\/strong>, une nouvelle aventure d\u00e9butera pour Cyril Hanouna et ses chroniqueurs. En effet, apr\u00e8s la fermeture de C8 souhait\u00e9e par l&rsquo;Arcom, <a href=\"https:\/\/www.public.fr\/cyril-hanouna-affirme-ne-jamais-avoir-regarde-noubliez-pas-les-paroles-la-prod-balance-une-archive-genante\" target=\"_blank\" rel=\"noopener\">\u00ab\u00a0Baba\u00a0\u00bb <\/a>accueillera les t\u00e9l\u00e9spectateurs <strong>sur W9<\/strong>. Sa nouvelle \u00e9mission s&rsquo;<strong>intitulera \u00ab\u00a0Tout beau tout neuf\u00a0\u00bb (TBT9)<\/strong>. D&rsquo;ici-l\u00e0, sur Europe 1, <a href=\"https:\/\/www.public.fr\/il-va-nous-manquer-cyril-hanouna-annonce-la-fin-de-sa-collaboration-avec-ce-chroniqueur-emblematique\" target=\"_blank\" rel=\"noopener\">l&rsquo;animateur de 50 ans<\/a> est toujours aux manettes d<strong>\u00ab\u00a0On marche sur la t\u00eate\u00a0\u00bb<\/strong> de 16h \u00e0 18h. Un rendez-vous qui n&rsquo;existera plus \u00e0 la rentr\u00e9e puisque Cyril est attendu sur Fun Radio, radio du groupe M6.<\/p>\n<p>En attendant, il ne change rien \u00e0 ses habitudes et n&rsquo;a toujours pas la langue dans sa poche. Cette fois, il a fait part de <strong>son agacement concernant <a href=\"https:\/\/www.public.fr\/ce-netait-pas-du-tout-pour-vous-pieger-lea-salame-et-anne-elisabeth-lemoine-gros-recadrage-en-plein-direct\" target=\"_blank\" rel=\"noopener\">L\u00e9a Salam\u00e9<\/a><\/strong> et une de ses interventions, ce 7\u00a0juin, dans \u00ab\u00a0Quelle \u00e9poque\u00a0!\u00a0\u00bb sur France 2. Ainsi, <strong>lors d&rsquo;un quiz <\/strong>relatant les moments les plus marquants d'\u00a0\u00bbIntervilles\u00a0\u00bb, <a href=\"https:\/\/www.public.fr\/quelle-epoque-lea-salame-revient-avec-force-sur-la-polemique-ardisson\" target=\"_blank\" rel=\"noopener\">la journaliste de 45 ans<\/a> a demand\u00e9 \u00e0 ses invit\u00e9s <strong>quelle personnalit\u00e9 politique avait trich\u00e9 <\/strong>\u00e0 l\u2019\u00e9poque. <strong>R\u00e9ponse\u00a0: Bruno Retailleau<\/strong>, <a href=\"https:\/\/www.public.fr\/tais-toi-francois-bayrou-et-bruno-retailleau-echange-surprenant-a-matignon\" target=\"_blank\" rel=\"noopener\">l&rsquo;actuel ministre de l&rsquo;Int\u00e9rieur<\/a>.<\/p>\n<p><a href=\"https:\/\/www.public.fr\/pascal-praud-remplace-cyril-hanouna\" target=\"_blank\" rel=\"noopener\">Le papa de Lino et Bianca <\/a>s&rsquo;est dit g\u00ean\u00e9 par la s\u00e9quence. Pourquoi ? Parce que L\u00e9a Salam\u00e9 est <a href=\"https:\/\/www.public.fr\/elle-est-en-ligue-1-cyril-hanouna-fracasse-lea-salame\" target=\"_blank\" rel=\"noopener\">la compagne du d\u00e9put\u00e9 europ\u00e9en Rapha\u00ebl Glucksmann<\/a>. \u00ab\u00a0Je n&rsquo;ai jamais <strong>m\u00e9lang\u00e9 les conjoints et les m\u00e9tiers.<\/strong> Mais mine de rien, quand on est L\u00e9a Salam\u00e9, <strong>on ne peut pas se permettre de faire un truc sur un homme politique<\/strong> et de dire que Bruno Retailleau avait trich\u00e9 dans &lsquo;Intervilles&rsquo;, quand tu es la compagne de Rapha\u00ebl Glucksmann\u00a0\u00bb, a-t-il lanc\u00e9.<\/p>\n<p>Cyril Hanouna\u00a0: salve de critiques pour L\u00e9a Salam\u00e9<\/p>\n<p>Suite \u00e0 cela, <a href=\"https:\/\/www.google.com\/url?sa=t&amp;source=web&amp;rct=j&amp;opi=89978449&amp;url=https:\/\/vsd.fr\/47531-cest-le-probleme-de-ma-vie-lea-salame-ce-constat-amer-concernant-son-existence\/&amp;ved=2ahUKEwjU_82D9-iNAxXST6QEHT6MEbUQFnoECBgQAQ&amp;usg=AOvVaw1dRuKPENNL-P5Eodr95pmv\" target=\"_blank\" rel=\"noopener\">la journaliste de France Inter et de France 2<\/a> en a pris pour son grade. <a href=\"https:\/\/www.google.com\/url?sa=t&amp;source=web&amp;rct=j&amp;opi=89978449&amp;url=https:\/\/vsd.fr\/81770-cyril-hanouna-lheure-des-au-revoir-a-sonne\/&amp;ved=2ahUKEwiT9POX9-iNAxU0KvsDHexALhAQFnoECBkQAQ&amp;usg=AOvVaw1T2AWzSgNyirE7ynWrAELW\" target=\"_blank\" rel=\"noopener\">L&rsquo;ami de Val\u00e9rie B\u00e9na\u00efm<\/a> a estim\u00e9 qu&rsquo;elle \u00e9tait \u00ab\u00a0<strong>encore en Ligue 1<\/strong>\u00ab\u00a0, manquant trop r\u00e9guli\u00e8rement de tact et d\u2019exp\u00e9rience pour d\u00e9samorcer les tensions ou recadrer ses chroniqueurs. Ce dernier lui a notamment reproch\u00e9 de ne <strong>pas avoir su g\u00e9rer certaines blagues tranchantes de Paul de Saint Sernin<\/strong>, humoriste de l\u2019\u00e9mission, <a href=\"https:\/\/www.google.com\/url?sa=t&amp;source=web&amp;rct=j&amp;opi=89978449&amp;url=https:\/\/vsd.fr\/79878-louis-sarkozy-sen-prend-a-paul-de-saint-sernin-sur-x-apres-avoir-quitte-le-plateau-de-lea-salame\/&amp;ved=2ahUKEwipo4yh9-iNAxUUWaQEHbuHOQwQFnoECBkQAQ&amp;usg=AOvVaw30T8HExpfy5SAayeK4hoYY\" target=\"_blank\" rel=\"noopener\">\u00e0 l\u2019encontre de Louis Sarkozy<\/a> et de Nicolas Bedos. <\/p>\n<p>\u00ab\u00a0L\u00e9a Salam\u00e9, <strong>elle est sympathique mais elle est encore en Ligue 1<\/strong>, elle n\u2019est pas encore en Ligue des champions [&#8230;] L\u00e9a Salam\u00e9, <strong>elle a encore un peu de travail <\/strong>pour \u00eatre avec nous en Ligue des champions. Elle est encore en Ligue 1, elle est troisi\u00e8me, elle va bient\u00f4t jouer la Ligue Europa\u00a0\u00bb, a-t-il l\u00e2ch\u00e9 en comparant la situation au sacre du PSG en Ligue des Champions, club dont il est un <a href=\"https:\/\/www.google.com\/url?sa=t&amp;source=web&amp;rct=j&amp;opi=89978449&amp;url=https:\/\/vsd.fr\/80474-tout-beau-tout-9-un-humoriste-sen-prend-a-cyril-hanouna-sur-w9-la-nouvelle-chaine-de-baba-le-coupe\/&amp;ved=2ahUKEwiLk_m79-iNAxUCVKQEHWhXKSwQFnoECBkQAQ&amp;usg=AOvVaw2kqGQsjIy8lJKVphEb5qpS\" target=\"_blank\" rel=\"noopener\">fervent supporter<\/a>. En revanche, pas s\u00fbr que <a href=\"https:\/\/www.google.com\/url?sa=t&amp;source=web&amp;rct=j&amp;opi=89978449&amp;url=https:\/\/vsd.fr\/76977-lea-salame-victime-dune-escroquerie-par-sms-son-colis-se-transforme-en-cauchemar\/&amp;ved=2ahUKEwjwp-rG9-iNAxUjK_sDHXE0F94QFnoECDQQAQ&amp;usg=AOvVaw3kuKFJaiTQW_HaV7E5OgOT\" target=\"_blank\" rel=\"noopener\">la principale int\u00e9ress\u00e9e<\/a> ait appr\u00e9ci\u00e9 cette comparaison.<\/p>\n<p>      Mentionn\u00e9s dans cet article<\/p>\n<p>\u00c0 lire aussi<\/p>\n","protected":false},"excerpt":{"rendered":"R\u00e9sum\u00e9 Sur Europe 1, Cyril Hanouna s&rsquo;en est pris ouvertement \u00e0 L\u00e9a Salam\u00e9. En cause : une r\u00e9cente&hellip;\n","protected":false},"author":2,"featured_media":167928,"comment_status":"","ping_status":"","sticky":false,"template":"","format":"standard","meta":{"footnotes":""},"categories":[1356],"tags":[1083,58,59,1473,1011,27,2400,594,3806,4495,252,22498,22497,1364,2395],"class_list":{"0":"post-167927","1":"post","2":"type-post","3":"status-publish","4":"format-standard","5":"has-post-thumbnail","7":"category-television","8":"tag-cyril-hanouna","9":"tag-divertissement","10":"tag-entertainment","11":"tag-europe-1","12":"tag-fr","13":"tag-france","14":"tag-france-televisions","15":"tag-france-2","16":"tag-lea-salame","17":"tag-quelle-epoque","18":"tag-television","19":"tag-tout-9-tbt9","20":"tag-tout-beau","21":"tag-tv","22":"tag-w9"},"share_on_mastodon":{"url":"https:\/\/pubeurope.com\/@fr\/114664212019207630","error":""},"_links":{"self":[{"href":"https:\/\/www.europesays.com\/fr\/wp-json\/wp\/v2\/posts\/167927","targetHints":{"allow":["GET"]}}],"collection":[{"href":"https:\/\/www.europesays.com\/fr\/wp-json\/wp\/v2\/posts"}],"about":[{"href":"https:\/\/www.europesays.com\/fr\/wp-json\/wp\/v2\/types\/post"}],"author":[{"embeddable":true,"href":"https:\/\/www.europesays.com\/fr\/wp-json\/wp\/v2\/users\/2"}],"replies":[{"embeddable":true,"href":"https:\/\/www.europesays.com\/fr\/wp-json\/wp\/v2\/comments?post=167927"}],"version-history":[{"count":0,"href":"https:\/\/www.europesays.com\/fr\/wp-json\/wp\/v2\/posts\/167927\/revisions"}],"wp:featuredmedia":[{"embeddable":true,"href":"https:\/\/www.europesays.com\/fr\/wp-json\/wp\/v2\/media\/167928"}],"wp:attachment":[{"href":"https:\/\/www.europesays.com\/fr\/wp-json\/wp\/v2\/media?parent=167927"}],"wp:term":[{"taxonomy":"category","embeddable":true,"href":"https:\/\/www.europesays.com\/fr\/wp-json\/wp\/v2\/categories?post=167927"},{"taxonomy":"post_tag","embeddable":true,"href":"https:\/\/www.europesays.com\/fr\/wp-json\/wp\/v2\/tags?post=167927"}],"curies":[{"name":"wp","href":"https:\/\/api.w.org\/{rel}","templated":true}]}}