{"id":167942,"date":"2025-06-11T10:22:09","date_gmt":"2025-06-11T10:22:09","guid":{"rendered":"https:\/\/www.europesays.com\/fr\/167942\/"},"modified":"2025-06-11T10:22:09","modified_gmt":"2025-06-11T10:22:09","slug":"donald-trump-obtient-de-la-justice-une-victoire-temporaire","status":"publish","type":"post","link":"https:\/\/www.europesays.com\/fr\/167942\/","title":{"rendered":"Donald Trump obtient de la justice une victoire temporaire"},"content":{"rendered":"<p><strong>D\u00c9CRYPTAGE<\/strong> &#8211; Une cour d\u2019appel f\u00e9d\u00e9rale a valid\u00e9 mardi soir la suspension de la d\u00e9cision de la Cour du commerce international de New York, qui avait d\u00e9clar\u00e9 ill\u00e9gaux les droits de douane \u00abr\u00e9ciproques\u00bb impos\u00e9s par la Maison Blanche d\u00e9but avril.<\/p>\n<p class=\"fig-paragraph\">Une cour d\u2019appel f\u00e9d\u00e9rale a rendu mardi soir \u00e0 Washington une d\u00e9cision temporaire favorable \u00e0 l\u2019administration Trump, engag\u00e9e dans une guerre commerciale avec le reste du monde. Le tribunal, sans trancher sur le fond,\u00a0<a href=\"http:\/\/www.lefigaro.fr\/conjoncture\/la-justice-tranche-en-faveur-de-donald-trump-les-droits-de-douane-obtiennent-un-sursis-prolonge-20250611\" target=\"_blank\" data-fig-type=\"NewsFlash\" rel=\"noopener nofollow\" data-gtm-custom-categorie=\"navigation\" data-gtm-custom-action=\"crossclick\" data-gtm-custom-label=\"Contextuel\" data-gtm-event=\"customEventSPE\" data-fig-domain=\"LEFIGARO\">valide la suspension<\/a>\u00a0de la d\u00e9cision de la Cour du commerce international (Court of International Trade, CIT) de New York du 28 mai, qui avait d\u00e9clar\u00e9 ill\u00e9gaux et d\u00e9nu\u00e9s de fondement les droits de douane \u00abr\u00e9ciproques\u00bb impos\u00e9s par la Maison Blanche d\u00e9but avril \u00e0 pratiquement tous les partenaires des \u00c9tats-Unis.<\/p>\n<p class=\"fig-paragraph\">Le tribunal a fix\u00e9 la date du 31 juillet pour entendre les arguments des plaignants et ceux de l\u2019administration Trump. D\u2019ici l\u00e0, tous les droits de douane impos\u00e9s aux importations am\u00e9ricaines sur la base d\u2019une loi de 1977 (International Emergency Economic Powers Act, IEEPA) accordant au pr\u00e9sident des \u00c9tats-Unis des pouvoirs d\u2019urgence, restent en place. Voil\u00e0 qui donne donc encore de fait au moins deux mois de plus aux n\u00e9gociateurs am\u00e9ricains pour arracher des concessions par exemple au Japon, \u00e0 la Cor\u00e9e du Sud, \u00e0 l\u2019Inde ou \u00e0 l\u2019Union europ\u00e9enne\u2026<\/p>\n<p class=\"fig-premium-paywall__infos\">\n        Cet article est r\u00e9serv\u00e9 aux abonn\u00e9s.        Il vous reste 84% \u00e0 d\u00e9couvrir.\n    <\/p>\n<p>                <img  data- alt=\"Le Figaro\" class=\"fig-img--complete fig-img\"\/><\/p>\n<p class=\"fig-premium-paywall__title\">Vente Flash<\/p>\n<p class=\"fig-premium-paywall__subtitle\">3,99\u20ac par mois pendant 12 mois. Sans engagement.<\/p>\n<p class=\"fig-premium-paywall__connect\">\n                D\u00e9j\u00e0 abonn\u00e9\u00a0?                <a class=\"fig-premium-paywall__connect-link\" href=\"https:\/\/connect.lefigaro.fr\/login?client=horizon_web&amp;type=main&amp;redirect_uri=https%3A%2F%2Fwww.lefigaro.fr%2Fconjoncture%2Fdroits-de-douane-donald-trump-obtient-de-la-justice-une-victoire-temporaire-20250611\" data-js-gtm=\"{&quot;customCategorie&quot;: &quot;conversion&quot;, &quot;customAction&quot;: &quot;before_Landing_Connexion_paywall_manuel&quot;, &quot;customLabel&quot;: &quot;bGVmaWdhcm8uZnJfXzFmMDQ2OWFkLWY3MWUtNjNhYy05MjU4LWQxOTI3ZjU4ZjJjYl9fQXJ0aWNsZQ==_Droits de douane\u00a0: Donald Trump obtient de la justice une victoire temporaire_550&quot;, &quot;customIDSPE&quot;: &quot;bGVmaWdhcm8uZnJfXzFmMDQ2OWFkLWY3MWUtNjNhYy05MjU4LWQxOTI3ZjU4ZjJjYl9fQXJ0aWNsZQ==&quot;, &quot;event&quot;: &quot;customEventSPE&quot;}\" rel=\"nofollow noopener\" target=\"_blank\"><br \/>\n                    Connectez-vous<br \/>\n                <\/a>\n            <\/p>\n","protected":false},"excerpt":{"rendered":"D\u00c9CRYPTAGE &#8211; Une cour d\u2019appel f\u00e9d\u00e9rale a valid\u00e9 mardi soir la suspension de la d\u00e9cision de la Cour&hellip;\n","protected":false},"author":2,"featured_media":167943,"comment_status":"","ping_status":"","sticky":false,"template":"","format":"standard","meta":{"footnotes":""},"categories":[6],"tags":[339,340,35,343,345,350,130,344,352,349,75,33,34,341,313,1011,27,346,342,353,351,347,348,2658,354],"class_list":{"0":"post-167942","1":"post","2":"type-post","3":"status-publish","4":"format-standard","5":"has-post-thumbnail","7":"category-economie","8":"tag-actualite-economique","9":"tag-bourse","10":"tag-business","11":"tag-cac-40","12":"tag-chef-dentreprise","13":"tag-concurrence","14":"tag-consommation","15":"tag-creation-dentreprise","16":"tag-crise","17":"tag-delocalisations","18":"tag-donald-trump","19":"tag-economie","20":"tag-economy","21":"tag-emploi","22":"tag-entreprises","23":"tag-fr","24":"tag-france","25":"tag-grands-patrons","26":"tag-impots","27":"tag-licenciements","28":"tag-monopole","29":"tag-multinationales","30":"tag-privatisation","31":"tag-taxes-douanieres","32":"tag-unio"},"share_on_mastodon":{"url":"https:\/\/pubeurope.com\/@fr\/114664239499318287","error":""},"_links":{"self":[{"href":"https:\/\/www.europesays.com\/fr\/wp-json\/wp\/v2\/posts\/167942","targetHints":{"allow":["GET"]}}],"collection":[{"href":"https:\/\/www.europesays.com\/fr\/wp-json\/wp\/v2\/posts"}],"about":[{"href":"https:\/\/www.europesays.com\/fr\/wp-json\/wp\/v2\/types\/post"}],"author":[{"embeddable":true,"href":"https:\/\/www.europesays.com\/fr\/wp-json\/wp\/v2\/users\/2"}],"replies":[{"embeddable":true,"href":"https:\/\/www.europesays.com\/fr\/wp-json\/wp\/v2\/comments?post=167942"}],"version-history":[{"count":0,"href":"https:\/\/www.europesays.com\/fr\/wp-json\/wp\/v2\/posts\/167942\/revisions"}],"wp:featuredmedia":[{"embeddable":true,"href":"https:\/\/www.europesays.com\/fr\/wp-json\/wp\/v2\/media\/167943"}],"wp:attachment":[{"href":"https:\/\/www.europesays.com\/fr\/wp-json\/wp\/v2\/media?parent=167942"}],"wp:term":[{"taxonomy":"category","embeddable":true,"href":"https:\/\/www.europesays.com\/fr\/wp-json\/wp\/v2\/categories?post=167942"},{"taxonomy":"post_tag","embeddable":true,"href":"https:\/\/www.europesays.com\/fr\/wp-json\/wp\/v2\/tags?post=167942"}],"curies":[{"name":"wp","href":"https:\/\/api.w.org\/{rel}","templated":true}]}}