{"id":167950,"date":"2025-06-11T10:26:10","date_gmt":"2025-06-11T10:26:10","guid":{"rendered":"https:\/\/www.europesays.com\/fr\/167950\/"},"modified":"2025-06-11T10:26:10","modified_gmt":"2025-06-11T10:26:10","slug":"andre-buffard-et-marie-perrin-presentent-coups-de-maitre","status":"publish","type":"post","link":"https:\/\/www.europesays.com\/fr\/167950\/","title":{"rendered":"Andr\u00e9 Buffard et Marie Perrin pr\u00e9sentent \u00ab\u00a0Coups de ma\u00eetre\u00a0\u00bb"},"content":{"rendered":"<p>\u00ab\u00a0C\u2019est le polar de l\u2019\u00e9t\u00e9, sauf que toutes les histoires pr\u00e9sentes dans le livre, sont vraies\u00a0\u00bb, r\u00e9v\u00e8le Marie Perrin, devant une cinquantaine de personnes pr\u00e9sente, \u00e0 la maison des avocats de Saint-Etienne, lors du lancement du livre <a href=\"https:\/\/boutique.leprogres.fr\/histoire-et-culture\/histoire\/coups-de-maitre-andre-buffard-avocat\" target=\"_blank\" rel=\"noopener\">\u00ab\u00a0Coups de Ma\u00eetre\u00a0\u00bb<\/a>. Le livre met en lumi\u00e8re les dessous des plus grands proc\u00e8s de Ma\u00eetre Buffard, dans lequel les lecteurs ont l\u2019occasion d\u2019en apprendre plus sur des affaires c\u00e9l\u00e8bres comme celles du terroriste Carlos, de Jean-Claude Romand ou encore de Pierre Chanal, ainsi que sur des proc\u00e8s plus exotiques \u00e0 l\u2019\u00e9tranger et ses ann\u00e9es \u00e0 l\u2019AS Saint-Etienne.<\/p>\n<p>  \u00ab\u00a0Un avocat qui est toujours rest\u00e9 st\u00e9phanois\u00a0\u00bb<\/p>\n<p>Dans une ambiance d\u00e9contract\u00e9e, o\u00f9 avocats et magistrats rassembl\u00e9s ont pu rire \u00e0 ses diff\u00e9rentes anecdotes, l\u2019avocat aux 800 proc\u00e8s est revenu sur ses \u00ab\u00a01\u00a0000 vies\u00a0\u00bb et ses relations avec ses diff\u00e9rents clients\u00a0: \u00ab\u00a0J\u2019avais envie de raconter ces histoires o\u00f9 l\u2019humain est toujours pr\u00e9sent\u00a0\u00bb, explique-t-il. Lors de la conf\u00e9rence qui s\u2019est d\u00e9roul\u00e9e sous la forme d\u2019une interview anim\u00e9e par le journaliste Yann Foray, il revient aussi sur sa collaboration avec la chroniqueuse judiciaire\u00a0: \u00ab\u00a0Ce qui m\u2019a motiv\u00e9 \u00e0 travailler avec Marie Perrin, c\u2019est sa mani\u00e8re de r\u00e9ussir \u00e0 rendre les proc\u00e8s vivants\u00a0\u00bb, insiste l\u2019avocat. \u00ab\u00a0Un avocat qui est toujours rest\u00e9 st\u00e9phanois\u00a0\u00bb, exprime Marie Perrin. La soir\u00e9e s\u2019est termin\u00e9e par un cocktail et une s\u00e9ance de d\u00e9dicaces.<\/p>\n","protected":false},"excerpt":{"rendered":"\u00ab\u00a0C\u2019est le polar de l\u2019\u00e9t\u00e9, sauf que toutes les histoires pr\u00e9sentes dans le livre, sont vraies\u00a0\u00bb, r\u00e9v\u00e8le Marie&hellip;\n","protected":false},"author":2,"featured_media":167951,"comment_status":"","ping_status":"","sticky":false,"template":"","format":"standard","meta":{"footnotes":""},"categories":[9653],"tags":[1111,11,2430,1687,6084,7539,1777,674,1011,27,2410,3367,12,25,4001,7538,104],"class_list":{"0":"post-167950","1":"post","2":"type-post","3":"status-publish","4":"format-standard","5":"has-post-thumbnail","7":"category-saint-etienne","8":"tag-actu","9":"tag-actualites","10":"tag-auvergne-rhone-alpes","11":"tag-culture-loisirs","12":"tag-droit","13":"tag-edition-loire-sud","14":"tag-eu","15":"tag-europe","16":"tag-fr","17":"tag-france","18":"tag-livres-bd","19":"tag-loire","20":"tag-news","21":"tag-republique-francaise","22":"tag-saint-etienne","23":"tag-saint-etienne-ville","24":"tag-societe"},"share_on_mastodon":{"url":"https:\/\/pubeurope.com\/@fr\/114664255307973805","error":""},"_links":{"self":[{"href":"https:\/\/www.europesays.com\/fr\/wp-json\/wp\/v2\/posts\/167950","targetHints":{"allow":["GET"]}}],"collection":[{"href":"https:\/\/www.europesays.com\/fr\/wp-json\/wp\/v2\/posts"}],"about":[{"href":"https:\/\/www.europesays.com\/fr\/wp-json\/wp\/v2\/types\/post"}],"author":[{"embeddable":true,"href":"https:\/\/www.europesays.com\/fr\/wp-json\/wp\/v2\/users\/2"}],"replies":[{"embeddable":true,"href":"https:\/\/www.europesays.com\/fr\/wp-json\/wp\/v2\/comments?post=167950"}],"version-history":[{"count":0,"href":"https:\/\/www.europesays.com\/fr\/wp-json\/wp\/v2\/posts\/167950\/revisions"}],"wp:featuredmedia":[{"embeddable":true,"href":"https:\/\/www.europesays.com\/fr\/wp-json\/wp\/v2\/media\/167951"}],"wp:attachment":[{"href":"https:\/\/www.europesays.com\/fr\/wp-json\/wp\/v2\/media?parent=167950"}],"wp:term":[{"taxonomy":"category","embeddable":true,"href":"https:\/\/www.europesays.com\/fr\/wp-json\/wp\/v2\/categories?post=167950"},{"taxonomy":"post_tag","embeddable":true,"href":"https:\/\/www.europesays.com\/fr\/wp-json\/wp\/v2\/tags?post=167950"}],"curies":[{"name":"wp","href":"https:\/\/api.w.org\/{rel}","templated":true}]}}