{"id":167952,"date":"2025-06-11T10:27:10","date_gmt":"2025-06-11T10:27:10","guid":{"rendered":"https:\/\/www.europesays.com\/fr\/167952\/"},"modified":"2025-06-11T10:27:10","modified_gmt":"2025-06-11T10:27:10","slug":"saint-etienne-la-grande-braderie-sinvite-dans-le-centre-ville-du-12-au-14-juin","status":"publish","type":"post","link":"https:\/\/www.europesays.com\/fr\/167952\/","title":{"rendered":"Saint-Etienne. La grande braderie s\u2019invite dans le centre-ville du 12 au 14\u00a0juin"},"content":{"rendered":"<p>Du jeudi\u00a012 au samedi 14\u00a0juin, plus de 200 commer\u00e7ants et boutiques ambulantes confondus ouvriront grand leurs portes pour exposer leurs produits. De l\u2019hypercentre, en passant pas la place de l\u2019H\u00f4tel-de-Ville jusqu\u2019\u00e0 la place Waldeck-Rousseau, il sera difficile de circuler sur les trottoirs de la Ville \u00e0 partir de 10 heures jusqu\u2019\u00e0 19 heures. Pour rendre cette balade urbaine plus festive, des musiciens ainsi que diff\u00e9rentes troupes d\u00e9fileront dans les rues, de 11 heures \u00e0 13 heures, de 16 heures \u00e0 18 heures et \u00e0 partir de 14 heures pour le samedi.<\/p>\n<p>  La rue Michelet haute en couleurs<\/p>\n<p>Durant ces trois jours mouvement\u00e9s et pour faire \u00e9cho \u00e0 la <a href=\"https:\/\/www.leprogres.fr\/culture-loisirs\/2025\/05\/21\/la-biennale-du-design-s-offre-une-cure-de-jouvence\" target=\"_blank\" rel=\"nofollow noopener\">Biennale du design<\/a>, l\u2019association de commer\u00e7ants Michelet C\u0153ur de Ville accueille le graffeur Zeyo. Samedi 14\u00a0juin \u00e0 partir de 15 heures, des ateliers graphiques gratuits et ouverts \u00e0 tous seront propos\u00e9s, en plus des nombreux commer\u00e7ants et artisans locaux pr\u00eats \u00e0 vous faire d\u00e9couvrir leurs produits.<\/p>\n","protected":false},"excerpt":{"rendered":"Du jeudi\u00a012 au samedi 14\u00a0juin, plus de 200 commer\u00e7ants et boutiques ambulantes confondus ouvriront grand leurs portes pour&hellip;\n","protected":false},"author":2,"featured_media":167953,"comment_status":"","ping_status":"","sticky":false,"template":"","format":"standard","meta":{"footnotes":""},"categories":[9653],"tags":[1111,11,2430,4406,33,7539,1777,674,1011,27,12,25,4001,7538],"class_list":{"0":"post-167952","1":"post","2":"type-post","3":"status-publish","4":"format-standard","5":"has-post-thumbnail","7":"category-saint-etienne","8":"tag-actu","9":"tag-actualites","10":"tag-auvergne-rhone-alpes","11":"tag-commerce-et-services","12":"tag-economie","13":"tag-edition-loire-sud","14":"tag-eu","15":"tag-europe","16":"tag-fr","17":"tag-france","18":"tag-news","19":"tag-republique-francaise","20":"tag-saint-etienne","21":"tag-saint-etienne-ville"},"share_on_mastodon":{"url":"https:\/\/pubeurope.com\/@fr\/114664259325123627","error":""},"_links":{"self":[{"href":"https:\/\/www.europesays.com\/fr\/wp-json\/wp\/v2\/posts\/167952","targetHints":{"allow":["GET"]}}],"collection":[{"href":"https:\/\/www.europesays.com\/fr\/wp-json\/wp\/v2\/posts"}],"about":[{"href":"https:\/\/www.europesays.com\/fr\/wp-json\/wp\/v2\/types\/post"}],"author":[{"embeddable":true,"href":"https:\/\/www.europesays.com\/fr\/wp-json\/wp\/v2\/users\/2"}],"replies":[{"embeddable":true,"href":"https:\/\/www.europesays.com\/fr\/wp-json\/wp\/v2\/comments?post=167952"}],"version-history":[{"count":0,"href":"https:\/\/www.europesays.com\/fr\/wp-json\/wp\/v2\/posts\/167952\/revisions"}],"wp:featuredmedia":[{"embeddable":true,"href":"https:\/\/www.europesays.com\/fr\/wp-json\/wp\/v2\/media\/167953"}],"wp:attachment":[{"href":"https:\/\/www.europesays.com\/fr\/wp-json\/wp\/v2\/media?parent=167952"}],"wp:term":[{"taxonomy":"category","embeddable":true,"href":"https:\/\/www.europesays.com\/fr\/wp-json\/wp\/v2\/categories?post=167952"},{"taxonomy":"post_tag","embeddable":true,"href":"https:\/\/www.europesays.com\/fr\/wp-json\/wp\/v2\/tags?post=167952"}],"curies":[{"name":"wp","href":"https:\/\/api.w.org\/{rel}","templated":true}]}}