{"id":167964,"date":"2025-06-11T10:33:10","date_gmt":"2025-06-11T10:33:10","guid":{"rendered":"https:\/\/www.europesays.com\/fr\/167964\/"},"modified":"2025-06-11T10:33:10","modified_gmt":"2025-06-11T10:33:10","slug":"blesse-au-visage-aux-jambes-et-au-ventre-lors-dune-agression-nocturne","status":"publish","type":"post","link":"https:\/\/www.europesays.com\/fr\/167964\/","title":{"rendered":"bless\u00e9 au visage, aux jambes et au ventre lors d\u2019une agression nocturne"},"content":{"rendered":"<p>            Par<br \/>\n        <strong><br \/>\n            <a href=\"https:\/\/actu.fr\/auteur\/lea-pippinato\" title=\"Consulter tous les articles de L\u00e9a Pippinato\" rel=\"nofollow noopener\" target=\"_blank\">L\u00e9a Pippinato<\/a><br \/>\n        <\/strong><\/p>\n<p>        Publi\u00e9 le<\/p>\n<p>            11 juin 2025 \u00e0 10h40<br \/>\n        ; mis \u00e0 jour le 11 juin 2025 \u00e0 12h00    <\/p>\n<p>\u00c0 3h45 du matin, <strong>dans la nuit du 6 au 7 juin<\/strong>, un appel parvient aux services de police nationale de Montpellier. <strong>Une rixe<\/strong> a \u00e9clat\u00e9 avenue Louis Ravas, dans <strong>le quartier Alco<\/strong>. \u00c0 leur arriv\u00e9e, les agents d\u00e9couvrent un homme de 53 ans, bless\u00e9. Il saigne du visage, des jambes et du ventre. Selon le constat m\u00e9dical, ses blessures, bien que superficielles, entra\u00eenent trois jours d\u2019incapacit\u00e9 totale de travail (ITT).<\/p>\n<p>    <a href=\"https:\/\/www.google.com\/maps\/embed?pb=!1m18!1m12!1m3!1d2888.2661602032344!2d3.844515876460523!3d43.621818971103494!2m3!1f0!2f0!3f0!3m2!1i1024!2i768!4f13.1!3m3!1m2!1s0x12b6aeed6f826bc7%3A0x80007fe407f6c3a8!2sAv.%20Professeur%20Louis%20Ravas%2C%20Montpellier!5e0!3m2!1sen!2sfr!4v1749625990307!5m2!1sen!2sfr\" title=\"Ouvrie le lien\" rel=\"nofollow noopener\" target=\"_blank\">Cliquez ici pour visualiser le contenu<\/a><\/p>\n<p>Des suspects interpell\u00e9s \u00e0 quelques m\u00e8tres<\/p>\n<p class=\" wall-content\">Tr\u00e8s vite, les premiers t\u00e9moignages guident les policiers vers une \u00e9picerie de nuit, toute proche de la sc\u00e8ne. Deux jeunes hommes de 20 ans s\u2019y trouvent encore. Ils ne tentent pas de fuir, et les agents les interpellent sans difficult\u00e9. Le contr\u00f4le d\u2019alcool\u00e9mie r\u00e9v\u00e8le un taux de 1,20 g\/l pour l\u2019un d\u2019eux. Son comparse, visiblement ivre, refuse de se soumettre au test. Dans ses poches, les policiers d\u00e9couvrent un cutter.<\/p>\n<p class=\" wall-content\">Les deux jeunes hommes sont plac\u00e9s en garde \u00e0 vue. Ils nient toute implication dans les faits. Leurs versions ne permettent pas d\u2019\u00e9claircir les circonstances exactes de l\u2019altercation. Aucun motif apparent. Les enqu\u00eateurs envisagent un acte gratuit. <strong>Ce dimanche 8 juin 2025<\/strong>, les deux suspects ont \u00e9t\u00e9 d\u00e9f\u00e9r\u00e9s devant le parquet de Montpellier.\u00a0<\/p>\n<p class=\" wall-content\">Suivez toute l\u2019actualit\u00e9 de vos villes et m\u00e9dias favoris en vous inscrivant \u00e0 <a href=\"https:\/\/moncompte.actu.fr\" title=\"D\u00e9couvez Mon Actu\" rel=\"nofollow noopener\" data-trk=\"{&quot;cta&quot;:{&quot;action&quot;:&quot;https:\\\/\\\/moncompte.actu.fr&quot;,&quot;category&quot;:&quot;mon compte&quot;,&quot;from&quot;:&quot;article footer&quot;,&quot;name&quot;:&quot;Mon actu&quot;,&quot;type&quot;:&quot;cta&quot;}}\" target=\"_blank\">Mon Actu<\/a>.<\/p>\n<ul class=\"ac-article-tag wall-content\">\n<li><a href=\"https:\/\/actu.fr\/tag\/police\" data-trk=\"{&quot;cta&quot;:{&quot;action&quot;:&quot;Police&quot;,&quot;category&quot;:&quot;tag&quot;,&quot;from&quot;:&quot;article footer&quot;,&quot;name&quot;:&quot;Police&quot;,&quot;type&quot;:&quot;cta&quot;}}\" rel=\"nofollow noopener\" target=\"_blank\">#Police<\/a><\/li>\n<li><a href=\"https:\/\/actu.fr\/tag\/violences-urbaines\" data-trk=\"{&quot;cta&quot;:{&quot;action&quot;:&quot;Violences urbaines&quot;,&quot;category&quot;:&quot;tag&quot;,&quot;from&quot;:&quot;article footer&quot;,&quot;name&quot;:&quot;Violences urbaines&quot;,&quot;type&quot;:&quot;cta&quot;}}\" rel=\"nofollow noopener\" target=\"_blank\">#Violences urbaines<\/a><\/li>\n<\/ul>\n","protected":false},"excerpt":{"rendered":"Par L\u00e9a Pippinato Publi\u00e9 le 11 juin 2025 \u00e0 10h40 ; mis \u00e0 jour le 11 juin 2025&hellip;\n","protected":false},"author":2,"featured_media":167965,"comment_status":"","ping_status":"","sticky":false,"template":"","format":"standard","meta":{"footnotes":""},"categories":[9599],"tags":[1111,11,1777,674,118,1011,27,2208,12,2680,1072,25,7501],"class_list":{"0":"post-167964","1":"post","2":"type-post","3":"status-publish","4":"format-standard","5":"has-post-thumbnail","7":"category-montpellier","8":"tag-actu","9":"tag-actualites","10":"tag-eu","11":"tag-europe","12":"tag-faits-divers","13":"tag-fr","14":"tag-france","15":"tag-montpellier","16":"tag-news","17":"tag-occitanie","18":"tag-police","19":"tag-republique-francaise","20":"tag-violences-urbaines"},"share_on_mastodon":{"url":"https:\/\/pubeurope.com\/@fr\/114664282777356041","error":""},"_links":{"self":[{"href":"https:\/\/www.europesays.com\/fr\/wp-json\/wp\/v2\/posts\/167964","targetHints":{"allow":["GET"]}}],"collection":[{"href":"https:\/\/www.europesays.com\/fr\/wp-json\/wp\/v2\/posts"}],"about":[{"href":"https:\/\/www.europesays.com\/fr\/wp-json\/wp\/v2\/types\/post"}],"author":[{"embeddable":true,"href":"https:\/\/www.europesays.com\/fr\/wp-json\/wp\/v2\/users\/2"}],"replies":[{"embeddable":true,"href":"https:\/\/www.europesays.com\/fr\/wp-json\/wp\/v2\/comments?post=167964"}],"version-history":[{"count":0,"href":"https:\/\/www.europesays.com\/fr\/wp-json\/wp\/v2\/posts\/167964\/revisions"}],"wp:featuredmedia":[{"embeddable":true,"href":"https:\/\/www.europesays.com\/fr\/wp-json\/wp\/v2\/media\/167965"}],"wp:attachment":[{"href":"https:\/\/www.europesays.com\/fr\/wp-json\/wp\/v2\/media?parent=167964"}],"wp:term":[{"taxonomy":"category","embeddable":true,"href":"https:\/\/www.europesays.com\/fr\/wp-json\/wp\/v2\/categories?post=167964"},{"taxonomy":"post_tag","embeddable":true,"href":"https:\/\/www.europesays.com\/fr\/wp-json\/wp\/v2\/tags?post=167964"}],"curies":[{"name":"wp","href":"https:\/\/api.w.org\/{rel}","templated":true}]}}