{"id":167977,"date":"2025-06-11T10:40:09","date_gmt":"2025-06-11T10:40:09","guid":{"rendered":"https:\/\/www.europesays.com\/fr\/167977\/"},"modified":"2025-06-11T10:40:09","modified_gmt":"2025-06-11T10:40:09","slug":"les-vendeuses-de-roses-ambulantes-accusees-de-voler-des-fleuristes-pour-sapprovisionner","status":"publish","type":"post","link":"https:\/\/www.europesays.com\/fr\/167977\/","title":{"rendered":"les vendeuses de roses ambulantes accus\u00e9es de voler des fleuristes pour s\u2019approvisionner"},"content":{"rendered":"<p>            Par<br \/>\n        <strong><br \/>\n            <a href=\"https:\/\/actu.fr\/auteur\/ivan-capecchi\" title=\"Consulter tous les articles de Ivan CAPECCHI\" rel=\"nofollow noopener\" target=\"_blank\">Ivan CAPECCHI<\/a><br \/>\n        <\/strong><\/p>\n<p>        Publi\u00e9 le<\/p>\n<p>            11 juin 2025 \u00e0 12h06        <\/p>\n<p>Des <strong>fleuristes \u00e0 Strasbourg<\/strong> d\u00e9noncent des vols de la part des <strong>vendeuses de roses ambulantes<\/strong> que l\u2019on peut voir r\u00e9guli\u00e8rement dans les rues les plus fr\u00e9quent\u00e9es de la ville.<\/p>\n<p>\u00ab\u2009Les femmes font diversion pendant que d\u2019autres volent des roses\u2009\u00bb<\/p>\n<p class=\" wall-content\">C\u2019est le cas de Julie*, fleuriste\u2009: \u00ab\u2009Globalement, elles arrivent \u00e0 la boutique \u00e0 deux, voire trois. Elles sont parfois<strong> accompagn\u00e9es d\u2019hommes<\/strong>. Quand c\u2019est le cas, les femmes font diversion en venant nous <strong>parler<\/strong>, en<strong> n\u00e9gociant les prix<\/strong> ou en nous payant avec de la <strong>petite monnaie<\/strong> pour qu\u2019on<strong> prenne du temps \u00e0 compter<\/strong>, pendant que [leurs complices subtilisent] des roses\u2009\u00bb.<\/p>\n<p class=\" wall-content\">Marie d\u00e9crit encore un autre mode op\u00e9ratoire\u2009: \u00ab<strong>\u2009Parfois, elles envoient leurs enfants<\/strong>. Quand on les course ensuite pour essayer de r\u00e9cup\u00e9rer notre marchandise, on voit les femmes patienter au coin de la rue\u2009\u00bb.<\/p>\n<p>\u00ab\u2009Je peux comprendre que des gens arrivent \u00e0 voler pour subsister\u2009\u00bb<\/p>\n<p class=\" wall-content\">M\u00eame si elle regrette ces vols, Julie peut les comprendre\u2009: \u00ab<strong>\u2009Je comprends que des gens en arrivent \u00e0 voler pour subsister<\/strong>, je ne connais pas leur situation personnelle\u2009\u00bb.<\/p>\n<p class=\" wall-content\">Marie est moins cl\u00e9mente\u2009: \u00ab<strong>\u2009Le vol, \u00e7a ne se fait pas<\/strong>. Je fais 39h par semaine pour gagner mon salaire, voir des gens voler la marchandise qui me fait vivre, c\u2019est un peu aga\u00e7ant\u2009\u00bb.<\/p>\n<p class=\" wall-content\">\u00ab\u2009Moi ce qui m\u2019emb\u00eate plus, <strong>c\u2019est la mani\u00e8re dont elles vendent les roses dans la rue ensuite<\/strong>. Quand elles voient que les personnes ne sont pas int\u00e9ress\u00e9es, elles sont pleines de d\u00e9dain, presque violentes\u2009\u00bb, reprend Julie.<\/p>\n<p>Les fleuristes r\u00e9guli\u00e8rement victimes de vols<\/p>\n<p class=\" wall-content\">Dans tous les cas, tous les fleuristes contact\u00e9s affirment <strong>devoir faire face \u00e0 des vols r\u00e9guliers<\/strong>, et pas seulement de la part de ces marchandes ambulantes, loin de l\u00e0.<\/p>\n<p class=\" wall-content\">\u00ab<strong>\u2009On a tous affaire \u00e0 des vols<\/strong>\u2009\u00bb, confirme J\u00e9r\u00f4me, lui aussi fleuriste. \u00ab\u2009Parfois, en hiver, on se fait voler des trucs\u2009\u00bb, t\u00e9moigne Sarah. \u00ab\u2009Quand la temp\u00e9rature nous le permet, on sort nos fleurs \u00e0 l\u2019ext\u00e9rieur et on a tr\u00e8s souvent des <strong>vols \u00e0 l\u2019\u00e9talage<\/strong>\u2009\u00bb, d\u00e9plore Marie.<\/p>\n<p class=\" wall-content\">*Tous les pr\u00e9noms ont \u00e9t\u00e9 modifi\u00e9s.<\/p>\n<p class=\" wall-content\">Suivez toute l\u2019actualit\u00e9 de vos villes et m\u00e9dias favoris en vous inscrivant \u00e0 <a href=\"https:\/\/moncompte.actu.fr\" title=\"D\u00e9couvez Mon Actu\" rel=\"nofollow noopener\" data-trk=\"{&quot;cta&quot;:{&quot;action&quot;:&quot;https:\\\/\\\/moncompte.actu.fr&quot;,&quot;category&quot;:&quot;mon compte&quot;,&quot;from&quot;:&quot;article footer&quot;,&quot;name&quot;:&quot;Mon actu&quot;,&quot;type&quot;:&quot;cta&quot;}}\" target=\"_blank\">Mon Actu<\/a>.<\/p>\n","protected":false},"excerpt":{"rendered":"Par Ivan CAPECCHI Publi\u00e9 le 11 juin 2025 \u00e0 12h06 Des fleuristes \u00e0 Strasbourg d\u00e9noncent des vols de&hellip;\n","protected":false},"author":2,"featured_media":167978,"comment_status":"","ping_status":"","sticky":false,"template":"","format":"standard","meta":{"footnotes":""},"categories":[2820],"tags":[1111,11,3514,1777,674,118,1011,27,775,12,25,640],"class_list":{"0":"post-167977","1":"post","2":"type-post","3":"status-publish","4":"format-standard","5":"has-post-thumbnail","7":"category-strasbourg","8":"tag-actu","9":"tag-actualites","10":"tag-arnaque","11":"tag-eu","12":"tag-europe","13":"tag-faits-divers","14":"tag-fr","15":"tag-france","16":"tag-grand-est","17":"tag-news","18":"tag-republique-francaise","19":"tag-strasbourg"},"share_on_mastodon":{"url":"https:\/\/pubeurope.com\/@fr\/114664310472496346","error":""},"_links":{"self":[{"href":"https:\/\/www.europesays.com\/fr\/wp-json\/wp\/v2\/posts\/167977","targetHints":{"allow":["GET"]}}],"collection":[{"href":"https:\/\/www.europesays.com\/fr\/wp-json\/wp\/v2\/posts"}],"about":[{"href":"https:\/\/www.europesays.com\/fr\/wp-json\/wp\/v2\/types\/post"}],"author":[{"embeddable":true,"href":"https:\/\/www.europesays.com\/fr\/wp-json\/wp\/v2\/users\/2"}],"replies":[{"embeddable":true,"href":"https:\/\/www.europesays.com\/fr\/wp-json\/wp\/v2\/comments?post=167977"}],"version-history":[{"count":0,"href":"https:\/\/www.europesays.com\/fr\/wp-json\/wp\/v2\/posts\/167977\/revisions"}],"wp:featuredmedia":[{"embeddable":true,"href":"https:\/\/www.europesays.com\/fr\/wp-json\/wp\/v2\/media\/167978"}],"wp:attachment":[{"href":"https:\/\/www.europesays.com\/fr\/wp-json\/wp\/v2\/media?parent=167977"}],"wp:term":[{"taxonomy":"category","embeddable":true,"href":"https:\/\/www.europesays.com\/fr\/wp-json\/wp\/v2\/categories?post=167977"},{"taxonomy":"post_tag","embeddable":true,"href":"https:\/\/www.europesays.com\/fr\/wp-json\/wp\/v2\/tags?post=167977"}],"curies":[{"name":"wp","href":"https:\/\/api.w.org\/{rel}","templated":true}]}}