{"id":167983,"date":"2025-06-11T10:43:10","date_gmt":"2025-06-11T10:43:10","guid":{"rendered":"https:\/\/www.europesays.com\/fr\/167983\/"},"modified":"2025-06-11T10:43:10","modified_gmt":"2025-06-11T10:43:10","slug":"apres-lappel-de-nice-les-jeux-restent-ouverts-pour-les-dernieres-negociations-sur-le-traite-plastique","status":"publish","type":"post","link":"https:\/\/www.europesays.com\/fr\/167983\/","title":{"rendered":"Apr\u00e8s l\u2019appel de Nice, les jeux restent ouverts pour les derni\u00e8res n\u00e9gociations sur le trait\u00e9 plastique"},"content":{"rendered":"<p>C&rsquo;\u00e9tait l&rsquo;un des objectifs affich\u00e9s par la pr\u00e9sidence fran\u00e7aise\u00a0: rallier un maximum de pays au soutien d&rsquo;un trait\u00e9 plastique ambitieux. \u00ab\u00a0L&rsquo;appel de Nice pour un trait\u00e9 ambitieux\u00a0\u00bb, sign\u00e9 hier par 95 pays, en est la concr\u00e9tisation. Outre une conception garantissant un moindre impact environnemental, le texte mentionne explicitement la n\u00e9cessit\u00e9 de se fixer\u00a0\u00ab\u00a0un objectif mondial de r\u00e9duction de la production et de la consommation de polym\u00e8res plastiques primaires\u00a0\u00bb. C&rsquo;est pr\u00e9cis\u00e9ment ce point qui, en suscitant l&rsquo;opposition de pays p\u00e9troliers, Arabie saoudite, Iran et Russie en t\u00eate, avait fait capoter les pr\u00e9c\u00e9dentes n\u00e9gociations. Car de coproduit p\u00e9trolier, le plastique est devenu au fil du temps un relais de croissance pour les p\u00e9troliers, dans la perspective d&rsquo;une r\u00e9duction du march\u00e9 de l&rsquo;\u00e9nergie. Or, on compte parmi les signataires de Nice des pays producteurs de p\u00e9trole, tels que la Norv\u00e8ge ou le Mexique.<\/p>\n","protected":false},"excerpt":{"rendered":"C&rsquo;\u00e9tait l&rsquo;un des objectifs affich\u00e9s par la pr\u00e9sidence fran\u00e7aise\u00a0: rallier un maximum de pays au soutien d&rsquo;un trait\u00e9&hellip;\n","protected":false},"author":2,"featured_media":167984,"comment_status":"","ping_status":"","sticky":false,"template":"","format":"standard","meta":{"footnotes":""},"categories":[2819],"tags":[17,1111,11,150,1129,1777,674,1011,27,330,30132,151,12,2401,882,25,21339,12522],"class_list":{"0":"post-167983","1":"post","2":"type-post","3":"status-publish","4":"format-standard","5":"has-post-thumbnail","7":"category-nice","8":"tag-17","9":"tag-actu","10":"tag-actualites","11":"tag-apres","12":"tag-climat","13":"tag-eu","14":"tag-europe","15":"tag-fr","16":"tag-france","17":"tag-jeux","18":"tag-lappel","19":"tag-les","20":"tag-news","21":"tag-nice","22":"tag-provence-alpes-cote-dazur","23":"tag-republique-francaise","24":"tag-restent","25":"tag-unoc"},"share_on_mastodon":{"url":"https:\/\/pubeurope.com\/@fr\/114664322102218077","error":""},"_links":{"self":[{"href":"https:\/\/www.europesays.com\/fr\/wp-json\/wp\/v2\/posts\/167983","targetHints":{"allow":["GET"]}}],"collection":[{"href":"https:\/\/www.europesays.com\/fr\/wp-json\/wp\/v2\/posts"}],"about":[{"href":"https:\/\/www.europesays.com\/fr\/wp-json\/wp\/v2\/types\/post"}],"author":[{"embeddable":true,"href":"https:\/\/www.europesays.com\/fr\/wp-json\/wp\/v2\/users\/2"}],"replies":[{"embeddable":true,"href":"https:\/\/www.europesays.com\/fr\/wp-json\/wp\/v2\/comments?post=167983"}],"version-history":[{"count":0,"href":"https:\/\/www.europesays.com\/fr\/wp-json\/wp\/v2\/posts\/167983\/revisions"}],"wp:featuredmedia":[{"embeddable":true,"href":"https:\/\/www.europesays.com\/fr\/wp-json\/wp\/v2\/media\/167984"}],"wp:attachment":[{"href":"https:\/\/www.europesays.com\/fr\/wp-json\/wp\/v2\/media?parent=167983"}],"wp:term":[{"taxonomy":"category","embeddable":true,"href":"https:\/\/www.europesays.com\/fr\/wp-json\/wp\/v2\/categories?post=167983"},{"taxonomy":"post_tag","embeddable":true,"href":"https:\/\/www.europesays.com\/fr\/wp-json\/wp\/v2\/tags?post=167983"}],"curies":[{"name":"wp","href":"https:\/\/api.w.org\/{rel}","templated":true}]}}