{"id":167996,"date":"2025-06-11T10:50:09","date_gmt":"2025-06-11T10:50:09","guid":{"rendered":"https:\/\/www.europesays.com\/fr\/167996\/"},"modified":"2025-06-11T10:50:09","modified_gmt":"2025-06-11T10:50:09","slug":"pres-de-lille-plus-de-6000-livres-vendus-a-1-e-durant-deux-jours-a-la-bouquinerie-du-sart","status":"publish","type":"post","link":"https:\/\/www.europesays.com\/fr\/167996\/","title":{"rendered":"Pr\u00e8s de Lille. Plus de 6000 livres vendus \u00e0 1 \u20ac durant deux jours \u00e0 la Bouquinerie du Sart"},"content":{"rendered":"<p>            Par<br \/>\n        <strong><br \/>\n            <a href=\"https:\/\/actu.fr\/auteur\/hervine-mahaud\" title=\"Consulter tous les articles de Hervine Mahaud\" target=\"_blank\" rel=\"noopener\">Hervine Mahaud<\/a><br \/>\n        <\/strong><\/p>\n<p>        Publi\u00e9 le<\/p>\n<p>            11 juin 2025 \u00e0 12h46        <\/p>\n<p>Voil\u00e0 un <a href=\"https:\/\/actu.fr\/tag\/bon-plan-a-lille\" target=\"_blank\" rel=\"noopener\">bon plan<\/a> qui va vous permettre de remplir votre biblioth\u00e8que sans casser votre tirelire. Vendredi 13 et samedi 14 juin 2025, la <b>Bouquinerie du Sart<\/b> de<b> <\/b><a href=\"https:\/\/actu.fr\/hauts-de-france\/wambrechies_59636\" target=\"_blank\" rel=\"noopener\">Wambrechies<\/a>, <a href=\"https:\/\/actu.fr\/hauts-de-france\/wambrechies_59636\/une-nouvelle-boutique-de-la-bouquinerie-du-sart-ouvre-pres-de-lille_62489887.html\" target=\"_blank\" rel=\"noopener\">ouverte en avril dernier<\/a>, organise sa <b>premi\u00e8re grande vente de livres \u00e0 1 \u20ac<\/b>.<\/p>\n<p>Plus de 6000 livres \u00e0 petit prix<\/p>\n<p class=\" wall-content\">Romans, polars, livres jeunesse, thrillers, BD, cuisine, d\u00e9veloppement perso\u2026 Plus de <b>6000 ouvrages<\/b> seront propos\u00e9s pendant deux jours dans une pi\u00e8ce d\u00e9di\u00e9e de <b>200 m\u00b2<\/b>. Le principe est simple : <b>tout \u00e0 1 \u20ac<\/b>. Id\u00e9al pour faire le plein de lectures sans exploser son budget.<\/p>\n<p>Une bouquinerie pas comme les autres<\/p>\n<p class=\" wall-content\">Derri\u00e8re cette vente, il y a <b>un vrai projet d\u2019insertion<\/b>. La Bouquinerie du Sart collecte, trie et revend les dons de livres et v\u00eatements, tout en <b>formant et accompagnant des personnes h\u00e9berg\u00e9es en foyer<\/b>, via des <b>contrats d\u2019insertion de 10 mois<\/b>.<\/p>\n<p class=\" wall-content\">Objectif : <b>un retour vers l\u2019emploi durable<\/b>, avec un passage par les m\u00e9tiers de la vente et un accompagnement humain.<\/p>\n<p class=\" wall-content\">Un bon plan lecture doubl\u00e9 d\u2019un geste solidaire. Bref, de quoi allier culture, \u00e9conomie et coup de pouce local.<b\/><\/p>\n<p>Vid\u00e9os : en ce moment sur Actu<\/p>\n<p>Infos pratiques : vente de livres \u00e0 1 \u20ac \u00e0 la Bouquinerie du Sart de Wambrechies, 575 rue du Quesnoy, juste \u00e0 droite du Match. Vendredi 13 juin\u00a0de 11h \u00e0 19h et samedi 14 juin de 10h \u00e0 18h.<\/p>\n<p class=\" wall-content\">Suivez toute l\u2019actualit\u00e9 de vos villes et m\u00e9dias favoris en vous inscrivant \u00e0 <a href=\"https:\/\/moncompte.actu.fr\" title=\"D\u00e9couvez Mon Actu\" rel=\"nofollow noopener\" data-trk=\"{&quot;cta&quot;:{&quot;action&quot;:&quot;https:\\\/\\\/moncompte.actu.fr&quot;,&quot;category&quot;:&quot;mon compte&quot;,&quot;from&quot;:&quot;article footer&quot;,&quot;name&quot;:&quot;Mon actu&quot;,&quot;type&quot;:&quot;cta&quot;}}\" target=\"_blank\">Mon Actu<\/a>.<\/p>\n","protected":false},"excerpt":{"rendered":"Par Hervine Mahaud Publi\u00e9 le 11 juin 2025 \u00e0 12h46 Voil\u00e0 un bon plan qui va vous permettre&hellip;\n","protected":false},"author":2,"featured_media":167997,"comment_status":"","ping_status":"","sticky":false,"template":"","format":"standard","meta":{"footnotes":""},"categories":[2815],"tags":[1111,11,6557,1777,674,1011,27,811,1307,1380,1652,12,25,7167],"class_list":{"0":"post-167996","1":"post","2":"type-post","3":"status-publish","4":"format-standard","5":"has-post-thumbnail","7":"category-lille","8":"tag-actu","9":"tag-actualites","10":"tag-bon-plan-a-lille","11":"tag-eu","12":"tag-europe","13":"tag-fr","14":"tag-france","15":"tag-hauts-de-france","16":"tag-lille","17":"tag-livres","18":"tag-loisirs-culture","19":"tag-news","20":"tag-republique-francaise","21":"tag-seconde-main"},"share_on_mastodon":{"url":"https:\/\/pubeurope.com\/@fr\/114664349599520631","error":""},"_links":{"self":[{"href":"https:\/\/www.europesays.com\/fr\/wp-json\/wp\/v2\/posts\/167996","targetHints":{"allow":["GET"]}}],"collection":[{"href":"https:\/\/www.europesays.com\/fr\/wp-json\/wp\/v2\/posts"}],"about":[{"href":"https:\/\/www.europesays.com\/fr\/wp-json\/wp\/v2\/types\/post"}],"author":[{"embeddable":true,"href":"https:\/\/www.europesays.com\/fr\/wp-json\/wp\/v2\/users\/2"}],"replies":[{"embeddable":true,"href":"https:\/\/www.europesays.com\/fr\/wp-json\/wp\/v2\/comments?post=167996"}],"version-history":[{"count":0,"href":"https:\/\/www.europesays.com\/fr\/wp-json\/wp\/v2\/posts\/167996\/revisions"}],"wp:featuredmedia":[{"embeddable":true,"href":"https:\/\/www.europesays.com\/fr\/wp-json\/wp\/v2\/media\/167997"}],"wp:attachment":[{"href":"https:\/\/www.europesays.com\/fr\/wp-json\/wp\/v2\/media?parent=167996"}],"wp:term":[{"taxonomy":"category","embeddable":true,"href":"https:\/\/www.europesays.com\/fr\/wp-json\/wp\/v2\/categories?post=167996"},{"taxonomy":"post_tag","embeddable":true,"href":"https:\/\/www.europesays.com\/fr\/wp-json\/wp\/v2\/tags?post=167996"}],"curies":[{"name":"wp","href":"https:\/\/api.w.org\/{rel}","templated":true}]}}