{"id":167998,"date":"2025-06-11T10:51:18","date_gmt":"2025-06-11T10:51:18","guid":{"rendered":"https:\/\/www.europesays.com\/fr\/167998\/"},"modified":"2025-06-11T10:51:18","modified_gmt":"2025-06-11T10:51:18","slug":"lille-deploie-le-programme-marguerite-et-14-de-ses-solutions-de-logistique-urbaine","status":"publish","type":"post","link":"https:\/\/www.europesays.com\/fr\/167998\/","title":{"rendered":"Lille d\u00e9ploie le programme Marguerite et 14 de ses solutions de logistique urbaine"},"content":{"rendered":"<p>C&rsquo;est au tour de Lille, et des communes avoisinantes de Lomme et de Hellemmes, de d\u00e9ployer le <a href=\"https:\/\/www.voxlog.fr\/actualite\/7181\/programme-marguerite-la-fabrique-de-la-logistique-au-service-des-artisans-et-des-commercants\" target=\"_blank\" rel=\"nofollow noopener\">programme Marguerite<\/a>\u00a0pour une logistique du dernier kilom\u00e8tre durable, en partenariat avec la Ville de Lille, la CCI Grand Lille et la CMA Hauts-de-France. 14 solutions de logistique urbaine (cyclologistique, livraisons mutualis\u00e9es, tourn\u00e9es d\u2019approvisionnement, \u00e9vacuation de d\u00e9chets, solutions de stockage&#8230;) ont \u00e9t\u00e9 adopt\u00e9es pour accompagner les artisans et les commer\u00e7ants : Happy Moov, 2R Aventure, Les Ripeurs, Dooitch, Cit\u00e9liv, Le Fourgon, G\u00e9odis, Tri N Collect, Lille Bike, Woop, Log\u2019issimo, La Bici, Livrado, Carbon Z\u00e9ro. \u00ab Le territoire lillois est, pour le programme Marguerite, le premier territoire \u00e0 se lancer avec un catalogue de solutions op\u00e9rationnelles s\u00e9lectionn\u00e9es \u00e0 travers un appel \u00e0 manifestation d\u2019int\u00e9r\u00eat, commente J\u00e9r\u00f4me Rouge, pr\u00e9sident du Programme Marguerite et de La Fabrique de la Logistique. En f\u00e9d\u00e9rant des acteurs engag\u00e9s autour de solutions robustes, nous donnons aux artisans et commer\u00e7ants les moyens d\u2019exp\u00e9rimenter de nouveaux mod\u00e8les logistiques, plus sobres et plus performants. Ce d\u00e9ploiement \u00e0 Lille, Lomme et Hellemmes, est une \u00e9tape majeure pour d\u00e9montrer, sur le terrain, que des solutions concr\u00e8tes existent pour les professionnels afin de r\u00e9duire leur impact environnemental tout en optimisant leur activit\u00e9. \u00bb<\/p>\n<p>Deux objectifs concrets<\/p>\n<p>Outre la mise en place des solutions de logistique urbaine, le premier objectif affich\u00e9 est de r\u00e9duire ou optimiser l\u2019usage du v\u00e9hicule professionnel. Le deuxi\u00e8me est de g\u00e9n\u00e9rer des \u00e9conomies d\u2019\u00e9nergie gr\u00e2ce \u00e0 ces nouvelles pratiques. \u00ab Une transformation d\u2019autant plus b\u00e9n\u00e9fique pour les professionnels, qu\u2019elle s\u2019accompagne de gains de temps et d&rsquo;argent \u00bb, expliquent les partenaires.<br \/>Pour assurer le d\u00e9ploiement local, la Fabrique de la Logistique finance le recrutement de deux coordinateurs territoriaux au sein de la CCI Grand Lille et de la CMA Hauts-de-France charg\u00e9s de travailler sur les diff\u00e9rentes solutions (outils et accompagnement).<\/p>\n<p>\u00a0<\/p>\n<p>\u00c0 lire \u00e9galement :\u00a0<a href=\"https:\/\/www.voxlog.fr\/actualite\/9257\/le-programme-marguerite-eclot-dans-six-metropoles-francaises\" target=\"_blank\" rel=\"noopener\">Le programme Marguerite \u00e9clot dans six m\u00e9tropoles fran\u00e7aises<\/a><\/p>\n","protected":false},"excerpt":{"rendered":"C&rsquo;est au tour de Lille, et des communes avoisinantes de Lomme et de Hellemmes, de d\u00e9ployer le programme&hellip;\n","protected":false},"author":2,"featured_media":167999,"comment_status":"","ping_status":"","sticky":false,"template":"","format":"standard","meta":{"footnotes":""},"categories":[2815],"tags":[1111,11,30135,893,1777,674,1011,27,811,1307,7032,30134,12,30133,25,2803],"class_list":{"0":"post-167998","1":"post","2":"type-post","3":"status-publish","4":"format-standard","5":"has-post-thumbnail","7":"category-lille","8":"tag-actu","9":"tag-actualites","10":"tag-dernier-kilometre","11":"tag-energie","12":"tag-eu","13":"tag-europe","14":"tag-fr","15":"tag-france","16":"tag-hauts-de-france","17":"tag-lille","18":"tag-livraison","19":"tag-logistique-urbaine","20":"tag-news","21":"tag-programme-marguerite","22":"tag-republique-francaise","23":"tag-transport"},"share_on_mastodon":{"url":"https:\/\/pubeurope.com\/@fr\/114664353695369192","error":""},"_links":{"self":[{"href":"https:\/\/www.europesays.com\/fr\/wp-json\/wp\/v2\/posts\/167998","targetHints":{"allow":["GET"]}}],"collection":[{"href":"https:\/\/www.europesays.com\/fr\/wp-json\/wp\/v2\/posts"}],"about":[{"href":"https:\/\/www.europesays.com\/fr\/wp-json\/wp\/v2\/types\/post"}],"author":[{"embeddable":true,"href":"https:\/\/www.europesays.com\/fr\/wp-json\/wp\/v2\/users\/2"}],"replies":[{"embeddable":true,"href":"https:\/\/www.europesays.com\/fr\/wp-json\/wp\/v2\/comments?post=167998"}],"version-history":[{"count":0,"href":"https:\/\/www.europesays.com\/fr\/wp-json\/wp\/v2\/posts\/167998\/revisions"}],"wp:featuredmedia":[{"embeddable":true,"href":"https:\/\/www.europesays.com\/fr\/wp-json\/wp\/v2\/media\/167999"}],"wp:attachment":[{"href":"https:\/\/www.europesays.com\/fr\/wp-json\/wp\/v2\/media?parent=167998"}],"wp:term":[{"taxonomy":"category","embeddable":true,"href":"https:\/\/www.europesays.com\/fr\/wp-json\/wp\/v2\/categories?post=167998"},{"taxonomy":"post_tag","embeddable":true,"href":"https:\/\/www.europesays.com\/fr\/wp-json\/wp\/v2\/tags?post=167998"}],"curies":[{"name":"wp","href":"https:\/\/api.w.org\/{rel}","templated":true}]}}