{"id":168006,"date":"2025-06-11T10:55:09","date_gmt":"2025-06-11T10:55:09","guid":{"rendered":"https:\/\/www.europesays.com\/fr\/168006\/"},"modified":"2025-06-11T10:55:09","modified_gmt":"2025-06-11T10:55:09","slug":"un-couple-de-seniors-retrouve-mort-par-balle-dans-son-appartement-pres-de-lyon","status":"publish","type":"post","link":"https:\/\/www.europesays.com\/fr\/168006\/","title":{"rendered":"Un couple de seniors retrouv\u00e9 mort par balle dans son appartement pr\u00e8s de Lyon"},"content":{"rendered":"<p>Selon les premiers \u00e9l\u00e9ments de l\u2019enqu\u00eate, l\u2019homme de 90 ans aurait tu\u00e9 sa femme par balle avant de retourner l\u2019arme contre lui.<\/p>\n<p class=\"fig-paragraph\">Les forces de l\u2019ordre ont \u00e9t\u00e9 appel\u00e9es ce mardi 10 juin \u00e0\u00a0<a href=\"http:\/\/www.lefigaro.fr\/lyon\/condamne-pour-detournement-de-fonds-philippe-cochet-refuse-de-rendre-son-echarpe-de-maire-de-caluire-et-cuire-20250121\" data-fig-type=\"NewsFlash\" data-gtm-custom-categorie=\"navigation\" data-gtm-custom-action=\"crossclick\" data-gtm-custom-label=\"Contextuel\" data-gtm-event=\"customEventSPE\" data-fig-domain=\"LEFIGARO\" rel=\"nofollow noopener\" target=\"_blank\">Caluire-et-Cuire<\/a>, une commune situ\u00e9e au nord de Lyon, apr\u00e8s la d\u00e9couverte d\u2019un couple de\u00a0<a href=\"http:\/\/www.lefigaro.fr\/politique\/fin-de-vie-apres-le-vote-a-l-assemblee-une-prochaine-etape-incertaine-au-senat-a-l-automne-20250527\" data-fig-type=\"Article\" data-gtm-custom-categorie=\"navigation\" data-gtm-custom-action=\"crossclick\" data-gtm-custom-label=\"Contextuel\" data-gtm-event=\"customEventSPE\" data-fig-domain=\"LEFIGARO\" rel=\"nofollow noopener\" target=\"_blank\">personnes \u00e2g\u00e9es d\u00e9c\u00e9d\u00e9es<\/a>\u00a0dans leur appartement situ\u00e9 dans une r\u00e9sidence pour seniors. Le fils de la victime a contact\u00e9 les forces de l\u2019ordre apr\u00e8s avoir d\u00e9couvert ses parents sans vie, indique une source polici\u00e8re confirmant une information de\u00a0<a href=\"https:\/\/www.bfmtv.com\/lyon\/info-bfm-lyon-caluire-et-cuire-deux-personnes-agees-retrouvees-mortes-par-balle-la-piste-du-suicide-privilegiee_AN-202506100346.html\" target=\"_blank\" rel=\"nofollow noopener\" data-gtm-custom-categorie=\"navigation\" data-gtm-custom-action=\"crossclick\" data-gtm-custom-label=\"Contextuel\" data-gtm-event=\"customEventSPE\">BFM Lyon<\/a>.<\/p>\n<p class=\"fig-paragraph\">D\u2019apr\u00e8s les premiers \u00e9l\u00e9ments de l\u2019enqu\u00eate, l\u2019homme \u00e2g\u00e9 de 90 ans aurait tu\u00e9 sa femme avec une arme \u00e0 feu avant de retourner l\u2019arme contre lui. Une enqu\u00eate pour homicide volontaire a \u00e9t\u00e9 ouverte. La piste du suicide du couple est privil\u00e9gi\u00e9e pour le moment mais les enqu\u00eateurs \u00e9tudient toutes les hypoth\u00e8ses.<\/p>\n","protected":false},"excerpt":{"rendered":"Selon les premiers \u00e9l\u00e9ments de l\u2019enqu\u00eate, l\u2019homme de 90 ans aurait tu\u00e9 sa femme par balle avant de&hellip;\n","protected":false},"author":2,"featured_media":168007,"comment_status":"","ping_status":"","sticky":false,"template":"","format":"standard","meta":{"footnotes":""},"categories":[1889],"tags":[1111,11,5273,2430,5299,5272,5312,5296,5285,1777,674,5293,1011,27,5303,5311,5301,5279,5275,5313,5276,5300,5302,5280,5298,5281,5306,5305,5308,5309,5284,5294,5297,5269,5271,5268,5270,5267,2428,5295,5307,5277,5304,5283,12,978,5274,2571,1072,25,2431,5314,5288,5292,5289,5291,5290,5315,5282,5286,5748,5310,5287,5278],"class_list":{"0":"post-168006","1":"post","2":"type-post","3":"status-publish","4":"format-standard","5":"has-post-thumbnail","7":"category-lyon","8":"tag-actu","9":"tag-actualites","10":"tag-ainay","11":"tag-auvergne-rhone-alpes","12":"tag-bellecombe","13":"tag-bellecour","14":"tag-champvert-nord","15":"tag-champvert-sud","16":"tag-clos-jouve","17":"tag-eu","18":"tag-europe","19":"tag-fourviere","20":"tag-fr","21":"tag-france","22":"tag-gerland","23":"tag-gorge-de-loup","24":"tag-jean-mace","25":"tag-la-buire","26":"tag-la-confluence","27":"tag-la-duchere","28":"tag-la-guillotiere-nord-prefecture","29":"tag-la-guillotiere-sud","30":"tag-la-mouche","31":"tag-la-part-dieu","32":"tag-la-tete-dor","33":"tag-la-villette","34":"tag-laennec","35":"tag-le-bachut","36":"tag-le-grand-trou","37":"tag-le-moulin-a-vent","38":"tag-le-plateau-de-la-croix-rousse","39":"tag-le-point-du-jour","40":"tag-les-brotteaux","41":"tag-les-chartreux","42":"tag-les-cordeliers","43":"tag-les-pentes-de-la-croix-rousse","44":"tag-les-terreaux","45":"tag-les-traboules","46":"tag-lyon","47":"tag-menival","48":"tag-mermoz","49":"tag-moncey","50":"tag-monplaisir","51":"tag-montchat","52":"tag-news","53":"tag-olympique-lyonnais","54":"tag-perrache","55":"tag-personnes-agees","56":"tag-police","57":"tag-republique-francaise","58":"tag-rhone-alpes","59":"tag-rochecardon-industrie","60":"tag-saint-georges","61":"tag-saint-irenee","62":"tag-saint-jean","63":"tag-saint-just","64":"tag-saint-paul","65":"tag-saint-rambert-lile-barbe","66":"tag-sans-souci-dauphine","67":"tag-serin-saint-charles","68":"tag-suicide","69":"tag-vaise","70":"tag-vieux-lyon","71":"tag-voltaire"},"share_on_mastodon":{"url":"","error":"Validation failed: Text character limit of 500 exceeded"},"_links":{"self":[{"href":"https:\/\/www.europesays.com\/fr\/wp-json\/wp\/v2\/posts\/168006","targetHints":{"allow":["GET"]}}],"collection":[{"href":"https:\/\/www.europesays.com\/fr\/wp-json\/wp\/v2\/posts"}],"about":[{"href":"https:\/\/www.europesays.com\/fr\/wp-json\/wp\/v2\/types\/post"}],"author":[{"embeddable":true,"href":"https:\/\/www.europesays.com\/fr\/wp-json\/wp\/v2\/users\/2"}],"replies":[{"embeddable":true,"href":"https:\/\/www.europesays.com\/fr\/wp-json\/wp\/v2\/comments?post=168006"}],"version-history":[{"count":0,"href":"https:\/\/www.europesays.com\/fr\/wp-json\/wp\/v2\/posts\/168006\/revisions"}],"wp:featuredmedia":[{"embeddable":true,"href":"https:\/\/www.europesays.com\/fr\/wp-json\/wp\/v2\/media\/168007"}],"wp:attachment":[{"href":"https:\/\/www.europesays.com\/fr\/wp-json\/wp\/v2\/media?parent=168006"}],"wp:term":[{"taxonomy":"category","embeddable":true,"href":"https:\/\/www.europesays.com\/fr\/wp-json\/wp\/v2\/categories?post=168006"},{"taxonomy":"post_tag","embeddable":true,"href":"https:\/\/www.europesays.com\/fr\/wp-json\/wp\/v2\/tags?post=168006"}],"curies":[{"name":"wp","href":"https:\/\/api.w.org\/{rel}","templated":true}]}}