{"id":168017,"date":"2025-06-11T11:02:09","date_gmt":"2025-06-11T11:02:09","guid":{"rendered":"https:\/\/www.europesays.com\/fr\/168017\/"},"modified":"2025-06-11T11:02:09","modified_gmt":"2025-06-11T11:02:09","slug":"a-paris-victoria-beckham-porte-le-jean-qui-flatte-toutes-les-silhouettes","status":"publish","type":"post","link":"https:\/\/www.europesays.com\/fr\/168017\/","title":{"rendered":"\u00c0 Paris, Victoria Beckham porte le jean qui flatte toutes les silhouettes"},"content":{"rendered":"<p>\u00c0 chacune de ses apparitions, <strong>Victoria Beckham<\/strong> met la barre un peu plus haut c\u00f4t\u00e9 mode\u2026 Lorsqu\u2019elle n\u2019opte pas pour de longues robes du soir \u00e0 la coupe impeccable, elle privil\u00e9gie des silhouettes off-duty toujours sophistiqu\u00e9es, mais pens\u00e9es pour une vie quotidienne \u00e0 cent \u00e0 l\u2019heure. Comme ce 10 juin 2025, dans les rues de Paris, o\u00f9 elle confirmait le grand retour du polo, notamment dans un look ultra-chic.<\/p>\n<p>Marc Piasecki<\/p>\n<p>Victoria Beckham calque le chic \u00e0 la fran\u00e7aise (en version d\u00e9contract\u00e9e), \u00e0 Paris<\/p>\n<p><strong>Victoria Beckham<\/strong> a le don de toujours choisir le jean parfaitement adapt\u00e9 \u00e0 sa morphologie ! Mais l\u2019avantage de celui qu\u2019elle porte en ce d\u00e9but juin  \u00e0 Paris \u2014 un mod\u00e8le flare, en denim brut, rehauss\u00e9 de poches plaqu\u00e9es sur les hanches \u2014, c\u2019est qu\u2019il sublime toutes les silhouettes. Du haut de son m\u00e8tre soixante-trois, <strong>Victoria Beckham<\/strong> nous livre, \u00e0 chacune de ses apparitions, de pr\u00e9cieuses le\u00e7ons de style. Avec quoi porter ce jean aux lignes seventies ? Pour \u00e9viter une interpr\u00e9tation trop premier degr\u00e9, elle l\u2019associe \u00e0 un polo flamboyant, une paire de lunettes masque oversize sign\u00e9es <strong>Phoebe Philo<\/strong>, et un sac intemporel\u2026 le Kelly d\u2019<strong>Herm\u00e8s<\/strong>.<\/p>\n<p>Dans quelles pi\u00e8ces investir pour reproduire le look de Victoria Beckham ?<\/p>\n<p id=\"upc_684951480c5e824ed267c471\" type=\"embed\" class=\"BaseWrap-sc-gjQpdd BaseText-ewhhUZ UnifiedProductCardName-jnQGSN iUEiRd qICFz vJQvI\">Christopher Esber &#8211; polo Straccio en lin et soie m\u00e9lang\u00e9s<\/p>\n<p id=\"upc_68495233e3e26eaa77c1814e\" type=\"embed\" class=\"BaseWrap-sc-gjQpdd BaseText-ewhhUZ UnifiedProductCardName-jnQGSN iUEiRd qICFz vJQvI\">Phoebe Philo &#8211; lunettes oversize<\/p>\n<p id=\"upc_6849525f341636bde56ed2af\" type=\"embed\" class=\"BaseWrap-sc-gjQpdd BaseText-ewhhUZ UnifiedProductCardName-jnQGSN iUEiRd qICFz vJQvI\">Herm\u00e8s &#8211; sac \u00e0 main en cuir Kelly 32<\/p>\n<p>Plus de <a href=\"https:\/\/www.vogue.fr\/mode\" rel=\"nofollow noopener\" target=\"_blank\">mode<\/a> sur Vogue.fr<br \/><a href=\"https:\/\/www.vogue.fr\/article\/tendance-sportswear-aerobic-annees-80\" rel=\"nofollow noopener\" target=\"_blank\">Cette tendance sportswear<\/a> typique des ann\u00e9es 80 sera la star du printemps-\u00e9t\u00e9 2025<br \/>Qui est Veneda Carter, <a href=\"https:\/\/www.vogue.fr\/article\/veneda-carter-styliste-creatrice-portrait\" rel=\"nofollow noopener\" target=\"_blank\">la styliste et cr\u00e9atrice la plus pointue du moment ?<\/a><br \/>Veneda Carter x Timberland : <a href=\"https:\/\/www.vogue.fr\/article\/tendance-chaussure-bottine-talon-timberland-veneda-carter\" rel=\"nofollow noopener\" target=\"_blank\">ces chaussures seront partout ce printemps<\/a><\/p>\n<p><strong>Plus de Vogue sur Youtube :<\/strong><\/p>\n","protected":false},"excerpt":{"rendered":"\u00c0 chacune de ses apparitions, Victoria Beckham met la barre un peu plus haut c\u00f4t\u00e9 mode\u2026 Lorsqu\u2019elle n\u2019opte&hellip;\n","protected":false},"author":2,"featured_media":168018,"comment_status":"","ping_status":"","sticky":false,"template":"","format":"standard","meta":{"footnotes":""},"categories":[1888],"tags":[11,1777,674,1011,27,985,12,626,25],"class_list":{"0":"post-168017","1":"post","2":"type-post","3":"status-publish","4":"format-standard","5":"has-post-thumbnail","7":"category-paris","8":"tag-actualites","9":"tag-eu","10":"tag-europe","11":"tag-fr","12":"tag-france","13":"tag-mode","14":"tag-news","15":"tag-paris","16":"tag-republique-francaise"},"share_on_mastodon":{"url":"https:\/\/pubeurope.com\/@fr\/114664396886238631","error":""},"_links":{"self":[{"href":"https:\/\/www.europesays.com\/fr\/wp-json\/wp\/v2\/posts\/168017","targetHints":{"allow":["GET"]}}],"collection":[{"href":"https:\/\/www.europesays.com\/fr\/wp-json\/wp\/v2\/posts"}],"about":[{"href":"https:\/\/www.europesays.com\/fr\/wp-json\/wp\/v2\/types\/post"}],"author":[{"embeddable":true,"href":"https:\/\/www.europesays.com\/fr\/wp-json\/wp\/v2\/users\/2"}],"replies":[{"embeddable":true,"href":"https:\/\/www.europesays.com\/fr\/wp-json\/wp\/v2\/comments?post=168017"}],"version-history":[{"count":0,"href":"https:\/\/www.europesays.com\/fr\/wp-json\/wp\/v2\/posts\/168017\/revisions"}],"wp:featuredmedia":[{"embeddable":true,"href":"https:\/\/www.europesays.com\/fr\/wp-json\/wp\/v2\/media\/168018"}],"wp:attachment":[{"href":"https:\/\/www.europesays.com\/fr\/wp-json\/wp\/v2\/media?parent=168017"}],"wp:term":[{"taxonomy":"category","embeddable":true,"href":"https:\/\/www.europesays.com\/fr\/wp-json\/wp\/v2\/categories?post=168017"},{"taxonomy":"post_tag","embeddable":true,"href":"https:\/\/www.europesays.com\/fr\/wp-json\/wp\/v2\/tags?post=168017"}],"curies":[{"name":"wp","href":"https:\/\/api.w.org\/{rel}","templated":true}]}}