{"id":168021,"date":"2025-06-11T11:04:10","date_gmt":"2025-06-11T11:04:10","guid":{"rendered":"https:\/\/www.europesays.com\/fr\/168021\/"},"modified":"2025-06-11T11:04:10","modified_gmt":"2025-06-11T11:04:10","slug":"pourquoi-si-peu-detrangers-combattent-en-ukraine-contrairement-aux-conflits-passes","status":"publish","type":"post","link":"https:\/\/www.europesays.com\/fr\/168021\/","title":{"rendered":"Pourquoi si peu d&rsquo;\u00e9trangers combattent en Ukraine, contrairement aux conflits pass\u00e9s?"},"content":{"rendered":"<p>Seuls quelques milliers de ressortissants \u00e9trangers se battent en ce moment aux c\u00f4t\u00e9s de l&rsquo;Ukraine. Sur les plus de 17.000 combattants \u00e9trangers actifs entre 2014 et 2019, <a href=\"https:\/\/www.pism.pl\/publications\/The_Risks_of_Foreign_Fighters_in_the_UkraineRussia_Conflict\" rel=\"nofollow noopener\" target=\"_blank\" data-ylk=\"slk:moins de 4.000;elm:context_link;itc:0;sec:content-canvas\" class=\"link \">moins de 4.000<\/a> l&rsquo;\u00e9taient pour l&rsquo;Ukraine, <a href=\"https:\/\/theins.ru\/en\/politics\/281953\" rel=\"nofollow noopener\" target=\"_blank\" data-ylk=\"slk:indique The Insider;elm:context_link;itc:0;sec:content-canvas\" class=\"link \">indique The Insider<\/a>. Comment expliquer ce chiffre, bien inf\u00e9rieur aux effectifs de conflits pr\u00e9c\u00e9dents? Au cours de la guerre civile espagnole (1936-1939) par exemple, plus de 30.000 citoyens de 50 pays diff\u00e9rents <a href=\"https:\/\/www.ebsco.com\/research-starters\/history\/international-brigades\" rel=\"nofollow noopener\" target=\"_blank\" data-ylk=\"slk:\u00e9taient venus se battre;elm:context_link;itc:0;sec:content-canvas\" class=\"link \">\u00e9taient venus se battre<\/a> pour soutenir le gouvernement socialiste.<\/p>\n<p>Le 27 f\u00e9vrier 2022, quelques jours seulement apr\u00e8s le lancement de <a href=\"https:\/\/www.slate.fr\/monde\/guerre-ukraine-offensive-censee-relancer-avancee-armee-russie-echec-drones-strategie-militaire-moscou-kiev-technologie\" rel=\"nofollow noopener\" target=\"_blank\" data-ylk=\"slk:l&#039;invasion russe;elm:context_link;itc:0;sec:content-canvas\" class=\"link \">l&rsquo;invasion russe<\/a>, l&rsquo;Ukraine a commenc\u00e9 \u00e0 recruter pour la L\u00e9gion internationale de ses forces de d\u00e9fense territoriale. Les autorit\u00e9s ukrainiennes <a href=\"https:\/\/www.unian.net\/world\/v-inostrannyy-legion-gotovy-vstupit-bolee-20-tysyach-inostrancev-sredi-nih-veterany-novosti-mira-11733802.html\" rel=\"nofollow noopener\" target=\"_blank\" data-ylk=\"slk:ont d&#039;abord affirm\u00e9;elm:context_link;itc:0;sec:content-canvas\" class=\"link \">ont d&rsquo;abord affirm\u00e9<\/a> que 20.000 volontaires originaires de 50 pays s&rsquo;\u00e9taient engag\u00e9s. En r\u00e9alit\u00e9, en 2023, <a href=\"https:\/\/www.nytimes.com\/2023\/03\/25\/world\/europe\/volunteers-us-ukraine-lies.html\" rel=\"nofollow noopener\" target=\"_blank\" data-ylk=\"slk:des sources ind\u00e9pendantes;elm:context_link;itc:0;sec:content-canvas\" class=\"link \">des sources ind\u00e9pendantes<\/a> estimaient que seuls 1.500 \u00e0 2.000 d&rsquo;entre eux \u00e9taient activement engag\u00e9s dans le combat. Des rapports r\u00e9alis\u00e9s par des <a href=\"https:\/\/www.kyivpost.com\/post\/46483\" rel=\"nofollow noopener\" target=\"_blank\" data-ylk=\"slk:m\u00e9dias ukrainiens;elm:context_link;itc:0;sec:content-canvas\" class=\"link \">m\u00e9dias ukrainiens<\/a> et <a href=\"https:\/\/www.washingtonpost.com\/world\/2024\/02\/28\/foreign-troops-ukraine-theyre-already-there\/\" rel=\"nofollow noopener\" target=\"_blank\" data-ylk=\"slk:occidentaux;elm:context_link;itc:0;sec:content-canvas\" class=\"link \">occidentaux<\/a> estiment qu&rsquo;en 2025, les ressortissants \u00e9trangers ne sont que plusieurs dizaines par unit\u00e9 ukrainienne.<\/p>\n<p>Ce manque d&rsquo;attractivit\u00e9 s&rsquo;explique d&rsquo;abord par le <a href=\"https:\/\/www.slate.fr\/monde\/russie-pauvres-prix-guerre-ukraine-riches-enrichissement-fracture-sociale-crise-economie-inflation-revenus-oligarques-fortune-sanctions-poutine-kremlin\" rel=\"nofollow noopener\" target=\"_blank\" data-ylk=\"slk:faible salaire;elm:context_link;itc:0;sec:content-canvas\" class=\"link \">faible salaire<\/a> promis \u00e0 ceux qui s&rsquo;engagent. Les <a href=\"https:\/\/www.slate.fr\/dossier\/4743\/soldats\" rel=\"nofollow noopener\" target=\"_blank\" data-ylk=\"slk:soldats;elm:context_link;itc:0;sec:content-canvas\" class=\"link \">soldats<\/a> \u00e9trangers re\u00e7oivent le m\u00eame solde que les ukrainiens: 20.000 hryvnias (environ 420 euros) par mois dans les zones non combattantes, 50.000 hryvnias (environ 1.050 euros) dans les zones de <a href=\"https:\/\/www.slate.fr\/dossier\/1239\/guerre\" rel=\"nofollow noopener\" target=\"_blank\" data-ylk=\"slk:combat;elm:context_link;itc:0;sec:content-canvas\" class=\"link \">combat<\/a> et jusqu&rsquo;\u00e0 120.000 hryvnias (environ 2.530 euros) pour les soldats en premi\u00e8re ligne. Les contrats durent en moyenne six mois, apr\u00e8s quoi les volontaires \u00e9trangers sont libres de rentrer chez eux s&rsquo;ils le souhaitent.<\/p>\n<p>Des alli\u00e9s occidentaux frileux<\/p>\n<p>Les alli\u00e9s de l&rsquo;Ukraine eux-m\u00eames ont appel\u00e9 leurs ressortissants \u00e0 ne pas aller s&rsquo;y battre. En mars 2022, les ministres de la Justice de Belgique, de France, d&rsquo;Allemagne, des Pays-Bas, d&rsquo;Italie, d&rsquo;Espagne et du Luxembourg <a href=\"https:\/\/www.justice.gouv.fr\/actualites\/espace-presse\/reunion-du-groupe-vendome-du-28-mars-2022\" rel=\"nofollow noopener\" target=\"_blank\" data-ylk=\"slk:ont publi\u00e9 une d\u00e9claration commune;elm:context_link;itc:0;sec:content-canvas\" class=\"link \">ont publi\u00e9 une d\u00e9claration commune<\/a>\u2026<\/p>\n<p><a href=\"https:\/\/www.slate.fr\/monde\/pourquoi-peu-volontaires-etrangers-combattre-ukraine\" rel=\"nofollow noopener\" target=\"_blank\" data-ylk=\"slk:Lire la suite sur Slate.fr;elm:context_link;itc:0;sec:content-canvas\" class=\"link \">Lire la suite sur Slate.fr<\/a><\/p>\n","protected":false},"excerpt":{"rendered":"Seuls quelques milliers de ressortissants \u00e9trangers se battent en ce moment aux c\u00f4t\u00e9s de l&rsquo;Ukraine. Sur les plus&hellip;\n","protected":false},"author":2,"featured_media":168022,"comment_status":"","ping_status":"","sticky":false,"template":"","format":"standard","meta":{"footnotes":""},"categories":[1590],"tags":[11,1777,674,5493,30136,12,220],"class_list":{"0":"post-168021","1":"post","2":"type-post","3":"status-publish","4":"format-standard","5":"has-post-thumbnail","7":"category-ukraine","8":"tag-actualites","9":"tag-eu","10":"tag-europe","11":"tag-lukraine","12":"tag-ministres-de-la-justice","13":"tag-news","14":"tag-ukraine"},"share_on_mastodon":{"url":"https:\/\/pubeurope.com\/@fr\/114664404779531214","error":""},"_links":{"self":[{"href":"https:\/\/www.europesays.com\/fr\/wp-json\/wp\/v2\/posts\/168021","targetHints":{"allow":["GET"]}}],"collection":[{"href":"https:\/\/www.europesays.com\/fr\/wp-json\/wp\/v2\/posts"}],"about":[{"href":"https:\/\/www.europesays.com\/fr\/wp-json\/wp\/v2\/types\/post"}],"author":[{"embeddable":true,"href":"https:\/\/www.europesays.com\/fr\/wp-json\/wp\/v2\/users\/2"}],"replies":[{"embeddable":true,"href":"https:\/\/www.europesays.com\/fr\/wp-json\/wp\/v2\/comments?post=168021"}],"version-history":[{"count":0,"href":"https:\/\/www.europesays.com\/fr\/wp-json\/wp\/v2\/posts\/168021\/revisions"}],"wp:featuredmedia":[{"embeddable":true,"href":"https:\/\/www.europesays.com\/fr\/wp-json\/wp\/v2\/media\/168022"}],"wp:attachment":[{"href":"https:\/\/www.europesays.com\/fr\/wp-json\/wp\/v2\/media?parent=168021"}],"wp:term":[{"taxonomy":"category","embeddable":true,"href":"https:\/\/www.europesays.com\/fr\/wp-json\/wp\/v2\/categories?post=168021"},{"taxonomy":"post_tag","embeddable":true,"href":"https:\/\/www.europesays.com\/fr\/wp-json\/wp\/v2\/tags?post=168021"}],"curies":[{"name":"wp","href":"https:\/\/api.w.org\/{rel}","templated":true}]}}