{"id":168023,"date":"2025-06-11T11:05:09","date_gmt":"2025-06-11T11:05:09","guid":{"rendered":"https:\/\/www.europesays.com\/fr\/168023\/"},"modified":"2025-06-11T11:05:09","modified_gmt":"2025-06-11T11:05:09","slug":"couvre-feu-a-la-garde-nationale-au-texas-face-aux-anti-trump","status":"publish","type":"post","link":"https:\/\/www.europesays.com\/fr\/168023\/","title":{"rendered":"Couvre-feu \u00e0 LA, Garde nationale au Texas face aux anti-Trump"},"content":{"rendered":"<p>                                    USA : Couvre-feu \u00e0 LA, Garde nationale au Texas face aux anti-Trump<\/p>\n<p>&#13;<br \/>\n\tFace \u00e0 la mont\u00e9e des tensions et aux manifestations parfois violentes contre la politique migratoire de l&rsquo;administration Trump, les autorit\u00e9s am\u00e9ricaines intensifient leurs mesures.\u00a0<\/p>\n<p>&#13;<\/p>\n<p>                                    <img decoding=\"async\" style=\"max-width:100%;\" src=\"https:\/\/www.europesays.com\/fr\/wp-content\/uploads\/2025\/06\/trump-11625-v.jpg\" alt=\"USA : Couvre-feu \u00e0 LA, Garde nationale au Texas face aux anti-Trump\"\/><\/p>\n<p>&#13;<br \/>\n\t\u00c0 Los Angeles, des arrestations ont eu lieu apr\u00e8s l&rsquo;instauration d&rsquo;un couvre-feu ce mardi 10 juin.<\/p>\n<p>&#13;<\/p>\n<p>&#13;<br \/>\n\tDans le m\u00eame temps, le Texas, un \u00c9tat cl\u00e9 avec une importante population latino-am\u00e9ricaine, a annonc\u00e9 le d\u00e9ploiement de sa Garde nationale. Au cinqui\u00e8me jour de ces protestations, la police de Los Angeles a confirm\u00e9 des \u00ab\u00a0arrestations massives\u00a0\u00bb alors que des groupes continuaient de se rassembler en violation du couvre-feu. Selon le Los Angeles Times, au moins 25 personnes auraient d\u00e9j\u00e0 \u00e9t\u00e9 interpell\u00e9es.<\/p>\n<p>&#13;<\/p>\n<p>&#13;<br \/>\n\tCes d\u00e9veloppements soulignent l&rsquo;escalade des tensions autour de la politique migratoire de l&rsquo;administration actuelle.<\/p>\n<p>&#13;<\/p>\n","protected":false},"excerpt":{"rendered":"USA : Couvre-feu \u00e0 LA, Garde nationale au Texas face aux anti-Trump &#13; Face \u00e0 la mont\u00e9e des&hellip;\n","protected":false},"author":2,"featured_media":168024,"comment_status":"","ping_status":"","sticky":false,"template":"","format":"standard","meta":{"footnotes":""},"categories":[1589],"tags":[11,73,1866,12,11933,1864,1865,1863,308],"class_list":{"0":"post-168023","1":"post","2":"type-post","3":"status-publish","4":"format-standard","5":"has-post-thumbnail","7":"category-etats-unis","8":"tag-actualites","9":"tag-etats-unis","10":"tag-etats-unis-damerique","11":"tag-news","12":"tag-titre","13":"tag-united-states","14":"tag-united-states-of-america","15":"tag-us","16":"tag-usa"},"share_on_mastodon":{"url":"","error":""},"_links":{"self":[{"href":"https:\/\/www.europesays.com\/fr\/wp-json\/wp\/v2\/posts\/168023","targetHints":{"allow":["GET"]}}],"collection":[{"href":"https:\/\/www.europesays.com\/fr\/wp-json\/wp\/v2\/posts"}],"about":[{"href":"https:\/\/www.europesays.com\/fr\/wp-json\/wp\/v2\/types\/post"}],"author":[{"embeddable":true,"href":"https:\/\/www.europesays.com\/fr\/wp-json\/wp\/v2\/users\/2"}],"replies":[{"embeddable":true,"href":"https:\/\/www.europesays.com\/fr\/wp-json\/wp\/v2\/comments?post=168023"}],"version-history":[{"count":0,"href":"https:\/\/www.europesays.com\/fr\/wp-json\/wp\/v2\/posts\/168023\/revisions"}],"wp:featuredmedia":[{"embeddable":true,"href":"https:\/\/www.europesays.com\/fr\/wp-json\/wp\/v2\/media\/168024"}],"wp:attachment":[{"href":"https:\/\/www.europesays.com\/fr\/wp-json\/wp\/v2\/media?parent=168023"}],"wp:term":[{"taxonomy":"category","embeddable":true,"href":"https:\/\/www.europesays.com\/fr\/wp-json\/wp\/v2\/categories?post=168023"},{"taxonomy":"post_tag","embeddable":true,"href":"https:\/\/www.europesays.com\/fr\/wp-json\/wp\/v2\/tags?post=168023"}],"curies":[{"name":"wp","href":"https:\/\/api.w.org\/{rel}","templated":true}]}}