{"id":168027,"date":"2025-06-11T11:07:14","date_gmt":"2025-06-11T11:07:14","guid":{"rendered":"https:\/\/www.europesays.com\/fr\/168027\/"},"modified":"2025-06-11T11:07:14","modified_gmt":"2025-06-11T11:07:14","slug":"en-allemagne-linquietante-normalisation-de-lextreme-droite","status":"publish","type":"post","link":"https:\/\/www.europesays.com\/fr\/168027\/","title":{"rendered":"En Allemagne, l\u2019inqui\u00e9tante normalisation de l\u2019extr\u00eame droite"},"content":{"rendered":"<p>Selon un rapport des services secrets allemands, le parti Alternative f\u00fcr Deutschland abriterait un nombre toujours plus important d\u2019\u00abextr\u00e9mistes\u00bb, tandis que la criminalit\u00e9 motiv\u00e9e par l\u2019id\u00e9ologie d\u2019extr\u00eame droite augmente.<\/p>\n<p class=\"fig-paragraph\">Le 2 mai dernier, l\u2019Office f\u00e9d\u00e9ral de protection de la Constitution (BfV)\u00a0<a href=\"http:\/\/www.lefigaro.fr\/international\/allemagne-le-parti-afd-confirme-extremiste-de-droite-par-le-renseignement-interieur-20250502\" data-fig-type=\"NewsFlash\" data-gtm-custom-categorie=\"navigation\" data-gtm-custom-action=\"crossclick\" data-gtm-custom-label=\"Contextuel\" data-gtm-event=\"customEventSPE\" data-fig-domain=\"LEFIGARO\" rel=\"nofollow noopener\" target=\"_blank\">avait d\u00e9j\u00e0 formellement class\u00e9 l\u2019AfD comme un \u00ab mouvement extr\u00e9miste de droite av\u00e9r\u00e9\u00a0\u00bb<\/a> . Une d\u00e9cision fond\u00e9e sur un rapport d\u2019experts long de 1100 pages, qui accorde d\u00e9sormais aux autorit\u00e9s des moyens de surveillance renforc\u00e9s, y compris des \u00e9coutes et infiltrations. L\u2019annonce a co\u00efncid\u00e9 avec\u00a0<a href=\"http:\/\/www.lefigaro.fr\/international\/rearmement-israel-russie-merz-bouscule-la-diplomatie-allemande-20250604\" data-fig-type=\"Article\" data-gtm-custom-categorie=\"navigation\" data-gtm-custom-action=\"crossclick\" data-gtm-custom-label=\"Contextuel\" data-gtm-event=\"customEventSPE\" data-fig-domain=\"LEFIGARO\" rel=\"nofollow noopener\" target=\"_blank\">l\u2019arriv\u00e9e au pouvoir du nouveau chancelier conservateur Friedrich Merz<\/a>.<\/p>\n<p class=\"fig-paragraph\">En parall\u00e8le, le rapport annuel du BfV publi\u00e9 ce 10 juin r\u00e9v\u00e8le une hausse de 77% du nombre de membres du parti class\u00e9s comme extr\u00e9mistes au sein du parti. Ils seraient d\u00e9sormais 20.000. La criminalit\u00e9 motiv\u00e9e par une id\u00e9ologie d\u2019extr\u00eame droite, elle, a bondi de 47,4% en un an, avec six tentatives de meurtre et 23 incendies recens\u00e9s.<\/p>\n<p class=\"fig-paragraph\">\u00ab Ce n\u2019est pas une d\u00e9rive incontr\u00f4l\u00e9e. C\u2019est totalement voulu, r\u00e9fl\u00e9chi, pens\u00e9, analyse Martin Baloge, enseignant-chercheur \u00e0 l\u2019universit\u00e9 catholique de Lille, auteur de La politique en Allemagne (La d\u00e9couverte). Il n\u2019y a aucun hasard \u00e0 ce que l\u2019AfD soit aujourd\u2019hui class\u00e9e comme extr\u00e9miste par les services de renseignement.\u00bb<\/p>\n<p class=\"fig-paragraph\">\u00ab La radicalit\u00e9 politique \u00e0 l\u2019extr\u00eame droite, \u00e7a fonctionne\u00a0\u00bb, analyse-t-il, rappelant que \u00ab l\u2019AfD parvient \u00e0 se pr\u00e9senter aujourd\u2019hui comme le premier parti d\u2019opposition \u00e0 la grande coalition\u00a0\u00bb, \u00e0 la faveur d\u2019un contexte s\u00e9curitaire tendu et d\u2019une campagne 2024-2025 \u00ab marqu\u00e9e par un degr\u00e9 de radicalisation tr\u00e8s \u00e9lev\u00e9\u00a0\u00bb.<\/p>\n<p class=\"fig-paragraph\">R\u00e9sultat\u00a0: lors des derni\u00e8res l\u00e9gislatives de f\u00e9vrier 2025,\u00a0<a href=\"http:\/\/www.lefigaro.fr\/international\/en-allemagne-la-fragile-victoire-du-conservateur-friedrich-merz-20250223\" data-fig-type=\"Article\" data-gtm-custom-categorie=\"navigation\" data-gtm-custom-action=\"crossclick\" data-gtm-custom-label=\"Contextuel\" data-gtm-event=\"customEventSPE\" data-fig-domain=\"LEFIGARO\" rel=\"nofollow noopener\" target=\"_blank\">le parti a obtenu plus de 20% des voix<\/a>, son meilleur score \u00e0 ce jour.<\/p>\n<p class=\"fig-paragraph\">\u00ab Les sondages d\u2019opinion attestent d\u2019une progression du nombre de personnes qui votent par adh\u00e9sion et non plus par simple protestation\u00a0\u00bb, ajoute Paul Maurice, secr\u00e9taire g\u00e9n\u00e9ral du Comit\u00e9 d\u2019\u00e9tudes franco-allemandes (Ifri).<\/p>\n<p><strong>Un parti jeune, mais une strat\u00e9gie claire<\/strong><\/p>\n<p class=\"fig-paragraph\"><a href=\"http:\/\/www.lefigaro.fr\/international\/l-afd-l-ascension-fulgurante-d-un-parti-d-extreme-droite-bloque-politiquement-par-sa-radicalite-20250223\" data-fig-type=\"Article\" data-gtm-custom-categorie=\"navigation\" data-gtm-custom-action=\"crossclick\" data-gtm-custom-label=\"Contextuel\" data-gtm-event=\"customEventSPE\" data-fig-domain=\"LEFIGARO\" rel=\"nofollow noopener\" target=\"_blank\">N\u00e9 en 2013 sur des bases \u00e9conomistes lib\u00e9rales et eurosceptiques en opposition \u00e0 la politique d\u2019Angela Merkel<\/a>, le parti a vite mut\u00e9. \u00ab L\u2019AfD a \u00e9t\u00e9 peu \u00e0 peu investie par des groupuscules d\u2019extr\u00eame droite. Elle est devenue un r\u00e9ceptacle id\u00e9ologique pour leurs th\u00e8ses\u00a0\u00bb, explique Paul Maurice. Selon Martin Baloge, l\u2019\u00e9volution s\u2019est faite par vagues\u00a0: \u00ab les mod\u00e9r\u00e9s ont \u00e9t\u00e9 \u00e9cart\u00e9s \u00e9lection apr\u00e8s \u00e9lection. Aucun des fondateurs du parti n\u2019y est encore actif\u00a0\u00bb.<\/p>\n<p class=\"fig-paragraph\">Officiellement, l\u2019AfD ne pr\u00f4ne ni la violence ni la fin de la d\u00e9mocratie. Mais dans ses rangs, les discours x\u00e9nophobes et les r\u00e9f\u00e9rences cod\u00e9es au national-socialisme sont nombreux.<\/p>\n<p class=\"fig-paragraph\">\u00ab Le parti est oblig\u00e9 de mod\u00e9rer son discours, tout en ayant un discours tr\u00e8s clairement ethno-nationaliste, anti-LGBT, tr\u00e8s traditionaliste en particulier sur les questions des droits des femmes\u00a0\u00bb, note Martin Baloge. Un double langage assum\u00e9, jusque dans les \u00e9l\u00e9ments de langage. Le chercheur rappelle que \u00ab certains \u00e9lus font du r\u00e9visionnisme historique, comme lorsqu\u2019un d\u00e9put\u00e9, Alexander Gauland, a qualifi\u00e9 le nazisme de \u201cfiente d\u2019oiseau en comparaison avec 1000 d\u2019histoire allemande glorieuse\u201d\u00a0\u00bb.<\/p>\n<p class=\"fig-paragraph\">Cette radicalisation n\u2019a rien de fortuit\u00a0: elle r\u00e9pond \u00e0 une logique strat\u00e9gique assum\u00e9e, fond\u00e9e sur l\u2019efficacit\u00e9 du discours identitaire dans une soci\u00e9t\u00e9 travers\u00e9e par des tensions migratoires, \u00e9conomiques et s\u00e9curitaires.<\/p>\n<p class=\"fig-paragraph\">Longtemps cantonn\u00e9e \u00e0 l\u2019est du pays, dans les anciens L\u00e4nder de la RDA, la radicalit\u00e9 s\u2019\u00e9tend. \u00ab Il y a une contamination id\u00e9ologique de l\u2019AfD de l\u2019est vers l\u2019\u00e9chelle nationale\u00a0\u00bb, observe Martin Baloge, en citant la proximit\u00e9 entre Alice Weidel, codirigeante du parti, et Bj\u00f6rn H\u00f6cke, leader ultraradical de Thuringe, condamn\u00e9 pour usage de slogans nazis.<\/p>\n<p class=\"fig-paragraph\">Sous une fa\u00e7ade liss\u00e9e, le discours reste tranchant. Le slogan <strong>\u00ab<\/strong> Alles f\u00fcr Deutschland<strong>\u00a0\u00bb<\/strong> \u2014 historiquement nazi \u2013 est m\u00eame r\u00e9utilis\u00e9 par le parti. \u00ab Ils jouent sur la proximit\u00e9 s\u00e9mantique, de mani\u00e8re totalement consciente. C\u2019est une strat\u00e9gie de codage, de connivence avec les \u00e9lecteurs et les adh\u00e9rents les plus radicaux,\u00a0\u00bb analyse Paul Maurice. Un glissement d\u2019autant plus significatif que le parti est d\u00e9sormais majoritaire dans certaines r\u00e9gions.<\/p>\n<p><strong>Discours victimaire<\/strong><\/p>\n<p class=\"fig-paragraph\">Le parti officiellement cat\u00e9goris\u00e9 comme \u00ab extr\u00e9miste\u00a0\u00bb, les autorit\u00e9s allemandes ont pu mettre en place des moyens de surveillance accrus. En r\u00e9action, l\u2019AfD a d\u00e9nonc\u00e9 une \u00ab instrumentalisation politique\u00a0\u00bb.<\/p>\n<p class=\"fig-paragraph\">\u00ab Cette classification nourrit le discours victimaire antisyst\u00e8me\u00a0\u00bb et pourrait \u00e0 terme consolider la l\u00e9gitimit\u00e9 du parti aupr\u00e8s des sympathisants et gagner un plus large \u00e9lectorat, souligne Martin Baloge. Mais, poursuit-il, \u00abla radicalit\u00e9 va \u00e0 l\u2019encontre de la culture du compromis\u00a0\u00bb. Or, en Allemagne, o\u00f9 pr\u00e9vaut le syst\u00e8me du consensus, aucun parti n\u2019envisage aujourd\u2019hui une coalition avec l\u2019AfD. \u00ab M\u00eame si elle repr\u00e9sente 25 % de l\u2019\u00e9lectorat, la culture politique allemande l\u2019emp\u00eache de gouverner\u00a0\u00bb, r\u00e9sume le sp\u00e9cialiste.<\/p>\n<p class=\"fig-paragraph\">Le d\u00e9bat sur une \u00e9ventuelle interdiction du parti est relanc\u00e9, mais loin de faire consensus. Le ministre de l\u2019Int\u00e9rieur s\u2019y oppose. \u00ab La solution viendra de l\u2019imagination politique\u00a0\u00bb, estime Martin Baloge. \u00ab Si Friedrich Merz parvient \u00e0 incarner un chancelier volontaire, notamment sur l\u2019\u00e9conomie et l\u2019immigration, l\u2019AfD pourrait \u00eatre limit\u00e9e aux alentours de 20%. Sinon, elle continuera sa progression dans les urnes.\u00a0\u00bb<\/p>\n<p>    Des manifestants assistent \u00e0 une manifestation appelant \u00e0 l\u2019interdiction du parti d\u2019extr\u00eame droite Alternative pour l\u2019Allemagne (AfD), \u00e0 Berlin, Allemagne, le 11 mai 2025.<br \/>\n                Christian Mang \/ REUTERS<\/p>\n<p class=\"fig-paragraph\">La soci\u00e9t\u00e9 civile, quant \u00e0 elle, s\u2019organise\u00a0: manifestations de masse, prises de position des autorit\u00e9s religieuses ou de figures du secteur priv\u00e9&#8230; Mais les partis traditionnels semblent pi\u00e9g\u00e9s. Toute r\u00e9ponse trop muscl\u00e9e renforce le discours victimaire de l\u2019AfD ; trop de mod\u00e9ration favorise sa mont\u00e9e.<\/p>\n","protected":false},"excerpt":{"rendered":"Selon un rapport des services secrets allemands, le parti Alternative f\u00fcr Deutschland abriterait un nombre toujours plus important&hellip;\n","protected":false},"author":2,"featured_media":168028,"comment_status":"","ping_status":"","sticky":false,"template":"","format":"standard","meta":{"footnotes":""},"categories":[1587],"tags":[259,11,1862,260,672,1804,1805,1803,1777,674,1801,14,261,12,262,1802],"class_list":{"0":"post-168027","1":"post","2":"type-post","3":"status-publish","4":"format-standard","5":"has-post-thumbnail","7":"category-allemagne","8":"tag-actualite-internationale","9":"tag-actualites","10":"tag-afd","11":"tag-affaires-etrangeres","12":"tag-allemagne","13":"tag-bundesrepublik-deutschland","14":"tag-de","15":"tag-deutschland","16":"tag-eu","17":"tag-europe","18":"tag-germany","19":"tag-international","20":"tag-ministere-des-affaires-etrangeres","21":"tag-news","22":"tag-politique-etrangere","23":"tag-republique-federale-dallemagne"},"share_on_mastodon":{"url":"https:\/\/pubeurope.com\/@fr\/114664416441277922","error":""},"_links":{"self":[{"href":"https:\/\/www.europesays.com\/fr\/wp-json\/wp\/v2\/posts\/168027","targetHints":{"allow":["GET"]}}],"collection":[{"href":"https:\/\/www.europesays.com\/fr\/wp-json\/wp\/v2\/posts"}],"about":[{"href":"https:\/\/www.europesays.com\/fr\/wp-json\/wp\/v2\/types\/post"}],"author":[{"embeddable":true,"href":"https:\/\/www.europesays.com\/fr\/wp-json\/wp\/v2\/users\/2"}],"replies":[{"embeddable":true,"href":"https:\/\/www.europesays.com\/fr\/wp-json\/wp\/v2\/comments?post=168027"}],"version-history":[{"count":0,"href":"https:\/\/www.europesays.com\/fr\/wp-json\/wp\/v2\/posts\/168027\/revisions"}],"wp:featuredmedia":[{"embeddable":true,"href":"https:\/\/www.europesays.com\/fr\/wp-json\/wp\/v2\/media\/168028"}],"wp:attachment":[{"href":"https:\/\/www.europesays.com\/fr\/wp-json\/wp\/v2\/media?parent=168027"}],"wp:term":[{"taxonomy":"category","embeddable":true,"href":"https:\/\/www.europesays.com\/fr\/wp-json\/wp\/v2\/categories?post=168027"},{"taxonomy":"post_tag","embeddable":true,"href":"https:\/\/www.europesays.com\/fr\/wp-json\/wp\/v2\/tags?post=168027"}],"curies":[{"name":"wp","href":"https:\/\/api.w.org\/{rel}","templated":true}]}}