{"id":168053,"date":"2025-06-11T11:22:23","date_gmt":"2025-06-11T11:22:23","guid":{"rendered":"https:\/\/www.europesays.com\/fr\/168053\/"},"modified":"2025-06-11T11:22:23","modified_gmt":"2025-06-11T11:22:23","slug":"paul-el-kharrat-fait-un-appel-de-pied-a-laurent-ruquier-et-se-confie-sur-leur-relation-complice","status":"publish","type":"post","link":"https:\/\/www.europesays.com\/fr\/168053\/","title":{"rendered":"Paul El Kharrat fait un appel de pied \u00e0 Laurent Ruquier et se confie sur leur relation complice"},"content":{"rendered":"<p>Interrog\u00e9 sur sa relation avec Laurent Ruquier depuis son arriv\u00e9e dans les Grosses T\u00eates sur RTL, Paul El Kharrat s&rsquo;est confi\u00e9 sans filtre dans le podcast Le(s) D\u00e9clic(s). <\/p>\n<p>Un tandem de chic et de choc. En novembre 2020, plus d&rsquo;un an apr\u00e8s son d\u00e9part des Douze coups de midi, <b>Paul El Kharrat <\/b>a int\u00e9gr\u00e9 la bande des <b>Grosses T\u00eates<\/b> sur RTL, aux c\u00f4t\u00e9s de celui qu&rsquo;il surnomme son \u00ab\u00a0p\u00e8re de la radio\u00a0\u00bb, Laurent Ruquier. \u00c0 l&rsquo;\u00e9poque, l&rsquo;animateur de France 2 d\u00e9couvre \u00ab\u00a0WikiPaul\u00a0\u00bb sur TF1 et tombe sous le charme de son humour saillant et de ses connaissances hors normes. \u00ab\u00a0C&rsquo;\u00e9tait risqu\u00e9 mais j&rsquo;ai senti le potentiel\u00a0\u00bb, a-t-il confi\u00e9. Au d\u00e9part, tout n&rsquo;a pas \u00e9t\u00e9 simple pour Paul El Kharrat. Au micro du podcast Le(s) D\u00e9clic(s),<a href=\"https:\/\/www.programme-tv.net\/news\/tv\/379753-certains-societaires-ont-perdu-patience-paul-el-kharrat-balance-sur-certaines-tensions-liees-a-son-arrivee-dans-les-grosses-tetes\/\" data-api-deeplink=\"teleloisirs:\/\/news\/379753\" target=\"_blank\" rel=\"noopener\"> il confie avoir subi les remarques de ses camarades de jeu.<\/a> \u00ab\u00a0Aujourd&rsquo;hui, je pense que tout le monde m&rsquo;appr\u00e9cie\u00a0\u00bb, l\u00e2che Paul, avec le sourire. \u00c0 tel point <a href=\"https:\/\/www.programme-tv.net\/news\/tv\/368685-paul-el-kharrat-se-confie-sur-sa-relation-avec-laurent-ruquier-je-suis-un-peu-comme-son-enfant\/\" data-api-deeplink=\"teleloisirs:\/\/news\/368685\" target=\"_blank\" rel=\"noopener\">qu&rsquo;il a tiss\u00e9 une forte amiti\u00e9 avec Laurent Ruquier<\/a>. Interrog\u00e9 \u00e0 ce sujet, il nous confie vouloir approfondir leur relation, loin des soci\u00e9taires des Grosses T\u00eates. <\/p>\n<p>Paul El Kharrat critiqu\u00e9 dans les Grosses T\u00eates : Laurent Ruquier le prend sous son aile<\/p>\n<p>Depuis son arriv\u00e9e dans Les Grosses T\u00eates, Paul El Kharrat a d\u00fb faire un gros travail sur lui-m\u00eame pour coller au ton de l&rsquo;\u00e9mission. \u00ab\u00a0\u00c7a m&rsquo;arrive quand on est dans les loges, que Laurent me dise \u00e0 ce moment l\u00e0, il ne fallait pas dire \u00e7a, qu&rsquo;il faut que j&rsquo;arrive \u00e0 me canaliser\u00a0\u00bb, explique l&rsquo;ancien Ma\u00eetre de midi, <a href=\"https:\/\/www.programme-tv.net\/news\/tv\/379690-dans-les-prochains-mois-je-vais-entreprendre-paul-el-kharrat-annonce-son-grand-projet-mis-en-place-grace-a-ses-691-522-euros-de-gains-dans-les-12-coups-de-midi\/\" data-api-deeplink=\"teleloisirs:\/\/news\/379690\" target=\"_blank\" rel=\"noopener\">qui a remport\u00e9 692 522 euros en 2019<\/a>. Avec le temps, les deux journalistes ont tiss\u00e9 une v\u00e9ritable relation de confiance. \u00c0 tel point qu&rsquo;en cas de dispute sur le plateau d&rsquo;enregistrement, Laurent Ruquier prend son t\u00e9l\u00e9phone pour calmer Paul : \u00ab\u00a0Il y a eu des passes d&rsquo;armes o\u00f9 il a d\u00fb appeler Paul pour lui dire qu&rsquo;il avait bien raison sur telle question. Sinon \u00e7a le contrarie beaucoup\u00a0\u00bb, explique Sophie, la maman de Paul.<\/p>\n<p>                        Paul El Kharrat fait un appel \u00e0 Laurent Ruquier : \u00ab\u00a0J&rsquo;aimerais le voir en dehors pour mieux se comprendre\u00a0\u00bb<\/p>\n<p>Interrog\u00e9 sur son amiti\u00e9 avec Laurent Ruquier en dehors des enregistrements des Grosses T\u00eates, Paul El Kharrat confie : &lsquo;Il m&rsquo;appr\u00e9cie, je pense. Nous avons une relation de profonde amicalit\u00e9. Juste, j&rsquo;aimerais qu&rsquo;il y ait des moments avec une discussion plus importante, plus profonde, <b>o\u00f9 on se voit en dehors&#8230; Peut-\u00eatre pour apprendre \u00e0 mieux se conna\u00eetre, au-del\u00e0 d&rsquo;un cadre o\u00f9 il y a plein de Grosses T\u00eates autour.<\/b> On est toujours en colonie de vacances !\u00a0\u00bb, explique Paul El Kharrat, frustr\u00e9. Il ajoute : \u00ab\u00a0\u00c7a serait int\u00e9ressant de parler de sujets qui sortent des sentiers battus de la radio, pour mieux se comprendre aussi, que notre relation \u00e9volue.\u00a0\u00bb <\/p>\n","protected":false},"excerpt":{"rendered":"Interrog\u00e9 sur sa relation avec Laurent Ruquier depuis son arriv\u00e9e dans les Grosses T\u00eates sur RTL, Paul El&hellip;\n","protected":false},"author":2,"featured_media":168054,"comment_status":"","ping_status":"","sticky":false,"template":"","format":"standard","meta":{"footnotes":""},"categories":[1359],"tags":[244,58,59,1011,27,1759,13687,22587,973,3725],"class_list":{"0":"post-168053","1":"post","2":"type-post","3":"status-publish","4":"format-standard","5":"has-post-thumbnail","7":"category-people","8":"tag-commentaire","9":"tag-divertissement","10":"tag-entertainment","11":"tag-fr","12":"tag-france","13":"tag-laurent-ruquier","14":"tag-les-grosses-tu00eates","15":"tag-paul-les-12-coups-de-midi","16":"tag-people","17":"tag-podcast"},"share_on_mastodon":{"url":"https:\/\/pubeurope.com\/@fr\/114664475391204457","error":""},"_links":{"self":[{"href":"https:\/\/www.europesays.com\/fr\/wp-json\/wp\/v2\/posts\/168053","targetHints":{"allow":["GET"]}}],"collection":[{"href":"https:\/\/www.europesays.com\/fr\/wp-json\/wp\/v2\/posts"}],"about":[{"href":"https:\/\/www.europesays.com\/fr\/wp-json\/wp\/v2\/types\/post"}],"author":[{"embeddable":true,"href":"https:\/\/www.europesays.com\/fr\/wp-json\/wp\/v2\/users\/2"}],"replies":[{"embeddable":true,"href":"https:\/\/www.europesays.com\/fr\/wp-json\/wp\/v2\/comments?post=168053"}],"version-history":[{"count":0,"href":"https:\/\/www.europesays.com\/fr\/wp-json\/wp\/v2\/posts\/168053\/revisions"}],"wp:featuredmedia":[{"embeddable":true,"href":"https:\/\/www.europesays.com\/fr\/wp-json\/wp\/v2\/media\/168054"}],"wp:attachment":[{"href":"https:\/\/www.europesays.com\/fr\/wp-json\/wp\/v2\/media?parent=168053"}],"wp:term":[{"taxonomy":"category","embeddable":true,"href":"https:\/\/www.europesays.com\/fr\/wp-json\/wp\/v2\/categories?post=168053"},{"taxonomy":"post_tag","embeddable":true,"href":"https:\/\/www.europesays.com\/fr\/wp-json\/wp\/v2\/tags?post=168053"}],"curies":[{"name":"wp","href":"https:\/\/api.w.org\/{rel}","templated":true}]}}