{"id":168070,"date":"2025-06-11T11:31:10","date_gmt":"2025-06-11T11:31:10","guid":{"rendered":"https:\/\/www.europesays.com\/fr\/168070\/"},"modified":"2025-06-11T11:31:10","modified_gmt":"2025-06-11T11:31:10","slug":"sullivan-rouaud-et-thomas-ragon-lancent-leur-maison-de-bd-chez-les-nouveaux-editeurs","status":"publish","type":"post","link":"https:\/\/www.europesays.com\/fr\/168070\/","title":{"rendered":"Sullivan Rouaud et Thomas Ragon lancent leur maison de BD chez Les Nouveaux \u00c9diteurs"},"content":{"rendered":"<p>Et de cinq. Apr\u00e8s La Tribu, Maison Pop, La Doux et Les L\u00e9onides, le groupe Les Nouveaux \u00c9diteurs, lanc\u00e9 en 2024 par l\u2019ancien num\u00e9ro un d\u2019Hachette Livre <strong>Arnaud Nourry<\/strong>, annonce la cr\u00e9ation d\u2019une nouvelle maison d\u2019\u00e9dition.<\/p>\n<p>L\u2019entit\u00e9 sera sp\u00e9cialis\u00e9e en bande dessin\u00e9e et pilot\u00e9e par deux sp\u00e9cialistes du genre, <strong>Sullivan Rouaud<\/strong>, cr\u00e9ateur des marques HiComics et <a href=\"https:\/\/www.livreshebdo.fr\/article\/bragelonne-souvre-au-manga-avec-son-label-mangetsu\" target=\"_blank\" rel=\"nofollow noopener\">Mangetsu<\/a> chez Bragelonne (il compte aussi parmi les fondateurs de la <a href=\"https:\/\/www.livreshebdo.fr\/article\/du-manga-marseille\" target=\"_blank\" rel=\"nofollow noopener\">librairie sp\u00e9cialis\u00e9e en manga Tsundoku \u00e0 Marseille<\/a>) et <strong>Thomas Ragon<\/strong>, ancien de Delcourt et Dargaud qui <a href=\"https:\/\/www.livreshebdo.fr\/article\/seuil-thomas-ragon-nouveau-directeur-litteraire-charge-de-la-bande-dessinee\" target=\"_blank\" rel=\"nofollow noopener\">avait rejoint le Seuil en 2023<\/a> en tant que directeur litt\u00e9raire charg\u00e9 du d\u00e9veloppement de la bande dessin\u00e9e.<\/p>\n<p>Sullivan Rouaud occupera les fonctions de pr\u00e9sident directeur g\u00e9n\u00e9ral et Thomas Ragon celles de directeur \u00e9ditorial.<\/p>\n<p>Il faudra en revanche attendre septembre pour conna\u00eetre le nom et le catalogue de la nouvelle structure, indiquent Les Nouveaux \u00c9diteurs dans un communiqu\u00e9. \u00ab Sullivan et Thomas ont fortement contribu\u00e9 \u00e0 faire \u00e9voluer le march\u00e9 de la BD par leur audace cr\u00e9ative, leur capacit\u00e9 \u00e0 capter l\u2019air du temps et leur proximit\u00e9 avec leurs auteurs. Je me r\u00e9jouis qu\u2019ils aient choisi de faire \u00e9quipe et de nous rejoindre pour cr\u00e9er ex nihilo une maison qui, gr\u00e2ce \u00e0 leur talent et leur \u00e9nergie, ne devrait pas tarder \u00e0 faire de LNE un des grands acteurs du secteur \u00bb, d\u00e9clare Arnaud Nourry pour saluer l\u2019arriv\u00e9e des deux hommes.<\/p>\n","protected":false},"excerpt":{"rendered":"Et de cinq. Apr\u00e8s La Tribu, Maison Pop, La Doux et Les L\u00e9onides, le groupe Les Nouveaux \u00c9diteurs,&hellip;\n","protected":false},"author":2,"featured_media":168071,"comment_status":"","ping_status":"","sticky":false,"template":"","format":"standard","meta":{"footnotes":""},"categories":[7],"tags":[1011,27,43,40,41,39,42,44],"class_list":{"0":"post-168070","1":"post","2":"type-post","3":"status-publish","4":"format-standard","5":"has-post-thumbnail","7":"category-sciences-et-technologies","8":"tag-fr","9":"tag-france","10":"tag-science","11":"tag-science-and-technology","12":"tag-sciences","13":"tag-sciences-et-technologies","14":"tag-technologies","15":"tag-technology"},"share_on_mastodon":{"url":"https:\/\/pubeurope.com\/@fr\/114664510940521039","error":""},"_links":{"self":[{"href":"https:\/\/www.europesays.com\/fr\/wp-json\/wp\/v2\/posts\/168070","targetHints":{"allow":["GET"]}}],"collection":[{"href":"https:\/\/www.europesays.com\/fr\/wp-json\/wp\/v2\/posts"}],"about":[{"href":"https:\/\/www.europesays.com\/fr\/wp-json\/wp\/v2\/types\/post"}],"author":[{"embeddable":true,"href":"https:\/\/www.europesays.com\/fr\/wp-json\/wp\/v2\/users\/2"}],"replies":[{"embeddable":true,"href":"https:\/\/www.europesays.com\/fr\/wp-json\/wp\/v2\/comments?post=168070"}],"version-history":[{"count":0,"href":"https:\/\/www.europesays.com\/fr\/wp-json\/wp\/v2\/posts\/168070\/revisions"}],"wp:featuredmedia":[{"embeddable":true,"href":"https:\/\/www.europesays.com\/fr\/wp-json\/wp\/v2\/media\/168071"}],"wp:attachment":[{"href":"https:\/\/www.europesays.com\/fr\/wp-json\/wp\/v2\/media?parent=168070"}],"wp:term":[{"taxonomy":"category","embeddable":true,"href":"https:\/\/www.europesays.com\/fr\/wp-json\/wp\/v2\/categories?post=168070"},{"taxonomy":"post_tag","embeddable":true,"href":"https:\/\/www.europesays.com\/fr\/wp-json\/wp\/v2\/tags?post=168070"}],"curies":[{"name":"wp","href":"https:\/\/api.w.org\/{rel}","templated":true}]}}