{"id":168086,"date":"2025-06-11T11:40:09","date_gmt":"2025-06-11T11:40:09","guid":{"rendered":"https:\/\/www.europesays.com\/fr\/168086\/"},"modified":"2025-06-11T11:40:09","modified_gmt":"2025-06-11T11:40:09","slug":"on-sait-ce-que-vont-devenir-les-locaux-de-la-caisse-dallocations-familiales-de-beaucaire-a-toulon","status":"publish","type":"post","link":"https:\/\/www.europesays.com\/fr\/168086\/","title":{"rendered":"On sait ce que vont devenir les locaux de la Caisse d\u2019allocations familiales de Beaucaire \u00e0 Toulon"},"content":{"rendered":"<p>\u00c9cole, maison des services, espace d\u2019accueil familial\u2026 Depuis plusieurs semaines, les sp\u00e9culations vont bon train sur l\u2019avenir des anciens b\u00e2timents de la Caisse d\u2019allocations familiales (Caf), situ\u00e9s \u00e0 la Beaucaire. D\u00e9sormais, les choses se pr\u00e9cisent:<strong> le site accueillera un p\u00f4le \u00e0 vocation \u00e9ducative, sociale et culturelle.<\/strong> Tour d\u2019horizon du projet.<\/p>\n<p>O\u00f9 en est-on aujourd\u2019hui? <\/p>\n<p>Les anciens locaux de la Caf, vacants depuis le d\u00e9part des 200 salari\u00e9s le 24 mars dernier, appartiennent d\u00e9sormais \u00e0 la Ville. <strong>L\u2019ensemble immobilier, compos\u00e9 de deux b\u00e2timents sur une parcelle de 12.000 m\u00b2, a \u00e9t\u00e9 acquis hier, pour 3,8 millions d\u2019euros.<\/strong> Jos\u00e9e Massi, maire de Toulon, assure que le site sera enti\u00e8rement repens\u00e9 \u00ab\u00a0pour les enfants et les familles avant tout\u00a0\u00bb. Objectif: cr\u00e9er un v\u00e9ritable p\u00f4le de vie de quartier.<\/p>\n<p>\u00a0<\/p>\n<p>                                Quel avenir pour le site? <\/p>\n<p><strong>La municipalit\u00e9 entend y d\u00e9velopper plusieurs axes: \u00e9ducatif, social, culturel et m\u00eame s\u00e9curitaire.<\/strong><\/p>\n<p><strong>\u00c9ducation:<\/strong> un nouveau groupe scolaire va y \u00eatre implant\u00e9. \u00ab\u00a0Les \u00e9coles (maternelle et \u00e9l\u00e9mentaire) actuelles, de type \u00ab\u00a0Pailleron\u00a0\u00bb*, seront transf\u00e9r\u00e9es sur ce site. Le b\u00e2timent principal deviendra l\u2019\u00e9cole \u00e9l\u00e9mentaire, tandis qu\u2019une maternelle sera construite juste \u00e0 c\u00f4t\u00e9\u00a0\u00bb, pr\u00e9cise l\u2019\u00e9dile. Au total, 400 \u00e9l\u00e8ves sont concern\u00e9s. Les anciens b\u00e2timents scolaires, quant \u00e0 eux, seront d\u00e9molis pour laisser place \u00e0 un grand jardin public de 8.000 m\u00b2, d\u00e9di\u00e9 aux familles.<\/p>\n<p><strong>Volet social:<\/strong> Le b\u00e2timent Co Lab, imm\u00e9diatement exploitable, deviendra une maison des services. Cette derni\u00e8re regroupera l\u2019espace Beaucaire, France services, un nouveau centre social, \u00ab\u00a0comme \u00e0 Sainte-Musse, assure Jos\u00e9e Massi. Il viendra donc compl\u00e9ter celui d\u00e9j\u00e0 pr\u00e9sent \u00e0 l\u2019ouest de la ville\u00a0\u00bb. Nous y retrouverons aussi des locaux associatifs, une salle polyvalente, et potentiellement un relais petite enfance ou un espace de soutien scolaire.<\/p>\n<p><strong>Culture:<\/strong> une m\u00e9diath\u00e8que de quartier verra le jour dans le m\u00eame b\u00e2timent, avec une surface de 130 m\u00b2 et une capacit\u00e9 d\u2019accueil de 10.000 \u00e0 15.000 documents.<\/p>\n<p><strong>S\u00e9curit\u00e9:<\/strong> le d\u00e9m\u00e9nagement de l\u2019espace Beaucaire va entra\u00eener la lib\u00e9ration des anciens locaux. Situ\u00e9s juste \u00e0 c\u00f4t\u00e9 du commissariat, ils pourraient permettre \u00e0 ce dernier de s\u2019agrandir. Le maire a d\u2019ailleurs \u00ab\u00a0propos\u00e9 au pr\u00e9fet de mettre cet espace \u00e0 disposition des forces de l\u2019ordre pour permettre une extension\u00a0\u00bb du b\u00e2timent de police.<\/p>\n<p>Un chantier en deux temps <\/p>\n<p>C\u00f4t\u00e9 calendrier, le chantier se d\u00e9roulera en deux phases. La premi\u00e8re, pr\u00e9vue d\u2019ici la fin de l\u2019ann\u00e9e, concernera la maison des services, qui s\u2019\u00e9tendra sur 1.125 m\u00b2. La seconde, plus ambitieuse et plus longue au niveau des travaux, verra \u00ab\u00a0l\u2019ouverture du groupe scolaire \u00e0 l\u2019horizon 2029\u00a0\u00bb, pour une rentr\u00e9e esp\u00e9r\u00e9e \u00e0 cette date.<\/p>\n<p>*On appelle \u00ab\u00a0pailleron\u00a0\u00bb un b\u00e2timent scolaire de type \u00ab\u00a0constructions modulaires\u00a0\u00bb et l\u2019ensemble des constructions \u00e0 structure m\u00e9tallique.<\/p>\n","protected":false},"excerpt":{"rendered":"\u00c9cole, maison des services, espace d\u2019accueil familial\u2026 Depuis plusieurs semaines, les sp\u00e9culations vont bon train sur l\u2019avenir des&hellip;\n","protected":false},"author":2,"featured_media":168087,"comment_status":"","ping_status":"","sticky":false,"template":"","format":"standard","meta":{"footnotes":""},"categories":[9619],"tags":[1111,11,1777,674,1011,27,12,882,25,2310,1352],"class_list":{"0":"post-168086","1":"post","2":"type-post","3":"status-publish","4":"format-standard","5":"has-post-thumbnail","7":"category-toulon","8":"tag-actu","9":"tag-actualites","10":"tag-eu","11":"tag-europe","12":"tag-fr","13":"tag-france","14":"tag-news","15":"tag-provence-alpes-cote-dazur","16":"tag-republique-francaise","17":"tag-toulon","18":"tag-urbanisme"},"share_on_mastodon":{"url":"https:\/\/pubeurope.com\/@fr\/114664546194871787","error":""},"_links":{"self":[{"href":"https:\/\/www.europesays.com\/fr\/wp-json\/wp\/v2\/posts\/168086","targetHints":{"allow":["GET"]}}],"collection":[{"href":"https:\/\/www.europesays.com\/fr\/wp-json\/wp\/v2\/posts"}],"about":[{"href":"https:\/\/www.europesays.com\/fr\/wp-json\/wp\/v2\/types\/post"}],"author":[{"embeddable":true,"href":"https:\/\/www.europesays.com\/fr\/wp-json\/wp\/v2\/users\/2"}],"replies":[{"embeddable":true,"href":"https:\/\/www.europesays.com\/fr\/wp-json\/wp\/v2\/comments?post=168086"}],"version-history":[{"count":0,"href":"https:\/\/www.europesays.com\/fr\/wp-json\/wp\/v2\/posts\/168086\/revisions"}],"wp:featuredmedia":[{"embeddable":true,"href":"https:\/\/www.europesays.com\/fr\/wp-json\/wp\/v2\/media\/168087"}],"wp:attachment":[{"href":"https:\/\/www.europesays.com\/fr\/wp-json\/wp\/v2\/media?parent=168086"}],"wp:term":[{"taxonomy":"category","embeddable":true,"href":"https:\/\/www.europesays.com\/fr\/wp-json\/wp\/v2\/categories?post=168086"},{"taxonomy":"post_tag","embeddable":true,"href":"https:\/\/www.europesays.com\/fr\/wp-json\/wp\/v2\/tags?post=168086"}],"curies":[{"name":"wp","href":"https:\/\/api.w.org\/{rel}","templated":true}]}}