{"id":168094,"date":"2025-06-11T11:48:08","date_gmt":"2025-06-11T11:48:08","guid":{"rendered":"https:\/\/www.europesays.com\/fr\/168094\/"},"modified":"2025-06-11T11:48:08","modified_gmt":"2025-06-11T11:48:08","slug":"lelue-lyonnaise-fouziya-bouzerda-dans-la-tourmente-a-grenoble","status":"publish","type":"post","link":"https:\/\/www.europesays.com\/fr\/168094\/","title":{"rendered":"l&rsquo;\u00e9lue lyonnaise Fouziya Bouzerda dans la tourmente \u00e0 Grenoble"},"content":{"rendered":"<p itemprop=\"description\"><strong>Depuis septembre 2022, <a href=\"https:\/\/www.lyonmag.com\/profil-personnalite-lyonnaise\/62\/fouziya-bouzerda\" target=\"_blank\" rel=\"noopener\">Fouziya Bouzerda<\/a> est directrice g\u00e9n\u00e9rale de Grenoble \u00e9cole management.<\/strong><\/p>\n<p>L&rsquo;ancienne pr\u00e9sidente du Sytral, redevenue simple conseill\u00e8re m\u00e9tropolitaine, est aujourd&rsquo;hui dans la tourmente. D\u00e9j\u00e0 secou\u00e9e par l&rsquo;affaire de blackface et de vid\u00e9os racistes de certains de ses \u00e9tudiants en d\u00e9cembre dernier, l&rsquo;avocate accumule les dossiers explosifs sur son bureau is\u00e9rois.<\/p>\n<p>Selon <a href=\"https:\/\/c.ledauphine.com\/economie\/2025\/06\/10\/grenoble-harcelement-racisme-problemes-financiers-gem-est-au-bord-de-l-implosion\" target=\"_blank\" rel=\"noopener\">le Dauphin\u00e9 Lib\u00e9r\u00e9<\/a>, GEM traverse actuellement une p\u00e9riode de grogne exacerb\u00e9e au sein des employ\u00e9s. Nos confr\u00e8res \u00e9voquent un nombre d&rsquo;arr\u00eats de travail en croissance de 65% depuis 2020.<\/p>\n<p>Une col\u00e8re interne accentu\u00e9e par \u00ab\u00a0le train de vie somptuaire\u00a0\u00bb de Fouziya Bouzerda. L&rsquo;\u00e9lue lyonnaise aurait notamment fait l&rsquo;acquisition d&rsquo;une voiture \u00e9lectrique am\u00e9ricaine haut de gamme aux frais de Grenoble \u00e9cole management&#8230;<\/p>\n<p>Pour ne rien arranger au tableau, le pr\u00e9sident de l&rsquo;\u00e9cole, \u00e9galement \u00e0 la t\u00eate de la CCI de Grenoble, Pierre Streiff, est accus\u00e9 de harc\u00e8lement sexuel et moral envers sa directrice g\u00e9n\u00e9rale \u00e0 la Chambre de commerce.<\/p>\n<p>Enfin, les finances de GEM seraient en souffrance \u00e9galement. Pourtant, Fouziya Bouzerda pr\u00e9voit l&rsquo;implantation d&rsquo;un campus \u00e0 Duba\u00ef. Co\u00fbt de l&rsquo;op\u00e9ration : plusieurs millions d&rsquo;euros. La direction \u00e9voque plut\u00f4t un retour \u00e0 l\u2019\u00e9quilibre financier, \u00ab\u00a0notamment gr\u00e2ce aux d\u00e9parts non remplac\u00e9s de 70 personnels en trois ans\u00a0\u00bb.<\/p>\n","protected":false},"excerpt":{"rendered":"Depuis septembre 2022, Fouziya Bouzerda est directrice g\u00e9n\u00e9rale de Grenoble \u00e9cole management. L&rsquo;ancienne pr\u00e9sidente du Sytral, redevenue simple&hellip;\n","protected":false},"author":2,"featured_media":168095,"comment_status":"","ping_status":"","sticky":false,"template":"","format":"standard","meta":{"footnotes":""},"categories":[9566],"tags":[1111,11,2813,2190,2430,1109,251,1112,2811,1777,674,118,1011,27,2731,1922,1110,1114,2428,2810,12,241,316,25,2812,517,800],"class_list":{"0":"post-168094","1":"post","2":"type-post","3":"status-publish","4":"format-standard","5":"has-post-thumbnail","7":"category-grenoble","8":"tag-actu","9":"tag-actualites","10":"tag-article","11":"tag-asvel","12":"tag-auvergne-rhone-alpes","13":"tag-breves","14":"tag-culture","15":"tag-depeches","16":"tag-economique","17":"tag-eu","18":"tag-europe","19":"tag-faits-divers","20":"tag-fr","21":"tag-france","22":"tag-grenoble","23":"tag-info","24":"tag-informations","25":"tag-infos","26":"tag-lyon","27":"tag-lyonmag","28":"tag-news","29":"tag-ol","30":"tag-politique","31":"tag-republique-francaise","32":"tag-sociale","33":"tag-sport","34":"tag-transports"},"share_on_mastodon":{"url":"https:\/\/pubeurope.com\/@fr\/114664577656570200","error":""},"_links":{"self":[{"href":"https:\/\/www.europesays.com\/fr\/wp-json\/wp\/v2\/posts\/168094","targetHints":{"allow":["GET"]}}],"collection":[{"href":"https:\/\/www.europesays.com\/fr\/wp-json\/wp\/v2\/posts"}],"about":[{"href":"https:\/\/www.europesays.com\/fr\/wp-json\/wp\/v2\/types\/post"}],"author":[{"embeddable":true,"href":"https:\/\/www.europesays.com\/fr\/wp-json\/wp\/v2\/users\/2"}],"replies":[{"embeddable":true,"href":"https:\/\/www.europesays.com\/fr\/wp-json\/wp\/v2\/comments?post=168094"}],"version-history":[{"count":0,"href":"https:\/\/www.europesays.com\/fr\/wp-json\/wp\/v2\/posts\/168094\/revisions"}],"wp:featuredmedia":[{"embeddable":true,"href":"https:\/\/www.europesays.com\/fr\/wp-json\/wp\/v2\/media\/168095"}],"wp:attachment":[{"href":"https:\/\/www.europesays.com\/fr\/wp-json\/wp\/v2\/media?parent=168094"}],"wp:term":[{"taxonomy":"category","embeddable":true,"href":"https:\/\/www.europesays.com\/fr\/wp-json\/wp\/v2\/categories?post=168094"},{"taxonomy":"post_tag","embeddable":true,"href":"https:\/\/www.europesays.com\/fr\/wp-json\/wp\/v2\/tags?post=168094"}],"curies":[{"name":"wp","href":"https:\/\/api.w.org\/{rel}","templated":true}]}}