{"id":168098,"date":"2025-06-11T11:50:11","date_gmt":"2025-06-11T11:50:11","guid":{"rendered":"https:\/\/www.europesays.com\/fr\/168098\/"},"modified":"2025-06-11T11:50:11","modified_gmt":"2025-06-11T11:50:11","slug":"les-bouchons-se-forment-sur-la-rocade-ce-quil-faut-savoir","status":"publish","type":"post","link":"https:\/\/www.europesays.com\/fr\/168098\/","title":{"rendered":"les bouchons se forment sur la rocade, ce qu&rsquo;il faut savoir"},"content":{"rendered":"<p>            Par<br \/>\n        <strong><br \/>\n            <a href=\"https:\/\/actu.fr\/auteur\/laurene-fertin\" title=\"Consulter tous les articles de Laur\u00e8ne Fertin\" target=\"_blank\" rel=\"noopener\">Laur\u00e8ne Fertin<\/a><br \/>\n        <\/strong><\/p>\n<p>        Publi\u00e9 le<\/p>\n<p>            11 juin 2025 \u00e0 11h57        <\/p>\n<p><strong>Prudence<\/strong> sur la rocade, ce mercredi 11\u00a0juin 2025. Sur la\u00a0<strong>N136,<\/strong> rocade de<strong> Rennes \u00e0 Cesson-S\u00e9vign\u00e9<\/strong> (Ille-et-Vilaine), des travaux sont en train d\u2019\u00eatre r\u00e9alis\u00e9s, en fin de matin\u00e9e.<\/p>\n<p class=\" wall-content\">Comme l\u2019annonce Bison Fut\u00e9, <strong>un fauchage<\/strong> est effectu\u00e9 au niveau de <strong>la porte des Longs Champs<\/strong>, sur 1,5\u00a0km.<\/p>\n<p>Des bouchons<\/p>\n<p class=\" wall-content\"><strong>Une r\u00e9duction du nombre de voies<\/strong>, applicable \u00e0 tous les v\u00e9hicules et sur 1,6\u00a0km, est en cours sur la voie de gauche.<\/p>\n<p>    <img   decoding=\"async\" loading=\"lazy\" src=\"https:\/\/www.europesays.com\/fr\/wp-content\/uploads\/2025\/06\/capture-decran-11-juin-960x640.jpg\" alt=\"2,1 km de bouchons se sont form\u00e9s.\" width=\"960\" height=\"640\"\/><br \/>\n    2,1 km de bouchons se sont form\u00e9s. (\u00a9Capture d\u2019\u00e9cran viamichelin.fr)<\/p>\n<p class=\" wall-content\">2,1<strong>\u00a0km de bouchons<\/strong> se forment \u00e0 l\u2019heure o\u00f9 sont \u00e9crites ces lignes.<\/p>\n<p>Vid\u00e9os : en ce moment sur Actu<\/p>\n<p class=\" wall-content\">Suivez toute l\u2019actualit\u00e9 de vos villes et m\u00e9dias favoris en vous inscrivant \u00e0 <a href=\"https:\/\/moncompte.actu.fr\" title=\"D\u00e9couvez Mon Actu\" rel=\"nofollow noopener\" data-trk=\"{&quot;cta&quot;:{&quot;action&quot;:&quot;https:\\\/\\\/moncompte.actu.fr&quot;,&quot;category&quot;:&quot;mon compte&quot;,&quot;from&quot;:&quot;article footer&quot;,&quot;name&quot;:&quot;Mon actu&quot;,&quot;type&quot;:&quot;cta&quot;}}\" target=\"_blank\">Mon Actu<\/a>.<\/p>\n","protected":false},"excerpt":{"rendered":"Par Laur\u00e8ne Fertin Publi\u00e9 le 11 juin 2025 \u00e0 11h57 Prudence sur la rocade, ce mercredi 11\u00a0juin 2025.&hellip;\n","protected":false},"author":2,"featured_media":168099,"comment_status":"","ping_status":"","sticky":false,"template":"","format":"standard","meta":{"footnotes":""},"categories":[2821],"tags":[1111,11,829,1777,674,118,1011,27,803,12,584,25,4797,2086],"class_list":{"0":"post-168098","1":"post","2":"type-post","3":"status-publish","4":"format-standard","5":"has-post-thumbnail","7":"category-rennes","8":"tag-actu","9":"tag-actualites","10":"tag-bretagne","11":"tag-eu","12":"tag-europe","13":"tag-faits-divers","14":"tag-fr","15":"tag-france","16":"tag-info-trafic","17":"tag-news","18":"tag-rennes","19":"tag-republique-francaise","20":"tag-rocade","21":"tag-travaux"},"share_on_mastodon":{"url":"https:\/\/pubeurope.com\/@fr\/114664585822883096","error":""},"_links":{"self":[{"href":"https:\/\/www.europesays.com\/fr\/wp-json\/wp\/v2\/posts\/168098","targetHints":{"allow":["GET"]}}],"collection":[{"href":"https:\/\/www.europesays.com\/fr\/wp-json\/wp\/v2\/posts"}],"about":[{"href":"https:\/\/www.europesays.com\/fr\/wp-json\/wp\/v2\/types\/post"}],"author":[{"embeddable":true,"href":"https:\/\/www.europesays.com\/fr\/wp-json\/wp\/v2\/users\/2"}],"replies":[{"embeddable":true,"href":"https:\/\/www.europesays.com\/fr\/wp-json\/wp\/v2\/comments?post=168098"}],"version-history":[{"count":0,"href":"https:\/\/www.europesays.com\/fr\/wp-json\/wp\/v2\/posts\/168098\/revisions"}],"wp:featuredmedia":[{"embeddable":true,"href":"https:\/\/www.europesays.com\/fr\/wp-json\/wp\/v2\/media\/168099"}],"wp:attachment":[{"href":"https:\/\/www.europesays.com\/fr\/wp-json\/wp\/v2\/media?parent=168098"}],"wp:term":[{"taxonomy":"category","embeddable":true,"href":"https:\/\/www.europesays.com\/fr\/wp-json\/wp\/v2\/categories?post=168098"},{"taxonomy":"post_tag","embeddable":true,"href":"https:\/\/www.europesays.com\/fr\/wp-json\/wp\/v2\/tags?post=168098"}],"curies":[{"name":"wp","href":"https:\/\/api.w.org\/{rel}","templated":true}]}}