{"id":168100,"date":"2025-06-11T11:51:19","date_gmt":"2025-06-11T11:51:19","guid":{"rendered":"https:\/\/www.europesays.com\/fr\/168100\/"},"modified":"2025-06-11T11:51:19","modified_gmt":"2025-06-11T11:51:19","slug":"le-parc-expo-de-rennes-va-se-transformer-en-festival-de-2-jours-avec-billx-i-hate-models-holy-priest","status":"publish","type":"post","link":"https:\/\/www.europesays.com\/fr\/168100\/","title":{"rendered":"Le Parc Expo de Rennes va se transformer en festival de 2 jours avec Billx, I Hate Models, Holy Priest"},"content":{"rendered":"<p>\t\t\t15<\/p>\n<p><b>Les vendredi 7 et samedi 8 novembre, la f\u00eate foraine \u00e9lectronique Madame Loyal posera \u00e0 nouveau ses bagages \u00e0 Rennes, un an apr\u00e8s sa derni\u00e8re date en terre bretonne, pour une \u00e9dition XXL. L\u2019\u00e9v\u00e9nement se d\u00e9roulera au Parc des Expositions de la ville.\u00a0<\/b><\/p>\n<p>Madame Loyal de retour en Bretagne<\/p>\n<p><a href=\"https:\/\/electro-news.eu\/un-nouveau-festival-rave-va-sinstaller-dans-les-20-000-m\u00b2-du-parc-expo-de-rennes\/\" target=\"_blank\" rel=\"noopener nofollow\"><b>Un an apr\u00e8s sa pr\u00e9c\u00e9dente \u00e9dition \u00e0 Rennes<\/b><\/a>, la f\u00eate foraine \u00e9lectronique <a href=\"https:\/\/madameloyalfestival.com\" target=\"_blank\" rel=\"noopener nofollow\"><b>Madame Loyal<\/b> <\/a>sera de retour aux Parc des Expositions pour une \u00e9dition XXL de 2 jours.<\/p>\n<p>Les vendredi 7 et samedi 8 novembre, le festival transformera le Parc Expo en un immense dancefloor de 20.000 m\u00b2 dans lequel 3 sc\u00e8nes seront install\u00e9es. Les man\u00e8ges et attractions seront eux aussi de retour, avec le palais du rire, la p\u00eache aux canards ou encore le rod\u00e9o m\u00e9canique.<\/p>\n<p><img aria-describedby=\"caption-attachment-88045\" decoding=\"async\" loading=\"lazy\" class=\"size-full wp-image-88045\" src=\"https:\/\/www.europesays.com\/fr\/wp-content\/uploads\/2025\/06\/MME-LOYAL-XXL-RENNES.jpg\" alt=\"La sc\u00e9nographie de Madame Loyal XXL\" width=\"1920\" height=\"1080\"  \/><\/p>\n<p id=\"caption-attachment-88045\" class=\"wp-caption-text\">La sc\u00e9nographie de Madame Loyal XXL<\/p>\n<p>Des stands et foodtrucks seront install\u00e9s et les c\u00e9l\u00e8bres performers et circassiens reviendront eux aussi divertir les festivaliers. Une fanfare viendra \u00e9galement d\u00e9ambuler dans le festival.<\/p>\n<p>L\u2019\u00e9v\u00e9nement se d\u00e9roulera de 20h \u00e0 6h chaque soir pour un total de vingt heures de son r\u00e9parties sur le week-end.<\/p>\n<p>Le Parc Expos de Rennes en mode techno<\/p>\n<p>C\u00f4t\u00e9 line-up, il y en aura pour tous les go\u00fbts. Des grandes t\u00eates d\u2019affiches seront au rendez-vous comme par exemple le pr\u00eatre masqu\u00e9 de la hard techno <a href=\"https:\/\/www.facebook.com\/holypriestworld\" target=\"_blank\" rel=\"noopener nofollow\"><b>Holy Priest<\/b><\/a>, le DJ au d\u00e9hanch\u00e9 in\u00e9gal\u00e9 <a href=\"https:\/\/www.facebook.com\/ihatemodel\" target=\"_blank\" rel=\"noopener nofollow\"><b>I Hate Models<\/b><\/a> et la t\u00eate de Welcome Back Devil, le fran\u00e7ais <a href=\"https:\/\/www.facebook.com\/shlomotaapion\" target=\"_blank\" rel=\"noopener nofollow\"><b>Shl\u00f8mo<\/b><\/a>.<\/p>\n<p>L\u2019\u00e9toile de la hard techno fran\u00e7aise <a href=\"https:\/\/www.facebook.com\/LessssMusic\" target=\"_blank\" rel=\"noopener nofollow\"><b>LESSSS<\/b><\/a> sera elle aussi pr\u00e9sente pour un set survolt\u00e9, au m\u00eame titre que le nouveau visage hard groove et trance <a href=\"https:\/\/www.facebook.com\/odymelmusic\" target=\"_blank\" rel=\"noopener nofollow\"><b>Odymel<\/b><\/a> ou encore le ph\u00e9nom\u00e8ne de la psytrance m\u00e9di\u00e9vale <a href=\"https:\/\/www.facebook.com\/profile.php?id=61555746657600\" target=\"_blank\" rel=\"noopener nofollow\"><b>Perceval<\/b><\/a>.<\/p>\n<p><img aria-describedby=\"caption-attachment-88047\" decoding=\"async\" loading=\"lazy\" class=\"size-full wp-image-88047\" src=\"https:\/\/www.europesays.com\/fr\/wp-content\/uploads\/2025\/06\/mme-loyal-rennes-XXL.jpg\" alt=\"La programmation de Madame Loyal Rennes 2025\" width=\"1080\" height=\"1080\"  \/><\/p>\n<p id=\"caption-attachment-88047\" class=\"wp-caption-text\">La programmation de Madame Loyal Rennes 2025<\/p>\n<p>Pour les amateurs de frenchcore, le ponte <a href=\"https:\/\/www.facebook.com\/search\/top?q=billx\" target=\"_blank\" rel=\"noopener nofollow\"><b>Billx<\/b><\/a> sera au rendez-vous. <a href=\"https:\/\/www.facebook.com\/KavinskyOfficial\" target=\"_blank\" rel=\"noopener nofollow\"><b>Kavinsky<\/b><\/a> viendra quant \u00e0 lui d\u00e9fendre les couleurs de l\u2019\u00e9lectro et de la synth wave.<\/p>\n<p>Pour plus d\u2019informations, rendez-vous sur la page <a href=\"https:\/\/www.facebook.com\/events\/1219724533033417\" target=\"_blank\" rel=\"noopener nofollow\"><b>Facebook de l\u2019\u00e9v\u00e9nement<\/b><\/a> ou sur <a href=\"https:\/\/dice.fm\/partner\/madame-loyal-rennes\/event\/oel6bm-madame-loyal-rennes-7-8-novembre-7th-nov-parc-des-expositions-de-rennes-rennes-tickets?dice_id=6172781&amp;dice_channel=instagram&amp;dice_tags=organic&amp;dice_campaign=Madame+Loyal+Rennes&amp;dice_feature=mio_marketing&amp;_branch_match_id=1459475206446062836&amp;utm_source=instagram&amp;utm_campaign=Madame+Loyal+Rennes&amp;utm_medium=mio_marketing&amp;_branch_referrer=H4sIAAAAAAAAA8soKSkottLXz8nMy9ZLyUxO1UvL1c9NTEnMTc3Jr0zM0S1KzctLLdY1MjAyta8rSk1LLSrKzEuPTyrKLy9OLbINTkxLLMoEAPRVxqhGAAAA\" target=\"_blank\" rel=\"noopener nofollow\"><b>la billetterie<\/b><\/a>.<\/p>\n<p>\u00a0<\/p>\n<p>Article sponsoris\u00e9.\u00a0<\/p>\n","protected":false},"excerpt":{"rendered":"15 Les vendredi 7 et samedi 8 novembre, la f\u00eate foraine \u00e9lectronique Madame Loyal posera \u00e0 nouveau ses&hellip;\n","protected":false},"author":2,"featured_media":168101,"comment_status":"","ping_status":"","sticky":false,"template":"","format":"standard","meta":{"footnotes":""},"categories":[2821],"tags":[1111,11,829,1777,674,849,1011,27,12,584,25],"class_list":{"0":"post-168100","1":"post","2":"type-post","3":"status-publish","4":"format-standard","5":"has-post-thumbnail","7":"category-rennes","8":"tag-actu","9":"tag-actualites","10":"tag-bretagne","11":"tag-eu","12":"tag-europe","13":"tag-festival","14":"tag-fr","15":"tag-france","16":"tag-news","17":"tag-rennes","18":"tag-republique-francaise"},"share_on_mastodon":{"url":"https:\/\/pubeurope.com\/@fr\/114664589498633469","error":""},"_links":{"self":[{"href":"https:\/\/www.europesays.com\/fr\/wp-json\/wp\/v2\/posts\/168100","targetHints":{"allow":["GET"]}}],"collection":[{"href":"https:\/\/www.europesays.com\/fr\/wp-json\/wp\/v2\/posts"}],"about":[{"href":"https:\/\/www.europesays.com\/fr\/wp-json\/wp\/v2\/types\/post"}],"author":[{"embeddable":true,"href":"https:\/\/www.europesays.com\/fr\/wp-json\/wp\/v2\/users\/2"}],"replies":[{"embeddable":true,"href":"https:\/\/www.europesays.com\/fr\/wp-json\/wp\/v2\/comments?post=168100"}],"version-history":[{"count":0,"href":"https:\/\/www.europesays.com\/fr\/wp-json\/wp\/v2\/posts\/168100\/revisions"}],"wp:featuredmedia":[{"embeddable":true,"href":"https:\/\/www.europesays.com\/fr\/wp-json\/wp\/v2\/media\/168101"}],"wp:attachment":[{"href":"https:\/\/www.europesays.com\/fr\/wp-json\/wp\/v2\/media?parent=168100"}],"wp:term":[{"taxonomy":"category","embeddable":true,"href":"https:\/\/www.europesays.com\/fr\/wp-json\/wp\/v2\/categories?post=168100"},{"taxonomy":"post_tag","embeddable":true,"href":"https:\/\/www.europesays.com\/fr\/wp-json\/wp\/v2\/tags?post=168100"}],"curies":[{"name":"wp","href":"https:\/\/api.w.org\/{rel}","templated":true}]}}