{"id":168108,"date":"2025-06-11T11:55:13","date_gmt":"2025-06-11T11:55:13","guid":{"rendered":"https:\/\/www.europesays.com\/fr\/168108\/"},"modified":"2025-06-11T11:55:13","modified_gmt":"2025-06-11T11:55:13","slug":"a-nice-emmanuel-macron-felicite-les-forces-de-lordre-mobilisees-pour-le-sommet-de-locean","status":"publish","type":"post","link":"https:\/\/www.europesays.com\/fr\/168108\/","title":{"rendered":"\u00e0 Nice, Emmanuel Macron f\u00e9licite les forces de l\u2019ordre mobilis\u00e9es pour le sommet de l\u2019oc\u00e9an"},"content":{"rendered":"<p>Pr\u00e8s de 5000 policiers et gendarmes sont mobilis\u00e9s \u00e0 Nice dans le cadre de cette grande conf\u00e9rence des Nations unies sur l\u2019oc\u00e9an.<\/p>\n<p class=\"fig-paragraph\">Avant de quitter Nice (Alpes-Maritimes), ville h\u00f4te du sommet de l\u2019ONU sur l\u2019oc\u00e9an,\u00a0<a href=\"http:\/\/www.lefigaro.fr\/politique\/a-monaco-et-a-nice-emmanuel-macron-enjambe-l-encombrant-anniversaire-de-la-dissolution-20250609\" data-fig-type=\"NewsFlash\" data-gtm-custom-categorie=\"navigation\" data-gtm-custom-action=\"crossclick\" data-gtm-custom-label=\"Contextuel\" data-gtm-event=\"customEventSPE\" data-fig-domain=\"LEFIGARO\" rel=\"nofollow noopener\" target=\"_blank\">Emmanuel Macron<\/a>\u00a0a salu\u00e9 les forces de l\u2019ordre mobilis\u00e9es en nombre pour s\u00e9curiser cet \u00e9v\u00e9nement d\u2019ampleur. \u00abJe voulais vraiment vous remercier parce que ce d\u00e9but de semaine \u00e9tait tr\u00e8s sensible\u00bb, a d\u00e9clar\u00e9 le pr\u00e9sident de la R\u00e9publique devant une centaine de fonctionnaires r\u00e9unis mardi soir, apr\u00e8s son \u00e9mission sur France 2, sur le quai Raba Capeu.<\/p>\n<p class=\"fig-paragraph\">\u00ab\u00c7a devait \u00eatre un test, il a \u00e9t\u00e9 r\u00e9ussi\u00bb, a-t-il poursuivi. Plus de 60 chefs d\u2019\u00c9tat et de gouvernement ainsi que des milliers d\u2019experts et scientifiques \u00e9taient pr\u00e9sents \u00e0 Nice en ce d\u00e9but de semaine et restent pour certains jusqu\u2019au 13 juin, date de fin de\u00a0<a href=\"http:\/\/www.lefigaro.fr\/nice\/sommet-de-l-onu-sur-l-ocean-comment-nice-se-plie-en-quatre-pour-accueillir-le-monde-entier-20250608\" data-fig-type=\"NewsFlash\" data-gtm-custom-categorie=\"navigation\" data-gtm-custom-action=\"crossclick\" data-gtm-custom-label=\"Contextuel\" data-gtm-event=\"customEventSPE\" data-fig-domain=\"LEFIGARO\" rel=\"nofollow noopener\" target=\"_blank\">ce troisi\u00e8me sommet de l\u2019oc\u00e9an (Unoc 3)<\/a>.<\/p>\n<p class=\"fig-paragraph\">\u00abJe sais que le travail n\u2019est pas fini et que la semaine va encore \u00eatre charg\u00e9e\u00bb, a indiqu\u00e9 en pr\u00e9ambule Emmanuel Macron, qui a pour sa part quitt\u00e9 la C\u00f4te d\u2019Azur apr\u00e8s\u00a0<a href=\"http:\/\/www.lefigaro.fr\/politique\/emmanuel-macron-attendu-a-monaco-ce-samedi-pour-une-visite-d-etat-sous-le-signe-des-oceans-20250607\" data-fig-type=\"NewsFlash\" data-gtm-custom-categorie=\"navigation\" data-gtm-custom-action=\"crossclick\" data-gtm-custom-label=\"Contextuel\" data-gtm-event=\"customEventSPE\" data-fig-domain=\"LEFIGARO\" rel=\"nofollow noopener\" target=\"_blank\">une visite d\u2019\u00c9tat \u00e0 Monaco les 7 et 8 juin<\/a>, puis le d\u00e9but de la conf\u00e9rence \u00e0 Nice, lundi.<\/p>\n<p>\u00abCapacit\u00e9 \u00e0 organiser les grands \u00e9v\u00e9nements\u00bb<\/p>\n<p class=\"fig-paragraph\">Un dispositif de s\u00e9curit\u00e9 hors norme est d\u00e9ploy\u00e9 \u00e0 Nice, avec pr\u00e8s de 5000 policiers et gendarmes, \u00e0 terre comme en mer. \u00abOn a les d\u00e9fis du quotidien et on a la capacit\u00e9 \u00e0 organiser les grands \u00e9v\u00e9nements. On l\u2019a fait pour les Jeux olympiques et on le fait pour ce sommet des oc\u00e9ans. On peut les faire parce que vous \u00eates l\u00e0\u00bb, a insist\u00e9 le chef de l\u2019\u00c9tat, \u00abinfiniment reconnaissant\u00bb et \u00abfier\u00bb.<\/p>\n<p class=\"fig-paragraph\">Il a encore salu\u00e9 \u00abune vraie compr\u00e9hension et association de la population\u00bb, alors que les habitants doivent s\u2019adapter \u00e0\u00a0<a href=\"http:\/\/www.lefigaro.fr\/nice\/quartiers-boucles-acces-filtres-comment-nice-prepare-ses-habitants-au-sommet-mondial-de-l-onu-sur-l-ocean-20250423\" data-fig-type=\"NewsFlash\" data-gtm-custom-categorie=\"navigation\" data-gtm-custom-action=\"crossclick\" data-gtm-custom-label=\"Contextuel\" data-gtm-event=\"customEventSPE\" data-fig-domain=\"LEFIGARO\" rel=\"nofollow noopener\" target=\"_blank\">de nombreuses contraintes s\u00e9curitaires<\/a>, en particulier dans\u00a0<a href=\"http:\/\/www.lefigaro.fr\/nice\/nice-accouche-de-son-nouveau-centre-de-congres-sur-le-port-en-vue-du-sommet-onusien-sur-l-ocean-20250218\" data-fig-type=\"NewsFlash\" data-gtm-custom-categorie=\"navigation\" data-gtm-custom-action=\"crossclick\" data-gtm-custom-label=\"Contextuel\" data-gtm-event=\"customEventSPE\" data-fig-domain=\"LEFIGARO\" rel=\"nofollow noopener\" target=\"_blank\">le p\u00e9rim\u00e8tre du port<\/a>\u00a0o\u00f9 se tiennent les \u00e9changes.<\/p>\n<p class=\"fig-paragraph\">Le pr\u00e9sident a \u00e9galement salu\u00e9 \u00abtous les coll\u00e8gues qui sont aussi au front d\u2019\u00e9v\u00e9nements difficiles qui ont endeuill\u00e9 pour le pays ces derni\u00e8res heures ou ces derniers jours\u00bb et a eu une pens\u00e9e particuli\u00e8re pour\u00a0<a href=\"http:\/\/www.lefigaro.fr\/actualite-france\/incendie-dans-l-aisne-qui-etaient-les-deux-pompiers-decedes-lors-de-l-intervention-20250610\" data-fig-type=\"NewsFlash\" data-gtm-custom-categorie=\"navigation\" data-gtm-custom-action=\"crossclick\" data-gtm-custom-label=\"Contextuel\" data-gtm-event=\"customEventSPE\" data-fig-domain=\"LEFIGARO\" rel=\"nofollow noopener\" target=\"_blank\">les deux pompiers d\u00e9c\u00e9d\u00e9s en intervention dans l\u2019Aisne<\/a>.<\/p>\n","protected":false},"excerpt":{"rendered":"Pr\u00e8s de 5000 policiers et gendarmes sont mobilis\u00e9s \u00e0 Nice dans le cadre de cette grande conf\u00e9rence des&hellip;\n","protected":false},"author":2,"featured_media":168109,"comment_status":"","ping_status":"","sticky":false,"template":"","format":"standard","meta":{"footnotes":""},"categories":[2819],"tags":[1111,11,2898,2829,2971,2972,2973,2974,1073,1777,674,2975,1011,27,2969,2970,2987,2980,12,2401,2897,2976,2977,2978,2985,2986,2979,2981,2982,2983,2984,2991,2992,2993,2994,2996,2997,2998,2999,3000,3001,3002,2995,3003,3004,3005,3007,2268,1072,882,25,2988,2989,2990,656,2968,3006],"class_list":{"0":"post-168108","1":"post","2":"type-post","3":"status-publish","4":"format-standard","5":"has-post-thumbnail","7":"category-nice","8":"tag-actu","9":"tag-actualites","10":"tag-alpes-maritimes","11":"tag-baumettes","12":"tag-carabacel","13":"tag-caucade","14":"tag-cimiez","15":"tag-cremat","16":"tag-emmanuel-macron","17":"tag-eu","18":"tag-europe","19":"tag-fabron","20":"tag-fr","21":"tag-france","22":"tag-larenas","23":"tag-lariane","24":"tag-le-ray","25":"tag-lingostiere","26":"tag-news","27":"tag-nice","28":"tag-nice-cote-dazur","29":"tag-nice-gairaut","30":"tag-nice-gambetta","31":"tag-nice-jean-medecin","32":"tag-nice-le-piol","33":"tag-nice-le-port","34":"tag-nice-liberation","35":"tag-nice-magnan","36":"tag-nice-mantega-mont-boron","37":"tag-nice-pasteur","38":"tag-nice-pessicart","39":"tag-nice-rue-de-france","40":"tag-nice-saint-antoine","41":"tag-nice-saint-augustin","42":"tag-nice-saint-isidore","43":"tag-nice-saint-maurice","44":"tag-nice-saint-pancrace","45":"tag-nice-saint-philippe","46":"tag-nice-saint-pierre-de-feric","47":"tag-nice-saint-roch","48":"tag-nice-saint-roman-de-bellet","49":"tag-nice-saint-sylvestre","50":"tag-nice-sainte-marguerite","51":"tag-nice-thiers","52":"tag-nice-ventabrun","53":"tag-nice-vernier","54":"tag-nice-vinaigrier","55":"tag-ogc-nice","56":"tag-police","57":"tag-provence-alpes-cote-dazur","58":"tag-republique-francaise","59":"tag-rimiez","60":"tag-riquier","61":"tag-roquebilliere","62":"tag-securite","63":"tag-sud-est","64":"tag-vieux-nice"},"share_on_mastodon":{"url":"","error":"Validation failed: Text character limit of 500 exceeded"},"_links":{"self":[{"href":"https:\/\/www.europesays.com\/fr\/wp-json\/wp\/v2\/posts\/168108","targetHints":{"allow":["GET"]}}],"collection":[{"href":"https:\/\/www.europesays.com\/fr\/wp-json\/wp\/v2\/posts"}],"about":[{"href":"https:\/\/www.europesays.com\/fr\/wp-json\/wp\/v2\/types\/post"}],"author":[{"embeddable":true,"href":"https:\/\/www.europesays.com\/fr\/wp-json\/wp\/v2\/users\/2"}],"replies":[{"embeddable":true,"href":"https:\/\/www.europesays.com\/fr\/wp-json\/wp\/v2\/comments?post=168108"}],"version-history":[{"count":0,"href":"https:\/\/www.europesays.com\/fr\/wp-json\/wp\/v2\/posts\/168108\/revisions"}],"wp:featuredmedia":[{"embeddable":true,"href":"https:\/\/www.europesays.com\/fr\/wp-json\/wp\/v2\/media\/168109"}],"wp:attachment":[{"href":"https:\/\/www.europesays.com\/fr\/wp-json\/wp\/v2\/media?parent=168108"}],"wp:term":[{"taxonomy":"category","embeddable":true,"href":"https:\/\/www.europesays.com\/fr\/wp-json\/wp\/v2\/categories?post=168108"},{"taxonomy":"post_tag","embeddable":true,"href":"https:\/\/www.europesays.com\/fr\/wp-json\/wp\/v2\/tags?post=168108"}],"curies":[{"name":"wp","href":"https:\/\/api.w.org\/{rel}","templated":true}]}}