{"id":168110,"date":"2025-06-11T11:56:12","date_gmt":"2025-06-11T11:56:12","guid":{"rendered":"https:\/\/www.europesays.com\/fr\/168110\/"},"modified":"2025-06-11T11:56:12","modified_gmt":"2025-06-11T11:56:12","slug":"2-individus-arretes-pour-avoir-pulverise-un-bus-apres-la-victoire-du-psg","status":"publish","type":"post","link":"https:\/\/www.europesays.com\/fr\/168110\/","title":{"rendered":"2 individus arr\u00eat\u00e9s pour avoir pulv\u00e9ris\u00e9 un bus apr\u00e8s la victoire du PSG"},"content":{"rendered":"<p>Un homme de nationalit\u00e9 syrienne et un adolescent ont \u00e9t\u00e9 interpell\u00e9s mardi, pour avoir d\u00e9grad\u00e9 un v\u00e9hicule public de transport en commun, lors des violences qui ont \u00e9clat\u00e9 le soir de la finale de la Ligue des Champions, le 31 mai.<\/p>\n<p class=\"fig-paragraph\">La d\u00e9vastation ne restera pas impunie. Deux hommes ont \u00e9t\u00e9 interpell\u00e9s dans l\u2019agglom\u00e9ration nantaise, mardi 10 juin, dans le cadre de l\u2019enqu\u00eate de police ouverte sur le saccage d\u2019un bus,\u00a0<a href=\"https:\/\/www.lefigaro.fr\/nantes\" target=\"_blank\" data-fig-type=\"Section\" rel=\"noopener\" data-gtm-custom-categorie=\"navigation\" data-gtm-custom-action=\"crossclick\" data-gtm-custom-label=\"Contextuel\" data-gtm-event=\"customEventSPE\" data-fig-domain=\"LEFIGARO\">\u00e0 Nantes<\/a>\u00a0(Loire-Atlantique), lors d\u2019une \u00e9ruption de violences urbaines au cours de la soir\u00e9e du 31 mai dernier. Des\u00a0<a href=\"http:\/\/www.lefigaro.fr\/actualite-france\/pres-de-600-interpellations-deux-deces-700-incendies-l-accablant-bilan-securitaire-du-match-psg-inter-20250601\" target=\"_blank\" data-fig-type=\"NewsFlash\" rel=\"noopener\" data-gtm-custom-categorie=\"navigation\" data-gtm-custom-action=\"crossclick\" data-gtm-custom-label=\"Contextuel\" data-gtm-event=\"customEventSPE\" data-fig-domain=\"LEFIGARO\">sc\u00e8nes d\u2019\u00e9meutes s\u2019\u00e9taient manifest\u00e9es dans plusieurs villes<\/a>\u00a0de France, dans la foul\u00e9e de la victoire du Paris-Saint-Germain (PSG), lors de la finale de l\u2019\u00e9dition 2024-2025 de la Ligue des champions.<\/p>\n<p class=\"fig-paragraph\">Deux premiers hommes avaient\u00a0<a href=\"https:\/\/www.lefigaro.fr\/nantes\/je-vais-te-tuer-espece-de-sale-blanc-a-nantes-des-peines-de-prison-prononcees-apres-les-violences-liees-a-la-victoire-du-psg-20250602?msockid=23bae9559407675c268dff5d953d6653\" target=\"_blank\" data-fig-type=\"NewsFlash\" rel=\"noopener\" data-gtm-custom-categorie=\"navigation\" data-gtm-custom-action=\"crossclick\" data-gtm-custom-label=\"Contextuel\" data-gtm-event=\"customEventSPE\" data-fig-domain=\"LEFIGARO\">d\u00e9j\u00e0 \u00e9t\u00e9 jug\u00e9s, le 2 juin<\/a>, pour avoir vandalis\u00e9 un v\u00e9hicule m\u00e9tropolitain de transport en commun &#8211; et pour outrage envers des policiers. L\u2019un des pr\u00e9venus, en \u00e9tat de r\u00e9cidive, a \u00e9t\u00e9 incarc\u00e9r\u00e9. L\u2019autre a \u00e9cop\u00e9 d\u2019un emprisonnement avec sursis. L\u2019exploitation des images de la vid\u00e9osurveillance a, depuis, permis aux enqu\u00eateurs nantais d\u2019identifier deux nouveaux individus parmi la foule qui s\u2019en \u00e9tait prise au bus\u00a0: un homme de 22 ans, de nationalit\u00e9 syrienne, ainsi qu\u2019un adolescent \u00e2g\u00e9 de 17 ans.<\/p>\n<p>Port\u00e9s par un effet de foule<\/p>\n<p class=\"fig-paragraph\">\u00abIls ont bris\u00e9 les vitres du bus \u00e0 coups de pied, \u00e0 coups de marteau et en utilisant l\u2019extincteur. Ils ont \u00e9galement saut\u00e9 sur le toit du v\u00e9hicule, d\u00e9formant sa structure\u00bb, indique mercredi une source polici\u00e8re. Le montant des r\u00e9parations a \u00e9t\u00e9 estim\u00e9 \u00e0 50.000 euros. D\u00e9j\u00e0 connus de la justice, avec plusieurs ant\u00e9c\u00e9dents, les deux individus ont reconnu avoir particip\u00e9 aux d\u00e9gradations. Ils ont affirm\u00e9 en garde \u00e0 vue s\u2019\u00eatre laiss\u00e9s porter par un effet de foule.<\/p>\n<p class=\"fig-body-link\">\n            \u00c0 lire aussi<br \/>\n        <a class=\"fig-body-link__link\" href=\"http:\/\/www.lefigaro.fr\/nantes\/pres-de-nantes-en-pleine-course-orientation-deux-lyceennes-decouvrent-un-morceau-d-ossement-humain-20250610\" target=\"_blank\" data-fig-type=\"NewsFlash\" rel=\"noopener\" data-gtm-custom-categorie=\"navigation\" data-gtm-custom-action=\"crossclick\" data-gtm-custom-label=\"Contextuel\" data-gtm-event=\"customEventSPE\" data-fig-domain=\"LEFIGARO\">Pr\u00e8s de Nantes\u00a0: en pleine course d\u2019orientation, deux lyc\u00e9ennes d\u00e9couvrent un morceau de cr\u00e2ne humain<br \/>\n    <\/a>\n<\/p>\n<p class=\"fig-paragraph\">Le pr\u00e9venu majeur a \u00e9t\u00e9 d\u00e9f\u00e9r\u00e9 mercredi matin au tribunal correctionnel de Nantes, pour un jugement l\u2019apr\u00e8s-midi m\u00eame en comparution imm\u00e9diate. Il r\u00e9pondra des chefs de \u00abd\u00e9gradations\u00bb, mais aussi de \u00abviolences volontaires\u00bb, pour avoir ass\u00e9n\u00e9 un coup de poing \u00e0 un passant qui avait cherch\u00e9 \u00e0 s\u2019interposer entre les fauteurs de troubles et le v\u00e9hicule. Le mineur compara\u00eetra dans les prochains jours devant le juge des enfants.<\/p>\n<p class=\"fig-paragraph\">Au total, 563 interpellations ont eu lieu en France avec 307 gardes \u00e0 vue, au terme des violences qui avaient \u00e9clat\u00e9 dans plusieurs grandes villes, dans la soir\u00e9e du samedi 31 mai. La majorit\u00e9 des troubles s\u2019\u00e9taient d\u00e9roul\u00e9s\u00a0<a href=\"https:\/\/www.lefigaro.fr\/actualite-france\/tirs-de-mortiers-voitures-incendiees-et-scenes-de-liesse-le-recit-de-la-nuit-a-paris-apres-le-sacre-du-psg-en-ligue-des-champions-20250601?utm_source=CRM&amp;utm_medium=email&amp;utm_campaign=20250601_NL_faits_divers&amp;een=5b620c64a312614e6e02b2fd42702743&amp;seen=2&amp;m_i=CFoQjp24p3UIY0%2BqyYDvunFXaito0vhKyH7E4sp77TP0O6gQcOVC0s_FTP4JDy_X20CHslPRsj1ORmvc0PNM3cHrO1dqZdHCCM\" target=\"_blank\" data-fig-type=\"Article\" rel=\"noopener\" data-gtm-custom-categorie=\"navigation\" data-gtm-custom-action=\"crossclick\" data-gtm-custom-label=\"Contextuel\" data-gtm-event=\"customEventSPE\" data-fig-domain=\"LEFIGARO\">\u00e0 Paris, travers\u00e9e par plusieurs \u00e9meutes au cours de la nuit<\/a>. Pr\u00e8s de 491 individus ont \u00e9t\u00e9 interpell\u00e9s dans la capitale ; 254 d\u2019entre eux ont \u00e9t\u00e9 plac\u00e9s en garde \u00e0 vue. Les violences ont fait deux morts et une cinquantaine de bless\u00e9s.<\/p>\n","protected":false},"excerpt":{"rendered":"Un homme de nationalit\u00e9 syrienne et un adolescent ont \u00e9t\u00e9 interpell\u00e9s mardi, pour avoir d\u00e9grad\u00e9 un v\u00e9hicule public&hellip;\n","protected":false},"author":2,"featured_media":168111,"comment_status":"","ping_status":"","sticky":false,"template":"","format":"standard","meta":{"footnotes":""},"categories":[2818],"tags":[1111,11,1777,674,462,1011,27,2640,2642,766,2638,2643,2637,2639,2646,2645,2641,2635,2644,2647,12,2636,25],"class_list":{"0":"post-168110","1":"post","2":"type-post","3":"status-publish","4":"format-standard","5":"has-post-thumbnail","7":"category-nantes","8":"tag-actu","9":"tag-actualites","10":"tag-eu","11":"tag-europe","12":"tag-fc-nantes","13":"tag-fr","14":"tag-france","15":"tag-hauts-paves-saint-felix","16":"tag-ile-de-nantes","17":"tag-nantes","18":"tag-nantes-bellevue-chantenay-sainte-anne","19":"tag-nantes-breil-barberie","20":"tag-nantes-centre-ville","21":"tag-nantes-dervallieres-zola","22":"tag-nantes-doulon-bottiere","23":"tag-nantes-erdre","24":"tag-nantes-malakoff-saint-donatien","25":"tag-nantes-metropole","26":"tag-nantes-nord","27":"tag-nantes-sud","28":"tag-news","29":"tag-pays-de-la-loire","30":"tag-republique-francaise"},"share_on_mastodon":{"url":"https:\/\/pubeurope.com\/@fr\/114664609159093176","error":""},"_links":{"self":[{"href":"https:\/\/www.europesays.com\/fr\/wp-json\/wp\/v2\/posts\/168110","targetHints":{"allow":["GET"]}}],"collection":[{"href":"https:\/\/www.europesays.com\/fr\/wp-json\/wp\/v2\/posts"}],"about":[{"href":"https:\/\/www.europesays.com\/fr\/wp-json\/wp\/v2\/types\/post"}],"author":[{"embeddable":true,"href":"https:\/\/www.europesays.com\/fr\/wp-json\/wp\/v2\/users\/2"}],"replies":[{"embeddable":true,"href":"https:\/\/www.europesays.com\/fr\/wp-json\/wp\/v2\/comments?post=168110"}],"version-history":[{"count":0,"href":"https:\/\/www.europesays.com\/fr\/wp-json\/wp\/v2\/posts\/168110\/revisions"}],"wp:featuredmedia":[{"embeddable":true,"href":"https:\/\/www.europesays.com\/fr\/wp-json\/wp\/v2\/media\/168111"}],"wp:attachment":[{"href":"https:\/\/www.europesays.com\/fr\/wp-json\/wp\/v2\/media?parent=168110"}],"wp:term":[{"taxonomy":"category","embeddable":true,"href":"https:\/\/www.europesays.com\/fr\/wp-json\/wp\/v2\/categories?post=168110"},{"taxonomy":"post_tag","embeddable":true,"href":"https:\/\/www.europesays.com\/fr\/wp-json\/wp\/v2\/tags?post=168110"}],"curies":[{"name":"wp","href":"https:\/\/api.w.org\/{rel}","templated":true}]}}