{"id":168116,"date":"2025-06-11T11:59:11","date_gmt":"2025-06-11T11:59:11","guid":{"rendered":"https:\/\/www.europesays.com\/fr\/168116\/"},"modified":"2025-06-11T11:59:11","modified_gmt":"2025-06-11T11:59:11","slug":"midi-dix-la-revelation-de-de-tavernost-les-girondins-de-bordeaux-vendent-un-plan-bancal","status":"publish","type":"post","link":"https:\/\/www.europesays.com\/fr\/168116\/","title":{"rendered":"Midi Dix : la r\u00e9v\u00e9lation de De Tavernost, les Girondins de Bordeaux vendent un plan bancal"},"content":{"rendered":"<p>\n    11\/06 &#8211; 13:44 | Il y a<br \/>\n    15 minutes\n  <\/p>\n<p><strong>C&rsquo;est le retour de ce rendez-vous d&rsquo;actu \u00e0 mi-journ\u00e9e ce mercredi. Nous profitons de la pause pour faire un point complet sur l&rsquo;actualit\u00e9 des Girondins de Bordeaux avec une revue de presse et des infos. On parle toujours du plan de continuation de G\u00e9rard Lopez, et de la d\u00e9claration de De Taversnost sur la vente du club.<\/strong><\/p>\n<p><img decoding=\"async\" src=\"https:\/\/www.europesays.com\/fr\/wp-content\/uploads\/2025\/05\/671_85a824f523067acdd2636a50c7b71e00.jpg\" alt=\"Midi Dix : la r\u00e9v\u00e9lation de De Tavernost, les Girondins de Bordeaux vendent un plan bancal\" class=\"img-responsive mt-3\"\/><\/p>\n<p class=\"text-center mb-3\" style=\"font-size: 14px\">\u00a9 Iconsport<\/p>\n<p>Suivez l&rsquo;\u00e9mission sur cette page, ou sur la <strong><a href=\"https:\/\/www.youtube.com\/watch?v=HhTJCJdHJ2o\" target=\"_blank\" rel=\"noopener\">cha\u00eene YouTube de WebGirondins<\/a><\/strong> :\u00a0<\/p>\n<p>Ce navigateur ne supporte pas les iframes<\/p>\n<p>\u00c0 lire &gt;&gt;\u00a0<strong><a href=\"https:\/\/www.webgirondins.com\/actualite-girondins-girondins-de-bordeaux-david-gluzman-demonte-le-mythe-du-sauveur-de-gerard-lopez-129370\" target=\"_blank\" rel=\"noopener\">David Gluzman d\u00e9monte le \u00ab\u00a0mythe du sauveur\u00a0\u00bb de G\u00e9rard Lopez<\/a><\/strong><\/p>\n<p>Notre podcast court :<\/p>\n<p>\u00a0<\/p>\n<p>    <a href=\"https:\/\/www.webgirondins.com\/actualites-categorie-webgirondins-tv-12\" target=\"_blank\" rel=\"noopener\">#WebGirondins TV<\/a><\/p>\n<p>  COMMENTAIRES<br \/>\n  ()<\/p>\n","protected":false},"excerpt":{"rendered":"11\/06 &#8211; 13:44 | Il y a 15 minutes C&rsquo;est le retour de ce rendez-vous d&rsquo;actu \u00e0 mi-journ\u00e9e&hellip;\n","protected":false},"author":2,"featured_media":37667,"comment_status":"","ping_status":"","sticky":false,"template":"","format":"standard","meta":{"footnotes":""},"categories":[2817],"tags":[1111,47,11,3396,30144,1997,3949,154,1777,674,4560,1011,27,1987,3465,6774,11961,12,3946,2219,11965,5355,3948,471,4048,11964,11963,25,8133,9353,4053,30143,10880,4568],"class_list":{"0":"post-168116","1":"post","2":"type-post","3":"status-publish","4":"format-standard","5":"has-post-thumbnail","7":"category-bordeaux","8":"tag-actu","9":"tag-actualite","10":"tag-actualites","11":"tag-avec","12":"tag-bancal","13":"tag-bordeaux","14":"tag-complet","15":"tag-des","16":"tag-eu","17":"tag-europe","18":"tag-faire","19":"tag-fr","20":"tag-france","21":"tag-girondins","22":"tag-journee","23":"tag-mercredi","24":"tag-midi","25":"tag-news","26":"tag-nous","27":"tag-nouvelle-aquitaine","28":"tag-pause","29":"tag-plan","30":"tag-point","31":"tag-pour","32":"tag-presse","33":"tag-profitons","34":"tag-rendez","35":"tag-republique-francaise","36":"tag-retour","37":"tag-revelation","38":"tag-revue","39":"tag-tavernost","40":"tag-vendent","41":"tag-vous"},"share_on_mastodon":{"url":"https:\/\/pubeurope.com\/@fr\/114664621155357856","error":""},"_links":{"self":[{"href":"https:\/\/www.europesays.com\/fr\/wp-json\/wp\/v2\/posts\/168116","targetHints":{"allow":["GET"]}}],"collection":[{"href":"https:\/\/www.europesays.com\/fr\/wp-json\/wp\/v2\/posts"}],"about":[{"href":"https:\/\/www.europesays.com\/fr\/wp-json\/wp\/v2\/types\/post"}],"author":[{"embeddable":true,"href":"https:\/\/www.europesays.com\/fr\/wp-json\/wp\/v2\/users\/2"}],"replies":[{"embeddable":true,"href":"https:\/\/www.europesays.com\/fr\/wp-json\/wp\/v2\/comments?post=168116"}],"version-history":[{"count":0,"href":"https:\/\/www.europesays.com\/fr\/wp-json\/wp\/v2\/posts\/168116\/revisions"}],"wp:featuredmedia":[{"embeddable":true,"href":"https:\/\/www.europesays.com\/fr\/wp-json\/wp\/v2\/media\/37667"}],"wp:attachment":[{"href":"https:\/\/www.europesays.com\/fr\/wp-json\/wp\/v2\/media?parent=168116"}],"wp:term":[{"taxonomy":"category","embeddable":true,"href":"https:\/\/www.europesays.com\/fr\/wp-json\/wp\/v2\/categories?post=168116"},{"taxonomy":"post_tag","embeddable":true,"href":"https:\/\/www.europesays.com\/fr\/wp-json\/wp\/v2\/tags?post=168116"}],"curies":[{"name":"wp","href":"https:\/\/api.w.org\/{rel}","templated":true}]}}