{"id":168125,"date":"2025-06-11T12:04:09","date_gmt":"2025-06-11T12:04:09","guid":{"rendered":"https:\/\/www.europesays.com\/fr\/168125\/"},"modified":"2025-06-11T12:04:09","modified_gmt":"2025-06-11T12:04:09","slug":"un-individu-menace-avec-un-couteau-le-gerant-et-les-serveuses-dun-snack-a-marseille-avant-detre-interpelle","status":"publish","type":"post","link":"https:\/\/www.europesays.com\/fr\/168125\/","title":{"rendered":"Un individu menace avec un couteau le g\u00e9rant et les serveuses d&rsquo;un snack \u00e0 Marseille avant d&rsquo;\u00eatre interpell\u00e9"},"content":{"rendered":"<p>Un individu qui importunait le personnel et les clients d&rsquo;un snack de la <a href=\"https:\/\/www.laprovence.com\/article\/region\/5786290881610115\/video-un-appartement-detruit-par-un-incendie-pres-du-vieux-port-a-marseille\" target=\"_blank\" rel=\"nofollow noopener\">rue Saint-Sa\u00ebns<\/a>, dans le 1er arrondissement de Marseille, a menac\u00e9 le g\u00e9rant et deux serveuses avec un couteau mardi soir. Il a \u00e9t\u00e9 interpell\u00e9.<\/p>\n<p>Il \u00e9tait 22 heures mardi 12 juin 2025, lorsque le g\u00e9rant d&rsquo;un snack de la rue Saint-Sa\u00ebns, \u00e0 quelques encablures du <a href=\"https:\/\/www.laprovence.com\/article\/faits-divers-justice\/3055415545508414\/marseille-un-jeune-couple-violemment-moleste-par-trois-mineurs-sur-le-vieux-port\" target=\"_blank\" rel=\"nofollow noopener\">Vieux-Port<\/a>, a perdu patience avec un importun connu pour troubler r\u00e9guli\u00e8rement les d\u00eeners sur le pouce de sa client\u00e8le.<\/p>\n<p>\u00c2g\u00e9 de 35 ans, le suspect a \u00e9t\u00e9 plac\u00e9 en garde \u00e0 vue<\/p>\n<p>Apr\u00e8s plusieurs avertissements destin\u00e9s \u00e0 faire d\u00e9guerpir l&rsquo;individu ind\u00e9sirable et devant la v\u00e9h\u00e9mence de ce dernier, le g\u00e9rant a fini par entreprendre de sortir le casse-pieds de son \u00e9tablissement.<\/p>\n<p>Piqu\u00e9 au vif, celui-ci aurait alors sorti un couteau et menac\u00e9 le patron ainsi que deux serveuses, ce qui a aussit\u00f4t d\u00e9clench\u00e9 l&rsquo;intervention de la police.<\/p>\n<p>Un \u00e9quipage a rapidement rep\u00e9r\u00e9 le suspect qui d\u00e9ambulait encore \u00e0 proximit\u00e9 du <a href=\"https:\/\/www.laprovence.com\/article\/faits-divers-justice\/301511536668214\/aubagne-un-homme-eviscere-a-l-arme-blanche-lors-dune-bagarre-dans-un-snack\" target=\"_blank\" rel=\"nofollow noopener\">snack<\/a> apr\u00e8s son coup d&rsquo;\u00e9clat. \u00c2g\u00e9 de 35 ans, il a \u00e9t\u00e9 interpell\u00e9 et plac\u00e9 en garde \u00e0 vue.<\/p>\n","protected":false},"excerpt":{"rendered":"Un individu qui importunait le personnel et les clients d&rsquo;un snack de la rue Saint-Sa\u00ebns, dans le 1er&hellip;\n","protected":false},"author":2,"featured_media":168126,"comment_status":"","ping_status":"","sticky":false,"template":"","format":"standard","meta":{"footnotes":""},"categories":[2814],"tags":[17,1111,11,3396,5264,1777,674,274,1011,27,18297,23912,151,884,1147,12,882,25,30151],"class_list":{"0":"post-168125","1":"post","2":"type-post","3":"status-publish","4":"format-standard","5":"has-post-thumbnail","7":"category-marseille","8":"tag-17","9":"tag-actu","10":"tag-actualites","11":"tag-avec","12":"tag-couteau","13":"tag-eu","14":"tag-europe","15":"tag-faits-divers-justice","16":"tag-fr","17":"tag-france","18":"tag-gerant","19":"tag-individu","20":"tag-les","21":"tag-marseille","22":"tag-menace","23":"tag-news","24":"tag-provence-alpes-cote-dazur","25":"tag-republique-francaise","26":"tag-serveuses"},"share_on_mastodon":{"url":"https:\/\/pubeurope.com\/@fr\/114664640747188748","error":""},"_links":{"self":[{"href":"https:\/\/www.europesays.com\/fr\/wp-json\/wp\/v2\/posts\/168125","targetHints":{"allow":["GET"]}}],"collection":[{"href":"https:\/\/www.europesays.com\/fr\/wp-json\/wp\/v2\/posts"}],"about":[{"href":"https:\/\/www.europesays.com\/fr\/wp-json\/wp\/v2\/types\/post"}],"author":[{"embeddable":true,"href":"https:\/\/www.europesays.com\/fr\/wp-json\/wp\/v2\/users\/2"}],"replies":[{"embeddable":true,"href":"https:\/\/www.europesays.com\/fr\/wp-json\/wp\/v2\/comments?post=168125"}],"version-history":[{"count":0,"href":"https:\/\/www.europesays.com\/fr\/wp-json\/wp\/v2\/posts\/168125\/revisions"}],"wp:featuredmedia":[{"embeddable":true,"href":"https:\/\/www.europesays.com\/fr\/wp-json\/wp\/v2\/media\/168126"}],"wp:attachment":[{"href":"https:\/\/www.europesays.com\/fr\/wp-json\/wp\/v2\/media?parent=168125"}],"wp:term":[{"taxonomy":"category","embeddable":true,"href":"https:\/\/www.europesays.com\/fr\/wp-json\/wp\/v2\/categories?post=168125"},{"taxonomy":"post_tag","embeddable":true,"href":"https:\/\/www.europesays.com\/fr\/wp-json\/wp\/v2\/tags?post=168125"}],"curies":[{"name":"wp","href":"https:\/\/api.w.org\/{rel}","templated":true}]}}