{"id":168127,"date":"2025-06-11T12:05:08","date_gmt":"2025-06-11T12:05:08","guid":{"rendered":"https:\/\/www.europesays.com\/fr\/168127\/"},"modified":"2025-06-11T12:05:08","modified_gmt":"2025-06-11T12:05:08","slug":"un-homme-fonce-sur-son-frere-sur-le-parking-du-carrefour-du-merlan-a-marseille","status":"publish","type":"post","link":"https:\/\/www.europesays.com\/fr\/168127\/","title":{"rendered":"Un homme fonce sur son fr\u00e8re sur le parking du Carrefour du Merlan \u00e0 Marseille"},"content":{"rendered":"<p>Un quinquag\u00e9naire a fonc\u00e9, avec son v\u00e9hicule, sur son fr\u00e8re avec lequel il venait d&rsquo;avoir un diff\u00e9rend dans le centre commercial du <a href=\"https:\/\/www.laprovence.com\/article\/region\/1353372323811814\/a-marseille-les-agents-dentretien-de-carrefour-le-merlan-debrayent\" target=\"_blank\" rel=\"noopener\">Merlan<\/a>. La victime a \u00e9t\u00e9 transport\u00e9e \u00e0 l&rsquo;h\u00f4pital. Son cadet a \u00e9t\u00e9 interpell\u00e9.<\/p>\n<p>Le motif du diff\u00e9rend qui a oppos\u00e9 deux fr\u00e8res dans le 14e arrondissement reste n\u00e9buleux \u00e0 ce stade, mais il est mont\u00e9 en puissance sous les yeux des chalands qui faisaient leurs courses au <a href=\"https:\/\/www.laprovence.com\/article\/faits-divers-justice\/5227707659302315\/marseille-la-galerie-du-carrefour-le-merlan-attaquee\" target=\"_blank\" rel=\"noopener\">Carrefour Marseille-Le Merlan<\/a> mardi 10 juin au soir. Il \u00e9tait 20h, lorsque les vigiles de l&rsquo;hypermarch\u00e9 sont intervenus pour s\u00e9parer les deux hommes qui avaient entrepris de se battre dans l&rsquo;enceinte m\u00eame de l&rsquo;hypermarch\u00e9.<\/p>\n<p>Le suspect s&rsquo;est rendu \u00e0 la police<\/p>\n<p>Alors que les agents de s\u00e9curit\u00e9 \u00e9taient parvenus \u00e0 faire sortir du magasin les deux bellig\u00e9rants, l&rsquo;incident semblait clos, mais l&rsquo;un d&rsquo;entre eux a regagn\u00e9 sa voiture, avant de d\u00e9marrer en trombes. Il aurait alors fonc\u00e9 sur son fr\u00e8re a\u00een\u00e9 qu&rsquo;il a violemment heurt\u00e9, avant de prendre la fuite.<\/p>\n<p>\u00c2g\u00e9e de 54 ans, la victime a \u00e9t\u00e9 prise en charge par les <a href=\"https:\/\/www.laprovence.com\/article\/faits-divers-justice\/2404309245084114\/une-centaine-de-marins-pompiers-mobilises-contre-un-depart-de-feu-a-bord-dun-navire-a-marseille\" target=\"_blank\" rel=\"noopener\">marins-pompiers de Marseille<\/a> qui l&rsquo;ont transport\u00e9e \u00e0 l&rsquo;h\u00f4pital, sans que son pronostic vital ne soit toutefois engag\u00e9.<\/p>\n<p>Quant \u00e0 son cadet, suspect, il a fini par se pr\u00e9senter de lui-m\u00eame au commissariat dans la soir\u00e9e. \u00c2g\u00e9 de 50 ans, il a \u00e9t\u00e9 plac\u00e9 en garde \u00e0 vue.<\/p>\n","protected":false},"excerpt":{"rendered":"Un quinquag\u00e9naire a fonc\u00e9, avec son v\u00e9hicule, sur son fr\u00e8re avec lequel il venait d&rsquo;avoir un diff\u00e9rend dans&hellip;\n","protected":false},"author":2,"featured_media":168128,"comment_status":"","ping_status":"","sticky":false,"template":"","format":"standard","meta":{"footnotes":""},"categories":[2814],"tags":[17,1111,11,1777,674,274,19229,1011,27,22101,4933,884,12,16025,882,25,3711,3356],"class_list":{"0":"post-168127","1":"post","2":"type-post","3":"status-publish","4":"format-standard","5":"has-post-thumbnail","7":"category-marseille","8":"tag-17","9":"tag-actu","10":"tag-actualites","11":"tag-eu","12":"tag-europe","13":"tag-faits-divers-justice","14":"tag-fonce","15":"tag-fr","16":"tag-france","17":"tag-frere","18":"tag-homme","19":"tag-marseille","20":"tag-news","21":"tag-parking","22":"tag-provence-alpes-cote-dazur","23":"tag-republique-francaise","24":"tag-son","25":"tag-sur"},"share_on_mastodon":{"url":"https:\/\/pubeurope.com\/@fr\/114664644600976147","error":""},"_links":{"self":[{"href":"https:\/\/www.europesays.com\/fr\/wp-json\/wp\/v2\/posts\/168127","targetHints":{"allow":["GET"]}}],"collection":[{"href":"https:\/\/www.europesays.com\/fr\/wp-json\/wp\/v2\/posts"}],"about":[{"href":"https:\/\/www.europesays.com\/fr\/wp-json\/wp\/v2\/types\/post"}],"author":[{"embeddable":true,"href":"https:\/\/www.europesays.com\/fr\/wp-json\/wp\/v2\/users\/2"}],"replies":[{"embeddable":true,"href":"https:\/\/www.europesays.com\/fr\/wp-json\/wp\/v2\/comments?post=168127"}],"version-history":[{"count":0,"href":"https:\/\/www.europesays.com\/fr\/wp-json\/wp\/v2\/posts\/168127\/revisions"}],"wp:featuredmedia":[{"embeddable":true,"href":"https:\/\/www.europesays.com\/fr\/wp-json\/wp\/v2\/media\/168128"}],"wp:attachment":[{"href":"https:\/\/www.europesays.com\/fr\/wp-json\/wp\/v2\/media?parent=168127"}],"wp:term":[{"taxonomy":"category","embeddable":true,"href":"https:\/\/www.europesays.com\/fr\/wp-json\/wp\/v2\/categories?post=168127"},{"taxonomy":"post_tag","embeddable":true,"href":"https:\/\/www.europesays.com\/fr\/wp-json\/wp\/v2\/tags?post=168127"}],"curies":[{"name":"wp","href":"https:\/\/api.w.org\/{rel}","templated":true}]}}