{"id":168129,"date":"2025-06-11T12:06:12","date_gmt":"2025-06-11T12:06:12","guid":{"rendered":"https:\/\/www.europesays.com\/fr\/168129\/"},"modified":"2025-06-11T12:06:12","modified_gmt":"2025-06-11T12:06:12","slug":"lyon-dans-cette-rue-maudite-les-voitures-se-font-emboutir-a-la-chaine-a-cause-des-travaux","status":"publish","type":"post","link":"https:\/\/www.europesays.com\/fr\/168129\/","title":{"rendered":"Lyon. Dans cette rue maudite, les voitures se font emboutir \u00e0 la cha\u00eene \u00ab\u00a0\u00e0 cause des travaux\u00a0\u00bb"},"content":{"rendered":"<p>            Par<br \/>\n        <strong><br \/>\n            <a href=\"https:\/\/actu.fr\/auteur\/ludivine-caporal\" title=\"Consulter tous les articles de Ludivine Caporal\" rel=\"nofollow noopener\" target=\"_blank\">Ludivine Caporal<\/a><br \/>\n        <\/strong><\/p>\n<p>        Publi\u00e9 le<\/p>\n<p>            11 juin 2025 \u00e0 13h30        <\/p>\n<p>Les traces du dernier carambolage sont encore visibles sur place\u2009: poteaux d\u00e9mont\u00e9s, r\u00e9sidus de r\u00e9troviseur embarqu\u00e9\u2026 Au bout de la <strong>rue Saint-Nestor<\/strong>, \u00e0 l\u2019angle de la rue Antoine-Lumi\u00e8re du quartier Monplaisir \u00e0 <a href=\"https:\/\/actu.fr\/auvergne-rhone-alpes\/lyon_69123\" rel=\"nofollow noopener\" target=\"_blank\">Lyon<\/a> (8e), les voitures gar\u00e9es sur la toute derni\u00e8re place de stationnement se font quasi syst\u00e9matiquement emboutir par les poids lourds tournant \u00e0 droite. Et ce depuis plusieurs mois.<\/p>\n<p class=\" wall-content\">La raison\u2009? La fermeture de <a href=\"https:\/\/actu.fr\/auvergne-rhone-alpes\/lyon_69123\/lyon-l-avenue-des-freres-lumieres-va-devenir-une-rue-velo-changement-radical-a-venir_59799877.html\" rel=\"nofollow noopener\" target=\"_blank\">l\u2019avenue des Fr\u00e8res-Lumi\u00e8re pour travaux<\/a>, obligeant camions et bus \u00e0 emprunter des rues parall\u00e8les comme celle de Saint-Nestor, pourtant <strong>bien trop \u00e9troite<\/strong> pour leur gabarit.<\/p>\n<p>\u00ab\u2009Ils n\u2019ont pas la place de tourner\u2009\u00bb<\/p>\n<p class=\" wall-content\">Une habitante, dont la fen\u00eatre donne pile sur ce bout de la rue, explique\u2009:<\/p>\n<blockquote class=\"ac-article-quote wall-content\">\n<p>Vu que les poids lourds ne peuvent plus remonter l&rsquo;Avenue des Fr\u00e8res-Lumi\u00e8re en arrivant du 7e \u00e0 cause des travaux, ils passent par l\u00e0. Mais ils ne peuvent pas tourner correctement \u00e0 droite \u00e0 la fin car ils n&rsquo;ont pas la place. J&rsquo;entends et je vois tr\u00e8s souvent les accidents, et pourtant, je ne passe pas ma vie derri\u00e8re le carreau !<\/p>\n<p>    <strong>Habitante de la rue Saint-Nestor<\/strong>\n            <\/p><\/blockquote>\n<p class=\" wall-content\">\n    <img   decoding=\"async\" loading=\"lazy\" src=\"https:\/\/www.europesays.com\/fr\/wp-content\/uploads\/2025\/06\/rue-saint-nestor-lyon-accidents-1-960x640.jpg\" alt=\"Lorsqu'ils tournent \u00e0 droite, les poids lourd emboutissent souvent les voitures gar\u00e9es sur la derni\u00e8re place.\" width=\"960\" height=\"640\"\/><br \/>\n    Lorsqu\u2019ils tournent \u00e0 droite, les poids lourds emboutissent souvent les voitures gar\u00e9es sur la derni\u00e8re place. (\u00a9Document remis \u00e0 actu Lyon)<br \/>\n    <img   decoding=\"async\" loading=\"lazy\" src=\"https:\/\/www.europesays.com\/fr\/wp-content\/uploads\/2025\/06\/rue-saint-nestor-lyon-accidents-960x640.jpg\" alt=\"Les traces du dernier carambolage rue Saint-Nestor.\" width=\"960\" height=\"640\"\/><br \/>\n    Les traces du dernier carambolage rue Saint-Nestor. (\u00a9Ludivine Caporal\/actu Lyon)<\/p>\n<p>Des mails aux services de mairie<\/p>\n<p class=\" wall-content\">Depuis f\u00e9vrier, cette derni\u00e8re a tent\u00e9 <strong>d\u2019alerter les services de mairie<\/strong> \u00e0 plusieurs reprises. En vain. \u00ab\u2009On m\u2019a d\u2019abord simplement r\u00e9pondu que la rue allait changer de sens en 2026\u2009\u00bb, regrette-t-elle, e-mails \u00e0 l\u2019appui.<\/p>\n<p class=\" wall-content\">Lors de son dernier courrier, en date du 10\u00a0juin, les services de la Ville ont finalement assur\u00e9 \u00ab\u2009relancer la subdivision voirie de la M\u00e9tropole\u2009\u00bb, en charge des travaux et des am\u00e9nagements de ce type, pour qu\u2019une solution soit trouv\u00e9e.<\/p>\n<p>    <a href=\"https:\/\/www.google.com\/maps\/embed?pb=!1m18!1m12!1m3!1d2784.385202247629!2d4.862778476210199!3d45.743423014765135!2m3!1f0!2f0!3f0!3m2!1i1024!2i768!4f13.1!3m3!1m2!1s0x47f4ea0b349405b1%3A0xac3259a30561fc00!2sRue%20Saint-Nestor%2C%2069008%20Lyon!5e0!3m2!1sfr!2sfr!4v1749636143080!5m2!1sfr!2sfr\" title=\"Ouvrie le lien\" rel=\"nofollow noopener\" target=\"_blank\">Cliquez ici pour visualiser le contenu<\/a><\/p>\n<p class=\" wall-content\">\u00ab\u2009Il suffirait pourtant juste de <strong>mettre un pot de fleurs<\/strong> et de condamner cette place\u2009!\u2009\u00bb, s\u2019agace la Lyonnaise. Les travaux de l\u2019Avenue des Fr\u00e8res-Lumi\u00e8re, d\u00e9j\u00e0 <a href=\"https:\/\/actu.fr\/auvergne-rhone-alpes\/lyon_69123\/lyon-un-carnage-les-travaux-sur-cette-grande-avenue-rendent-fous-des-commercants_62244088.html\" rel=\"nofollow noopener\" target=\"_blank\">point\u00e9s du doigt par les commer\u00e7ants du secteur<\/a>, n\u2019en finissent donc pas de faire parler d\u2019eux\u2026<\/p>\n<p class=\" wall-content\">Suivez toute l\u2019actualit\u00e9 de vos villes et m\u00e9dias favoris en vous inscrivant \u00e0 <a href=\"https:\/\/moncompte.actu.fr\" title=\"D\u00e9couvez Mon Actu\" rel=\"nofollow noopener\" data-trk=\"{&quot;cta&quot;:{&quot;action&quot;:&quot;https:\\\/\\\/moncompte.actu.fr&quot;,&quot;category&quot;:&quot;mon compte&quot;,&quot;from&quot;:&quot;article footer&quot;,&quot;name&quot;:&quot;Mon actu&quot;,&quot;type&quot;:&quot;cta&quot;}}\" target=\"_blank\">Mon Actu<\/a>.<\/p>\n","protected":false},"excerpt":{"rendered":"Par Ludivine Caporal Publi\u00e9 le 11 juin 2025 \u00e0 13h30 Les traces du dernier carambolage sont encore visibles&hellip;\n","protected":false},"author":2,"featured_media":168130,"comment_status":"","ping_status":"","sticky":false,"template":"","format":"standard","meta":{"footnotes":""},"categories":[1889],"tags":[1111,11,2430,3542,1777,674,1011,27,2428,12,25,104,2086],"class_list":{"0":"post-168129","1":"post","2":"type-post","3":"status-publish","4":"format-standard","5":"has-post-thumbnail","7":"category-lyon","8":"tag-actu","9":"tag-actualites","10":"tag-auvergne-rhone-alpes","11":"tag-circulation","12":"tag-eu","13":"tag-europe","14":"tag-fr","15":"tag-france","16":"tag-lyon","17":"tag-news","18":"tag-republique-francaise","19":"tag-societe","20":"tag-travaux"},"share_on_mastodon":{"url":"https:\/\/pubeurope.com\/@fr\/114664648683869894","error":""},"_links":{"self":[{"href":"https:\/\/www.europesays.com\/fr\/wp-json\/wp\/v2\/posts\/168129","targetHints":{"allow":["GET"]}}],"collection":[{"href":"https:\/\/www.europesays.com\/fr\/wp-json\/wp\/v2\/posts"}],"about":[{"href":"https:\/\/www.europesays.com\/fr\/wp-json\/wp\/v2\/types\/post"}],"author":[{"embeddable":true,"href":"https:\/\/www.europesays.com\/fr\/wp-json\/wp\/v2\/users\/2"}],"replies":[{"embeddable":true,"href":"https:\/\/www.europesays.com\/fr\/wp-json\/wp\/v2\/comments?post=168129"}],"version-history":[{"count":0,"href":"https:\/\/www.europesays.com\/fr\/wp-json\/wp\/v2\/posts\/168129\/revisions"}],"wp:featuredmedia":[{"embeddable":true,"href":"https:\/\/www.europesays.com\/fr\/wp-json\/wp\/v2\/media\/168130"}],"wp:attachment":[{"href":"https:\/\/www.europesays.com\/fr\/wp-json\/wp\/v2\/media?parent=168129"}],"wp:term":[{"taxonomy":"category","embeddable":true,"href":"https:\/\/www.europesays.com\/fr\/wp-json\/wp\/v2\/categories?post=168129"},{"taxonomy":"post_tag","embeddable":true,"href":"https:\/\/www.europesays.com\/fr\/wp-json\/wp\/v2\/tags?post=168129"}],"curies":[{"name":"wp","href":"https:\/\/api.w.org\/{rel}","templated":true}]}}