{"id":168145,"date":"2025-06-11T12:14:22","date_gmt":"2025-06-11T12:14:22","guid":{"rendered":"https:\/\/www.europesays.com\/fr\/168145\/"},"modified":"2025-06-11T12:14:22","modified_gmt":"2025-06-11T12:14:22","slug":"en-direct-guerre-en-ukraine-kiev-annonce-avoir-recupere-1-212-corps-de-ses-soldats-tues-sur-le-front","status":"publish","type":"post","link":"https:\/\/www.europesays.com\/fr\/168145\/","title":{"rendered":"EN DIRECT &#8211; Guerre en Ukraine : Kiev annonce avoir r\u00e9cup\u00e9r\u00e9 1.212 corps de ses soldats tu\u00e9s sur le front"},"content":{"rendered":"<ul class=\"jsx-862013697 ArticleChapo__List\">\n<li class=\"jsx-862013697 ArticleChapo__List_Item flex\">L&rsquo;Ukraine a annonc\u00e9 mercredi avoir r\u00e9cup\u00e9r\u00e9 1.212 corps de ses soldats tu\u00e9s sur le front avec la Russie.<\/li>\n<li class=\"jsx-862013697 ArticleChapo__List_Item flex\">Il s&rsquo;agit de l&rsquo;une des plus importantes op\u00e9rations du genre depuis l&rsquo;invasion lanc\u00e9e par Moscou il y a plus de trois ans.<\/li>\n<li class=\"jsx-862013697 ArticleChapo__List_Item flex\">Suivez les derni\u00e8res informations.<\/li>\n<\/ul>\n<p><a href=\"https:\/\/www.tf1info.fr\/actualite\/invasion-de-l-ukraine-par-la-russie-une-guerre-qui-dure-12951\/\" rel=\"noopener\" class=\"jsx-484472199 Link jsx-1428418400 jsx-554215408\" target=\"_blank\"><\/p>\n<p style=\"font-weight:400\" class=\"jsx-1837267516\">Suivez la couverture compl\u00e8te<\/p>\n<p style=\"font-weight:800\" class=\"jsx-1837267516\">Ukraine : 4\u1d49 ann\u00e9e de guerre<\/p>\n<p><\/a>Minute par minute13:32PRISONNIERS DE GUERRE<\/p>\n<p>La Russsie et l&rsquo;Ukraine \u00e9changeront jeudi des prisonniers de guerre \u00ab\u00a0gravement bless\u00e9s\u00a0\u00bb, a indiqu\u00e9 Moscou mercredi, nouvelle \u00e9tape d&rsquo;un accord conclu lors de r\u00e9centes n\u00e9gociations entre les deux camps \u00e0 Istanbul en Turquie.<\/p>\n<p>\u00ab\u00a0Demain, nous commencerons les +\u00e9changes sanitaires+ urgents de prisonniers gravement bless\u00e9s\u00a0\u00bb, a dit le n\u00e9gociateur en chef russe Vladimir Medinski sur les r\u00e9seaux sociaux, ajoutant que la Russie avait par ailleurs r\u00e9cup\u00e9r\u00e9 les corps de 27 de ses soldats tu\u00e9s.<\/p>\n<p>11:59DIPLOMATIE<\/p>\n<p>Le Kremlin a jug\u00e9 mercredi \u00ab\u00a0peu probable\u00a0\u00bb des \u00ab\u00a0r\u00e9sultats rapides\u00a0\u00bb dans les discussions russo-am\u00e9ricaines sur la normalisation des relations entre Moscou et Washington, entam\u00e9es apr\u00e8s le retour de Donald Trump \u00e0 la Maison Blanche en d\u00e9but d&rsquo;ann\u00e9e.<\/p>\n<p>\u00ab\u00a0Il y a beaucoup d&rsquo;obstacles dans les relations bilat\u00e9rales, il est peu probable qu&rsquo;on puisse esp\u00e9rer des r\u00e9sultats rapides\u00a0\u00bb, a d\u00e9clar\u00e9 le porte-parole du Kremlin, Dmitri Peskov, lors de son briefing quotidien, tout en soulignant que ce \u00ab\u00a0travail difficile va se poursuivre\u00a0\u00bb.<\/p>\n<p>11:59KIEV RECUPERE LES CORPS DE SES SOLDATS<\/p>\n<p>L&rsquo;Ukraine a annonc\u00e9 mercredi avoir r\u00e9cup\u00e9r\u00e9 1.212 corps de ses soldats tu\u00e9s sur le front avec la Russie, une des plus importantes op\u00e9rations du genre depuis l&rsquo;invasion lanc\u00e9e par Moscou il y a plus de trois ans.\u00a0<\/p>\n<p>\u00ab\u00a0Les corps de 1.212 d\u00e9fenseurs tomb\u00e9s au combat ont \u00e9t\u00e9 ramen\u00e9s en Ukraine\u00a0\u00bb, a indiqu\u00e9 dans un communiqu\u00e9 la structure gouvernementale en charge du dossier. \u00ab\u00a0Les enqu\u00eateurs\u00a0\u00bb et m\u00e9decins l\u00e9gistes \u00ab\u00a0\u00e9tabliront dans les plus brefs d\u00e9lais l&rsquo;identit\u00e9 des d\u00e9funts\u00a0\u00bb, a-t-elle ajout\u00e9.<\/p>\n<p>09:38LA RUSSIE MINIMISE<\/p>\n<p>La Russie a tent\u00e9 mercredi de minimiser le pr\u00e9judice inflig\u00e9 \u00e0 ses a\u00e9rodromes militaires par les r\u00e9centes attaques de drones ukrainiens, en affirmant que son aviation strat\u00e9gique n&rsquo;en avait pas souffert outre mesure.<\/p>\n<p>\u00ab\u00a0Notre potentiel de dissuasion nucl\u00e9aire (&#8230;) n&rsquo;a pas subi de pr\u00e9judice significatif\u00a0\u00bb, a assur\u00e9 \u00e0 la presse le vice-ministre russe des Affaires \u00e9trang\u00e8res, Sergue\u00ef Riabkov, cit\u00e9 par l&rsquo;agence de presse RIA Novosti, en accusant Kiev d'\u00a0\u00bbexag\u00e9rer d\u00e9lib\u00e9r\u00e9ment et consciemment l&rsquo;ampleur des cons\u00e9quences de cette attaque\u00a0\u00bb.<\/p>\n<p>L&rsquo;Ukraine a cibl\u00e9 le 1er juin l&rsquo;aviation militaire russe sur plusieurs a\u00e9rodromes, jusqu&rsquo;\u00e0 des milliers de kilom\u00e8tres de ses fronti\u00e8res, apr\u00e8s avoir introduit clandestinement en Russie des drones explosifs au cours d&rsquo;une op\u00e9ration complexe et ing\u00e9nieuse. Selon Kiev, cette attaque spectaculaire survenue \u00e0 la veille du deuxi\u00e8me cycle de discussions de paix russo-ukrainiennes \u00e0 Istanbul a endommag\u00e9 41 avions, soit environ un tiers des appareils de l&rsquo;aviation strat\u00e9gique russe. Selon l&rsquo;Allemagne, seuls 10% ont \u00e9t\u00e9 affect\u00e9s en r\u00e9alit\u00e9.<\/p>\n<p>08:31LE PRESIDENT SERBE EN UKRAINE<\/p>\n<p>Le pr\u00e9sident serbe Aleksandar Vucic se rendra en Ukraine mercredi, une premi\u00e8re pour le chef d&rsquo;Etat de ce pays qui a gard\u00e9 des relations cordiales avec Moscou depuis le d\u00e9but de la guerre en f\u00e9vrier 2022, a annonc\u00e9 la pr\u00e9sidence dans un communiqu\u00e9.<\/p>\n<p>\u00ab\u00a0Le pr\u00e9sident de la R\u00e9publique de Serbie se rendra en Ukraine pour une journ\u00e9e le mercredi 11 juin, o\u00f9 il participera au sommet Ukraine &#8211; Europe du sud-est\u00a0\u00bb, ont indiqu\u00e9 ses services dans un bref communiqu\u00e9. Jamais depuis le d\u00e9but de l&rsquo;invasion russe en f\u00e9vrier 2022 le chef de l&rsquo;Etat serbe ne s&rsquo;\u00e9tait rendu en Ukraine.<\/p>\n<p>Cette visite arrive quelques jours apr\u00e8s que la Russie a accus\u00e9 les entreprises d&rsquo;armement serbes d&rsquo;essayer de \u00ab\u00a0tirer dans le dos\u00a0\u00bb de Moscou en vendant des munitions \u00e0 l&rsquo;Ukraine. La pr\u00e9sence de munitions serbes en Ukraine n&rsquo;a jamais \u00e9t\u00e9 publiquement reconnue, ni totalement d\u00e9mentie.<\/p>\n<p>07:09BILAN NOCTURNE<\/p>\n<p>De nouvelles frappes russes sur la ville de Kharkiv dans le nord-est de l&rsquo;Ukraine ont fait deux morts et au moins 28 bless\u00e9s dans la nuit de mardi \u00e0 mercredi, a annonc\u00e9 le maire, Igor Terekhov.<\/p>\n<p>\u00ab\u00a0Dix-sept frappes de drones ont eu lieu dans deux districts de la ville\u00a0\u00bb cette nuit, a d\u00e9clar\u00e9 ce responsable, soulignant quelques minutes plus tard que \u00ab\u00a0des informations font d\u00e9j\u00e0 \u00e9tat de deux morts\u00a0\u00bb. Les secouristes ont d\u00e9nombr\u00e9 28 bless\u00e9s dont \u00ab\u00a0trois enfants\u00a0\u00bb, a pr\u00e9cis\u00e9 M. Terekhov.<\/p>\n<p>Situ\u00e9e \u00e0 moins de 50 km de la fronti\u00e8re russe et deuxi\u00e8me plus grande ville d&rsquo;Ukraine, Kharkiv voit se multiplier les attaques nocturnes d&rsquo;ampleur depuis une semaine. Elle avait connu dans la nuit de vendredi \u00e0 samedi son \u00ab\u00a0attaque la plus puissante depuis le d\u00e9but de la guerre\u00a0\u00bb en f\u00e9vrier, avec une cinquantaine d&rsquo;explosions. Deux personnes avaient alors \u00e9t\u00e9 tu\u00e9es et 17 bless\u00e9es.<\/p>\n<p data-module=\"article-paragraph\" class=\"jsx-3046738180 Paragraph Paragraph__End\">Le chancelier allemand Friedrich Merz a condamn\u00e9 mardi les nouvelles attaques d&rsquo;ampleur de la Russie contre Kiev et d&rsquo;autres villes ukrainiennes, les qualifiant d'\u00a0\u00bbactes de terreur contre la population civile\u00a0\u00bb. \u00ab\u00a0Il ne s&rsquo;agit pas de cibles militaires, mais d&rsquo;actes de terreur contre la population civile\u00a0\u00bb, a d\u00e9clar\u00e9 le dirigeant allemand aux journalistes \u00e0 Berlin, parlant de \u00ab\u00a0crimes de guerre tr\u00e8s graves\u00a0\u00bb. \u00ab\u00a0La Russie pr\u00e9f\u00e8re l&rsquo;escalade \u00e0 la n\u00e9gociation\u00a0\u00bb, a-t-il d\u00e9plor\u00e9.<\/p>\n<p data-module=\"article-paragraph\" class=\"jsx-3046738180 Paragraph\">Au m\u00eame moment, l&rsquo;UE venait de d\u00e9tailler un 18\u1d49 paquet de sanctions contre la Russie, comprenant notamment un abaissement du plafond du prix de vente du baril de p\u00e9trole russe, pour r\u00e9duire les revenus p\u00e9troliers de Moscou. \u00ab\u00a0Je suis en contact \u00e9troit avec la pr\u00e9sidente de la Commission europ\u00e9enne et je l&rsquo;encourage \u00e0 mettre rapidement ce paquet sur les rails\u00a0\u00bb, a ajout\u00e9 M. Merz qui s&rsquo;exprimait aux c\u00f4t\u00e9s du Premier ministre n\u00e9erlandais d\u00e9missionnaire, Dick Schoof.<\/p>\n<p data-module=\"article-paragraph\" class=\"jsx-3046738180 Paragraph\">Bruxelles a pr\u00e9sent\u00e9 ces nouvelles mesures visant Moscou \u00e0 quelques jours du sommet du G7 au Canada, du 15 au 17 juin.<\/p>\n<p data-module=\"article-paragraph\" class=\"jsx-3046738180 Paragraph Paragraph__End\">Lors de la r\u00e9union des dirigeants de sept grandes puissances, dont l&rsquo;Allemagne et les \u00c9tats-Unis, \u00ab\u00a0nous voulons tous envoyer un signal clair, en particulier \u00e0 la Russie\u00a0\u00bb, a dit M. Merz, parlant d&rsquo;un message de \u00ab\u00a0force et de dissuasion\u00a0\u00bb. \u00ab\u00a0C&rsquo;est malheureusement la seule langue que Moscou comprend ces derni\u00e8res semaines et ces derniers mois\u00a0\u00bb, a-t-il observ\u00e9 alors que la Russie a lanc\u00e9 dans la nuit de dimanche \u00e0 lundi un nombre record de 479 drones explosifs, selon l&rsquo;arm\u00e9e de l&rsquo;air ukrainienne.<\/p>\n<p><a href=\"https:\/\/www.tf1info.fr\/international\/video-interview-exclusive-lula-mercosur-ukraine-gaza-trump-le-president-bresilien-evoque-les-sujets-qui-fachent-sur-lci-2375974.html\" rel=\"noopener\" class=\"jsx-3308031228 Link flex\" target=\"_blank\"><img decoding=\"async\" src=\"https:\/\/www.europesays.com\/fr\/wp-content\/uploads\/2025\/06\/lula-chez-darius-rochebin-le-9-juin-2025-10993d-2@1x.jpeg\" alt=\"LCI\" loading=\"lazy\" importance=\"low\" fetchpriority=\"low\" class=\"\"\/><\/p>\n<p class=\"jsx-3657663356 ReadMoreArticle__Title\">Lire aussi<\/p>\n<p class=\"jsx-3657663356\">EN BREF &#8211; Mercosur, Ukraine, Gaza, Trump : ce qu&rsquo;il faut retenir de l&rsquo;interview du pr\u00e9sident br\u00e9silien Lula sur LCI<\/p>\n<p><\/a><\/p>\n<p data-module=\"article-paragraph\" class=\"jsx-3046738180 Paragraph Paragraph__End\">Comme il l&rsquo;avait lors de sa rencontre avec Donald Trump \u00e0 la Maison Blanche, le chancelier allemand a de nouveau appel\u00e9 Washington accro\u00eetre la pression sur Moscou. \u00ab\u00a0La question de savoir combien de temps la Russie tiendra encore dans cette guerre d\u00e9pend aussi de l&rsquo;ampleur des effets des sanctions\u00a0\u00bb, a soulign\u00e9 M. Merz. \u00ab\u00a0N&rsquo;oublions pas que l&rsquo;Ukraine se bat pour sa s\u00e9curit\u00e9, mais aussi pour celle de l&rsquo;Europe, apr\u00e8s une guerre d&rsquo;agression d\u00e9clench\u00e9e par la Russie\u00a0\u00bb, a rappel\u00e9 le Premier ministre n\u00e9erlandais.<\/p>\n<p>La r\u00e9daction de TF1info<\/p>\n","protected":false},"excerpt":{"rendered":"L&rsquo;Ukraine a annonc\u00e9 mercredi avoir r\u00e9cup\u00e9r\u00e9 1.212 corps de ses soldats tu\u00e9s sur le front avec la Russie.&hellip;\n","protected":false},"author":2,"featured_media":168146,"comment_status":"","ping_status":"","sticky":false,"template":"","format":"standard","meta":{"footnotes":""},"categories":[1591],"tags":[1111,11,672,1921,73,1887,28083,1922,1916,12,1885,1886,132,220,1917,364,133,1920,135,134],"class_list":{"0":"post-168145","1":"post","2":"type-post","3":"status-publish","4":"format-standard","5":"has-post-thumbnail","7":"category-russie","8":"tag-actu","9":"tag-actualites","10":"tag-allemagne","11":"tag-article-video","12":"tag-etats-unis","13":"tag-federation-de-russie","14":"tag-guerre-en-ukraine-une-treve-sera-t-elle-possible","15":"tag-info","16":"tag-moscou","17":"tag-news","18":"tag-russia","19":"tag-russian-federation","20":"tag-russie","21":"tag-ukraine","22":"tag-ukraine-4-annee-de-guerre","23":"tag-union-europeenne","24":"tag-video","25":"tag-video-international","26":"tag-vladimir-poutine","27":"tag-volodymyr-zelensky"},"share_on_mastodon":{"url":"https:\/\/pubeurope.com\/@fr\/114664679921026455","error":""},"_links":{"self":[{"href":"https:\/\/www.europesays.com\/fr\/wp-json\/wp\/v2\/posts\/168145","targetHints":{"allow":["GET"]}}],"collection":[{"href":"https:\/\/www.europesays.com\/fr\/wp-json\/wp\/v2\/posts"}],"about":[{"href":"https:\/\/www.europesays.com\/fr\/wp-json\/wp\/v2\/types\/post"}],"author":[{"embeddable":true,"href":"https:\/\/www.europesays.com\/fr\/wp-json\/wp\/v2\/users\/2"}],"replies":[{"embeddable":true,"href":"https:\/\/www.europesays.com\/fr\/wp-json\/wp\/v2\/comments?post=168145"}],"version-history":[{"count":0,"href":"https:\/\/www.europesays.com\/fr\/wp-json\/wp\/v2\/posts\/168145\/revisions"}],"wp:featuredmedia":[{"embeddable":true,"href":"https:\/\/www.europesays.com\/fr\/wp-json\/wp\/v2\/media\/168146"}],"wp:attachment":[{"href":"https:\/\/www.europesays.com\/fr\/wp-json\/wp\/v2\/media?parent=168145"}],"wp:term":[{"taxonomy":"category","embeddable":true,"href":"https:\/\/www.europesays.com\/fr\/wp-json\/wp\/v2\/categories?post=168145"},{"taxonomy":"post_tag","embeddable":true,"href":"https:\/\/www.europesays.com\/fr\/wp-json\/wp\/v2\/tags?post=168145"}],"curies":[{"name":"wp","href":"https:\/\/api.w.org\/{rel}","templated":true}]}}