{"id":168157,"date":"2025-06-11T12:20:09","date_gmt":"2025-06-11T12:20:09","guid":{"rendered":"https:\/\/www.europesays.com\/fr\/168157\/"},"modified":"2025-06-11T12:20:09","modified_gmt":"2025-06-11T12:20:09","slug":"baisse-de-20-sur-cinq-mois-des-entrees-irregulieres-dans-lue-en-2025-selon-frontex","status":"publish","type":"post","link":"https:\/\/www.europesays.com\/fr\/168157\/","title":{"rendered":"baisse de 20% sur cinq mois des entr\u00e9es irr\u00e9guli\u00e8res dans l&rsquo;UE en 2025, selon Frontex"},"content":{"rendered":"<p>Au total 63.700 passages ont \u00e9t\u00e9 d\u00e9tect\u00e9s entre janvier et mai, a indiqu\u00e9 l\u2019agence Frontex dans un communiqu\u00e9 publi\u00e9 ce mercredi, pr\u00e9cisant qu\u2019il s\u2019agissait principalement de personnes de nationalit\u00e9s afghane, bangladaise et malienne.<\/p>\n<p class=\"fig-paragraph\">Le nombre d\u2019entr\u00e9es de migrants irr\u00e9guliers vers l&rsquo;<a href=\"http:\/\/www.lefigaro.fr\/international\/les-etats-membres-peuvent-limiter-l-accueil-de-migrants-instrumentalises-par-la-russie-tranche-l-union-europeenne-20241211\" target=\"_blank\" data-fig-type=\"NewsFlash\" rel=\"noopener nofollow\" data-gtm-custom-categorie=\"navigation\" data-gtm-custom-action=\"crossclick\" data-gtm-custom-label=\"Contextuel\" data-gtm-event=\"customEventSPE\" data-fig-domain=\"LEFIGARO\">Union europ\u00e9enne<\/a>\u00a0a diminu\u00e9 de 20% au cours des cinq premiers mois de 2025 par rapport \u00e0 la m\u00eame p\u00e9riode de l&rsquo;ann\u00e9e derni\u00e8re, a annonc\u00e9 mercredi l&rsquo;agence europ\u00e9enne de fronti\u00e8res Frontex.<\/p>\n<p class=\"fig-paragraph\">Au total 63.700 passages ont \u00e9t\u00e9 d\u00e9tect\u00e9s entre janvier et mai, a indiqu\u00e9 Frontex dans un communiqu\u00e9, pr\u00e9cisant qu&rsquo;il s&rsquo;agissait principalement de personnes de nationalit\u00e9s afghane, bangladaise et malienne.<\/p>\n<p class=\"fig-paragraph\">Selon l&rsquo;agence bas\u00e9e \u00e0 Varsovie, ces donn\u00e9es se r\u00e9f\u00e8rent \u00abau nombre de d\u00e9tections de passages irr\u00e9guliers aux fronti\u00e8res ext\u00e9rieures de l&rsquo;Union europ\u00e9enne. Une m\u00eame personne peut traverser la fronti\u00e8re plusieurs fois \u00e0 diff\u00e9rents endroits de la fronti\u00e8re ext\u00e9rieure\u00bb.<\/p>\n<p class=\"fig-paragraph\">Les baisses les plus importantes de passages irr\u00e9guliers ont \u00e9t\u00e9 enregistr\u00e9es dans les Balkans occidentaux (-56%), la route ouest-africaine (-35%) et la M\u00e9diterran\u00e9e orientale (-30%). Il y a \u00e9galement eu une diminution de 7% des passages de migrants depuis la Bi\u00e9lorussie vers la\u00a0<a href=\"http:\/\/www.lefigaro.fr\/vox\/monde\/chantal-delsol-et-joanna-nowicki-en-pologne-aussi-on-assiste-a-une-rupture-entre-les-somewhere-et-les-anywhere-20250605\" target=\"_blank\" data-fig-type=\"Article\" rel=\"noopener nofollow\" data-gtm-custom-categorie=\"navigation\" data-gtm-custom-action=\"crossclick\" data-gtm-custom-label=\"Contextuel\" data-gtm-event=\"customEventSPE\" data-fig-domain=\"LEFIGARO\">Pologne\u00a0<\/a>et les pays baltes, \u00e0 5.062 passages, a pr\u00e9cis\u00e9 Frontex. Une l\u00e9g\u00e8re augmentation de 7% du nombre de migrants traversant la M\u00e9diterran\u00e9e centrale vers l&rsquo;Italie, a \u00e9t\u00e9 cependant enregistr\u00e9e.<\/p>\n<p class=\"fig-paragraph\">Frontex a \u00e9galement d\u00e9clar\u00e9 que le nombre de<a href=\"http:\/\/www.lefigaro.fr\/actualite-france\/manche-184-migrants-secourus-dans-le-detroit-du-pas-de-calais-20250601\" target=\"_blank\" data-fig-type=\"NewsFlash\" rel=\"noopener nofollow\" data-gtm-custom-categorie=\"navigation\" data-gtm-custom-action=\"crossclick\" data-gtm-custom-label=\"Contextuel\" data-gtm-event=\"customEventSPE\" data-fig-domain=\"LEFIGARO\">\u00a0migrants tentant de traverser la Manche<\/a>\u00a0vers la Grande-Bretagne avait augment\u00e9 de 17% par rapport aux cinq premiers mois de 2024 pour atteindre 25.540 personnes. \u00abLes r\u00e9seaux de passeurs op\u00e9rant dans la r\u00e9gion s&rsquo;adaptent, utilisant des d\u00e9parts simultan\u00e9s pour augmenter le nombre de travers\u00e9es r\u00e9ussies\u00bb, a-t-il d\u00e9clar\u00e9.<\/p>\n<p class=\"fig-paragraph\">La migration irr\u00e9guli\u00e8re est devenue un point de tension politique \u00e0 travers l&rsquo;Europe, comme on l&rsquo;a vu r\u00e9cemment lors de l&rsquo;\u00e9lection pr\u00e9sidentielle polonaise le 1er juin, qui a \u00e9t\u00e9 remport\u00e9e par un nationaliste promettant de s\u00e9vir contre l&rsquo;immigration.<\/p>\n<p class=\"fig-paragraph\">Les franchissements irr\u00e9guliers des fronti\u00e8res d\u00e9tect\u00e9s dans l&rsquo;Union europ\u00e9enne ont diminu\u00e9 de 38% pour atteindre 239.000 l&rsquo;ann\u00e9e derni\u00e8re apr\u00e8s un pic de pr\u00e8s de 10 ans en 2023, selon Frontex.<\/p>\n","protected":false},"excerpt":{"rendered":"Au total 63.700 passages ont \u00e9t\u00e9 d\u00e9tect\u00e9s entre janvier et mai, a indiqu\u00e9 l\u2019agence Frontex dans un communiqu\u00e9&hellip;\n","protected":false},"author":2,"featured_media":168158,"comment_status":"","ping_status":"","sticky":false,"template":"","format":"standard","meta":{"footnotes":""},"categories":[1586],"tags":[47,1058,1054,1059,1060,1055,11,1057,1777,674,1779,118,1011,27,1061,303,1251,12,1062,25,656,104,1056,1778,364,809],"class_list":{"0":"post-168157","1":"post","2":"type-post","3":"status-publish","4":"format-standard","5":"has-post-thumbnail","7":"category-europe","8":"tag-actualite","9":"tag-actualite-education","10":"tag-actualite-france","11":"tag-actualite-justice","12":"tag-actualite-securite","13":"tag-actualite-societe","14":"tag-actualites","15":"tag-education","16":"tag-eu","17":"tag-europe","18":"tag-european-union","19":"tag-faits-divers","20":"tag-fr","21":"tag-france","22":"tag-immigration","23":"tag-justice","24":"tag-migrants","25":"tag-news","26":"tag-polemique","27":"tag-republique-francaise","28":"tag-securite","29":"tag-societe","30":"tag-societe-francaise","31":"tag-ue","32":"tag-union-europeenne","33":"tag-violence"},"share_on_mastodon":{"url":"https:\/\/pubeurope.com\/@fr\/114664703445162769","error":""},"_links":{"self":[{"href":"https:\/\/www.europesays.com\/fr\/wp-json\/wp\/v2\/posts\/168157","targetHints":{"allow":["GET"]}}],"collection":[{"href":"https:\/\/www.europesays.com\/fr\/wp-json\/wp\/v2\/posts"}],"about":[{"href":"https:\/\/www.europesays.com\/fr\/wp-json\/wp\/v2\/types\/post"}],"author":[{"embeddable":true,"href":"https:\/\/www.europesays.com\/fr\/wp-json\/wp\/v2\/users\/2"}],"replies":[{"embeddable":true,"href":"https:\/\/www.europesays.com\/fr\/wp-json\/wp\/v2\/comments?post=168157"}],"version-history":[{"count":0,"href":"https:\/\/www.europesays.com\/fr\/wp-json\/wp\/v2\/posts\/168157\/revisions"}],"wp:featuredmedia":[{"embeddable":true,"href":"https:\/\/www.europesays.com\/fr\/wp-json\/wp\/v2\/media\/168158"}],"wp:attachment":[{"href":"https:\/\/www.europesays.com\/fr\/wp-json\/wp\/v2\/media?parent=168157"}],"wp:term":[{"taxonomy":"category","embeddable":true,"href":"https:\/\/www.europesays.com\/fr\/wp-json\/wp\/v2\/categories?post=168157"},{"taxonomy":"post_tag","embeddable":true,"href":"https:\/\/www.europesays.com\/fr\/wp-json\/wp\/v2\/tags?post=168157"}],"curies":[{"name":"wp","href":"https:\/\/api.w.org\/{rel}","templated":true}]}}