{"id":168159,"date":"2025-06-11T12:21:10","date_gmt":"2025-06-11T12:21:10","guid":{"rendered":"https:\/\/www.europesays.com\/fr\/168159\/"},"modified":"2025-06-11T12:21:10","modified_gmt":"2025-06-11T12:21:10","slug":"document-m6-surveillante-poignardee-il-a-envoye-au-conseiller-deducation-ce-quil-allait-faire-revele-la-meilleure-amie-du-collegien-qui-est-passe-a-lacte","status":"publish","type":"post","link":"https:\/\/www.europesays.com\/fr\/168159\/","title":{"rendered":"DOCUMENT M6 &#8211; Surveillante poignard\u00e9e : \u00ab\u00a0Il a envoy\u00e9 au conseiller d&rsquo;\u00e9ducation ce qu&rsquo;il allait faire\u00a0\u00bb, r\u00e9v\u00e8le la meilleure amie du coll\u00e9gien qui est pass\u00e9 \u00e0 l&rsquo;acte"},"content":{"rendered":"<p class=\"article-p mdl\">La garde \u00e0 vue de l&rsquo;adolescent de 14 ans qui a poignard\u00e9 M\u00e9lanie, 31 ans, surveillante de son coll\u00e8ge de Nogent en Haute-Marne a \u00e9t\u00e9 prolong\u00e9e ce 11 juin au matin. L&rsquo;\u00e9l\u00e8ve fait toujours face aux enqu\u00eateurs qui cherchent \u00e0 comprendre ce qui a pu motiver son geste mortel la veille. Parmi les \u00e9l\u00e9ments qui pourront int\u00e9resser les enqu\u00eateurs et la justice, l<strong>e t\u00e9moignage de celle qui se pr\u00e9sente comme sa meilleure amie<\/strong>, \u00e9l\u00e8ve elle-m\u00eame au coll\u00e8ge Fran\u00e7oise Dolto.\u00a0<\/p>\n<p class=\"article-p mdl\">\u00ab\u00a0\u00c7a fait un an qu&rsquo;on se conna\u00eet, on \u00e9tait meilleurs amis, <strong>je le consid\u00e9rais comme mon grand fr\u00e8re<\/strong> et lui comme sa petite s\u0153ur\u00a0\u00bb, commence l&rsquo;adolescente au micro de Pascal Largeron journaliste de M6. \u00ab\u00a0Peut-\u00eatre qu&rsquo;il avait des probl\u00e8mes, qu&rsquo;il n&rsquo;a pas forc\u00e9ment os\u00e9 en parler. Mais je pense que ce n&rsquo;\u00e9tait pas forc\u00e9ment vraiment volontaire. Il a demand\u00e9 de l&rsquo;aide et je pense que ce n&rsquo;\u00e9tait pas quelque chose qu&rsquo;il voulait vraiment faire\u00a0\u00bb, tente-t-elle d&rsquo;expliquer.<\/p>\n<p class=\"article-p mdl\">\u00ab\u00a0Je pense qu&rsquo;il sentait qu&rsquo;il avait plusieurs personnalit\u00e9s, qu&rsquo;il n&rsquo;\u00e9tait pas tout seul <strong>Et<\/strong> <strong>il avait mis un message sur l&rsquo;ENT<\/strong> (espace num\u00e9rique de travail).<strong> Il a envoy\u00e9 au conseiller d&rsquo;\u00e9ducation ce qu&rsquo;il allait faire<\/strong>, ce qu&rsquo;il a fait. Et je pense qu&rsquo;il l&rsquo;a dit pour qu&rsquo;on l&rsquo;aide et qu&rsquo;on l&#8217;emp\u00eache de le faire parce qu&rsquo;il savait qu&rsquo;il ne contr\u00f4lait pas ce qu&rsquo;il allait faire. Et il a demand\u00e9 de l&rsquo;aide pour qu&rsquo;on l&#8217;emp\u00eache\u00a0\u00bb, poursuit-elle.<\/p>\n<\/p>\n<p class=\"article-p mdl\">\u00ab\u00a0C&rsquo;est lui qui m&rsquo;en a parl\u00e9. En soi, il \u00e9tait toujours pareil. Certes,<strong> des fois, il ne contr\u00f4lait pas trop sa col\u00e8re.<\/strong> Il pouvait un peu d\u00e9border. Mais moi, il m&rsquo;a toujours dit qu&rsquo;il me prot\u00e9gerait, qu&rsquo;il ne me ferait pas de mal. Mais je n&rsquo;ai jamais vraiment vu quelqu&rsquo;un de m\u00e9chant en lui. C&rsquo;\u00e9tait quand m\u00eame un gar\u00e7on qui \u00e9coutait beaucoup de musique de m\u00e9tal violent, comme Rammstein ou Slipknot, qui parlait de mort. Il \u00e9tait passionn\u00e9 par la mort et la violence, et il aimait bien se battre pour rigoler avec ses amis. Il s&rsquo;est aussi d\u00e9j\u00e0 battu deux fois pour de vrai, mais sinon, ce n&rsquo;\u00e9tait pas un gar\u00e7on qui cherchait la violence tout le temps, c&rsquo;\u00e9tait juste quelque chose qu&rsquo;il aimait\u00a0\u00bb, conclut la jeune femme.\u00a0<\/p>\n<p class=\"article-p mdl\">La ministre de l&rsquo;\u00c9ducation nationale Elisabeth Borne a annonc\u00e9 avoir demand\u00e9 une\u00a0<a class=\"link\" href=\"https:\/\/www.rtl.fr\/actu\/politique\/surveillante-poignardee-elisabeth-borne-demande-une-minute-de-silence-dans-tous-les-etablissements-scolaires-ce-jeudi-a-midi-7900514363\" title=\"Surveillante poignard\u00e9e : \u00c9lisabeth Borne demande une minute de silence dans tous les \u00e9tablissements scolaires ce jeudi \u00e0 midi\" target=\"_blank\" rel=\"noopener\">minute de silence<\/a>\u00a0dans tous les \u00e9tablissements scolaires jeudi 12 juin \u00e0 midi en hommage \u00e0 la surveillante. Emmanuel Macron a \u00e9voqu\u00e9 \u00ab\u00a0un d\u00e9ferlement de violence insens\u00e9\u00a0\u00bb et le Premier ministre Fran\u00e7ois Bayrou a souhait\u00e9 que le gouvernement travaille \u00e0 \u00ab\u00a0l&rsquo;exp\u00e9rimentation\u00a0\u00bb de\u00a0<a class=\"link\" href=\"https:\/\/www.rtl.fr\/actu\/politique\/surveillante-poignardee-bayrou-veut-une-experimentation-de-portiques-de-detection-d-armes-a-l-entree-des-etablissements-7900514092\" title=\"Surveillante poignard\u00e9e : Bayrou veut une &quot;exp\u00e9rimentation&quot; de portiques de d\u00e9tection d&#039;armes \u00e0 l&#039;entr\u00e9e des \u00e9tablissements\" target=\"_blank\" rel=\"noopener\">portiques de s\u00e9curit\u00e9<\/a>\u00a0\u00e0 l&rsquo;entr\u00e9e des \u00e9tablissements scolaires. Il a \u00e9galement assur\u00e9 que le gouvernement allait interdire \u00ab\u00a0tout de suite\u00a0\u00bb la vente aux mineurs de \u00ab\u00a0tout couteau qui peut constituer une arme\u00a0\u00bb.<\/p>\n<p>    La r\u00e9daction vous recommande<\/p>\n<p class=\"s-newsletter__title\">\n                L\u2019actualit\u00e9 par la r\u00e9daction de RTL dans votre bo\u00eete mail.\n            <\/p>\n<p class=\"s-newsletter__subtitle\">\n                Gr\u00e2ce \u00e0 votre compte RTL abonnez-vous \u00e0 la newsletter RTL info pour suivre toute l&rsquo;actualit\u00e9 au quotidien\n            <\/p>\n<p>\n                                    Lire la suite\n                                <\/p>\n","protected":false},"excerpt":{"rendered":"La garde \u00e0 vue de l&rsquo;adolescent de 14 ans qui a poignard\u00e9 M\u00e9lanie, 31 ans, surveillante de son&hellip;\n","protected":false},"author":2,"featured_media":168160,"comment_status":"","ping_status":"","sticky":false,"template":"","format":"standard","meta":{"footnotes":""},"categories":[2],"tags":[11,1124,1122,118,107,1011,27,303,12,25,133],"class_list":{"0":"post-168159","1":"post","2":"type-post","3":"status-publish","4":"format-standard","5":"has-post-thumbnail","7":"category-actualites","8":"tag-actualites","9":"tag-college","10":"tag-ecole","11":"tag-faits-divers","12":"tag-fil-info","13":"tag-fr","14":"tag-france","15":"tag-justice","16":"tag-news","17":"tag-republique-francaise","18":"tag-video"},"share_on_mastodon":{"url":"https:\/\/pubeurope.com\/@fr\/114664707625304429","error":""},"_links":{"self":[{"href":"https:\/\/www.europesays.com\/fr\/wp-json\/wp\/v2\/posts\/168159","targetHints":{"allow":["GET"]}}],"collection":[{"href":"https:\/\/www.europesays.com\/fr\/wp-json\/wp\/v2\/posts"}],"about":[{"href":"https:\/\/www.europesays.com\/fr\/wp-json\/wp\/v2\/types\/post"}],"author":[{"embeddable":true,"href":"https:\/\/www.europesays.com\/fr\/wp-json\/wp\/v2\/users\/2"}],"replies":[{"embeddable":true,"href":"https:\/\/www.europesays.com\/fr\/wp-json\/wp\/v2\/comments?post=168159"}],"version-history":[{"count":0,"href":"https:\/\/www.europesays.com\/fr\/wp-json\/wp\/v2\/posts\/168159\/revisions"}],"wp:featuredmedia":[{"embeddable":true,"href":"https:\/\/www.europesays.com\/fr\/wp-json\/wp\/v2\/media\/168160"}],"wp:attachment":[{"href":"https:\/\/www.europesays.com\/fr\/wp-json\/wp\/v2\/media?parent=168159"}],"wp:term":[{"taxonomy":"category","embeddable":true,"href":"https:\/\/www.europesays.com\/fr\/wp-json\/wp\/v2\/categories?post=168159"},{"taxonomy":"post_tag","embeddable":true,"href":"https:\/\/www.europesays.com\/fr\/wp-json\/wp\/v2\/tags?post=168159"}],"curies":[{"name":"wp","href":"https:\/\/api.w.org\/{rel}","templated":true}]}}