{"id":168161,"date":"2025-06-11T12:22:09","date_gmt":"2025-06-11T12:22:09","guid":{"rendered":"https:\/\/www.europesays.com\/fr\/168161\/"},"modified":"2025-06-11T12:22:09","modified_gmt":"2025-06-11T12:22:09","slug":"une-elue-alerte-sur-les-violences-sexuelles-apres-la-victoire-du-psg-en-ligue-des-champions-c1-finale-psg-inter-5-0","status":"publish","type":"post","link":"https:\/\/www.europesays.com\/fr\/168161\/","title":{"rendered":"Une \u00e9lue alerte sur les violences sexuelles apr\u00e8s la victoire du PSG en Ligue des champions &#8211; C1 &#8211; Finale &#8211; PSG-Inter (5-0)"},"content":{"rendered":"<p>Que faire face \u00e0 ce fl\u00e9au ?<\/p>\n<p>Auditionn\u00e9 par la commission des Lois de l\u2019Assembl\u00e9e nationale sur <a target=\"_blank\" href=\"https:\/\/www.sofoot.com\/breves\/trois-jeunes-condamnes-apres-les-incidents-lors-de-la-fete-a-paris-apres-la-victoire-en-ligue-des-champions\" rel=\"noopener nofollow\">les incidents survenus en marge de la victoire du PSG<\/a> en Ligue des champions, le pr\u00e9fet de police de Paris Laurent Nu\u00f1ez a \u00e9t\u00e9 alert\u00e9 par C\u00e9line Hervieu, \u00e9lue socialiste de la capitale, \u00e0 propos des violences sexuelles apparues lors de cette soir\u00e9e. Selon elle, le responsable de la s\u00e9curit\u00e9 a \u00ab\u00a0un tout petit peu minimis\u00e9 l\u2019angle des violences sexistes et sexuelles qui ont eu lieu\u00a0\u00bb dans son bilan, car \u00ab\u00a0<strong>il y a beaucoup de femmes qui ont t\u00e9moign\u00e9 avoir \u00e9t\u00e9 agress\u00e9es<\/strong> parce qu\u2019elles portaient des d\u00e9bardeurs ou des jupes\u00a0\u00bb.<\/p>\n<p>Laurent Nu\u00f1ez lui a aussit\u00f4t r\u00e9pondu qu\u2019il ne niait \u00ab\u00a0pas du tout\u00a0\u00bb, comprenant qu\u2019il \u00e9tait aujourd\u2019hui \u00ab\u00a0compliqu\u00e9 pour une jeune femme de se balader en jupe\u00a0\u00bb, mais a temp\u00e9r\u00e9 en \u00e9voquant <strong>une \u00ab\u00a0l\u00e9g\u00e8re augmentation\u00a0\u00bb plut\u00f4t qu\u2019une \u00ab\u00a0explosion\u00a0\u00bb<\/strong>. Dans la nuit du 31 mai au 1er juin, 26 faits ont \u00e9t\u00e9 remont\u00e9s contre 11 le week-end pr\u00e9c\u00e9dent, d\u2019apr\u00e8s le pr\u00e9fet de police de Paris.<\/p>\n<p>\u00c7a devrait suffire \u00e0 s\u2019inqui\u00e9ter.<\/p>\n<p>\t\t\t\t\t\t\t\t\t\t<a class=\"lien-connexe\" href=\"https:\/\/www.sofoot.com\/breves\/mercato-un-titi-du-paris-saint-germain-quitte-le-club-en-direction-du-bayer-leverkusen\" rel=\"nofollow noopener\" target=\"_blank\">Un titi du PSG file au Bayer Leverkusen<\/a>\t\t\t\t\t<\/p>\n","protected":false},"excerpt":{"rendered":"Que faire face \u00e0 ce fl\u00e9au ? Auditionn\u00e9 par la commission des Lois de l\u2019Assembl\u00e9e nationale sur les&hellip;\n","protected":false},"author":2,"featured_media":168162,"comment_status":"","ping_status":"","sticky":false,"template":"","format":"standard","meta":{"footnotes":""},"categories":[2],"tags":[47,11,61,69,65,64,63,1011,27,68,66,12,62,70,25,67],"class_list":{"0":"post-168161","1":"post","2":"type-post","3":"status-publish","4":"format-standard","5":"has-post-thumbnail","7":"category-actualites","8":"tag-actualite","9":"tag-actualites","10":"tag-actus-football","11":"tag-bundesliga","12":"tag-championnats-europeens","13":"tag-equipe-de-france","14":"tag-football","15":"tag-fr","16":"tag-france","17":"tag-ligua","18":"tag-ligue-1","19":"tag-news","20":"tag-news-foot","21":"tag-premier-league","22":"tag-republique-francaise","23":"tag-serie-a"},"share_on_mastodon":{"url":"https:\/\/pubeurope.com\/@fr\/114664711814806532","error":""},"_links":{"self":[{"href":"https:\/\/www.europesays.com\/fr\/wp-json\/wp\/v2\/posts\/168161","targetHints":{"allow":["GET"]}}],"collection":[{"href":"https:\/\/www.europesays.com\/fr\/wp-json\/wp\/v2\/posts"}],"about":[{"href":"https:\/\/www.europesays.com\/fr\/wp-json\/wp\/v2\/types\/post"}],"author":[{"embeddable":true,"href":"https:\/\/www.europesays.com\/fr\/wp-json\/wp\/v2\/users\/2"}],"replies":[{"embeddable":true,"href":"https:\/\/www.europesays.com\/fr\/wp-json\/wp\/v2\/comments?post=168161"}],"version-history":[{"count":0,"href":"https:\/\/www.europesays.com\/fr\/wp-json\/wp\/v2\/posts\/168161\/revisions"}],"wp:featuredmedia":[{"embeddable":true,"href":"https:\/\/www.europesays.com\/fr\/wp-json\/wp\/v2\/media\/168162"}],"wp:attachment":[{"href":"https:\/\/www.europesays.com\/fr\/wp-json\/wp\/v2\/media?parent=168161"}],"wp:term":[{"taxonomy":"category","embeddable":true,"href":"https:\/\/www.europesays.com\/fr\/wp-json\/wp\/v2\/categories?post=168161"},{"taxonomy":"post_tag","embeddable":true,"href":"https:\/\/www.europesays.com\/fr\/wp-json\/wp\/v2\/tags?post=168161"}],"curies":[{"name":"wp","href":"https:\/\/api.w.org\/{rel}","templated":true}]}}