{"id":168167,"date":"2025-06-11T12:25:15","date_gmt":"2025-06-11T12:25:15","guid":{"rendered":"https:\/\/www.europesays.com\/fr\/168167\/"},"modified":"2025-06-11T12:25:15","modified_gmt":"2025-06-11T12:25:15","slug":"volley-ball-la-jeune-libero-maelys-agnese-quitte-les-beziers-angels","status":"publish","type":"post","link":"https:\/\/www.europesays.com\/fr\/168167\/","title":{"rendered":"Volley-ball\u00a0: la jeune libero Ma\u00eblys Agnese quitte les B\u00e9ziers Angels"},"content":{"rendered":"<p>\n                                                                Le mercato estival se poursuit du c\u00f4t\u00e9 des B\u00e9ziers Angels avec le d\u00e9part de l\u2019une des jeunes joueuses du club.\n                            <\/p>\n<p>Deux ans apr\u00e8s son arriv\u00e9e sur les bords de l\u2019Orb, Ma\u00eblys Agnese ne portera plus le maillot des B\u00e9ziers Angels la saison prochaine.<\/p>\n<p>Le club lui rend hommage<\/p>\n<p>Arriv\u00e9e \u00e0 l\u2019\u00e9t\u00e9 2023 pour int\u00e9grer le centre de formation, la jeune libero 19 ans) va d\u00e9couvrir un nouveau projet. \u00ab\u00a0Maelys a fait preuve d\u2019un professionnalisme exemplaire, incarnant les valeurs du club sur et en dehors du terrain. Sa progression, son implication quotidienne et son \u00e9tat d\u2019esprit irr\u00e9prochable auront marqu\u00e9 ces deux ann\u00e9es de collaboration\u00a0\u00bb a indiqu\u00e9 le club dans un communiqu\u00e9. Le nom de sa future destination n\u2019a pas encore \u00e9t\u00e9 d\u00e9voil\u00e9.<\/p>\n","protected":false},"excerpt":{"rendered":"Le mercato estival se poursuit du c\u00f4t\u00e9 des B\u00e9ziers Angels avec le d\u00e9part de l\u2019une des jeunes joueuses&hellip;\n","protected":false},"author":2,"featured_media":168168,"comment_status":"","ping_status":"","sticky":false,"template":"","format":"standard","meta":{"footnotes":""},"categories":[1417],"tags":[1011,27,60,1470,1469],"class_list":{"0":"post-168167","1":"post","2":"type-post","3":"status-publish","4":"format-standard","5":"has-post-thumbnail","7":"category-volley","8":"tag-fr","9":"tag-france","10":"tag-sports","11":"tag-volley","12":"tag-volleyball"},"share_on_mastodon":{"url":"https:\/\/pubeurope.com\/@fr\/114664723139904302","error":""},"_links":{"self":[{"href":"https:\/\/www.europesays.com\/fr\/wp-json\/wp\/v2\/posts\/168167","targetHints":{"allow":["GET"]}}],"collection":[{"href":"https:\/\/www.europesays.com\/fr\/wp-json\/wp\/v2\/posts"}],"about":[{"href":"https:\/\/www.europesays.com\/fr\/wp-json\/wp\/v2\/types\/post"}],"author":[{"embeddable":true,"href":"https:\/\/www.europesays.com\/fr\/wp-json\/wp\/v2\/users\/2"}],"replies":[{"embeddable":true,"href":"https:\/\/www.europesays.com\/fr\/wp-json\/wp\/v2\/comments?post=168167"}],"version-history":[{"count":0,"href":"https:\/\/www.europesays.com\/fr\/wp-json\/wp\/v2\/posts\/168167\/revisions"}],"wp:featuredmedia":[{"embeddable":true,"href":"https:\/\/www.europesays.com\/fr\/wp-json\/wp\/v2\/media\/168168"}],"wp:attachment":[{"href":"https:\/\/www.europesays.com\/fr\/wp-json\/wp\/v2\/media?parent=168167"}],"wp:term":[{"taxonomy":"category","embeddable":true,"href":"https:\/\/www.europesays.com\/fr\/wp-json\/wp\/v2\/categories?post=168167"},{"taxonomy":"post_tag","embeddable":true,"href":"https:\/\/www.europesays.com\/fr\/wp-json\/wp\/v2\/tags?post=168167"}],"curies":[{"name":"wp","href":"https:\/\/api.w.org\/{rel}","templated":true}]}}