{"id":16817,"date":"2025-04-11T08:17:08","date_gmt":"2025-04-11T08:17:08","guid":{"rendered":"https:\/\/www.europesays.com\/fr\/16817\/"},"modified":"2025-04-11T08:17:08","modified_gmt":"2025-04-11T08:17:08","slug":"a-strasbourg-la-police-met-fin-au-blocage-a-sciences-po","status":"publish","type":"post","link":"https:\/\/www.europesays.com\/fr\/16817\/","title":{"rendered":"A Strasbourg, la police met fin au blocage \u00e0 Sciences Po"},"content":{"rendered":"<p>Fin du blocage de <a href=\"https:\/\/www.20minutes.fr\/politique\/4132209-20250106-strasbourg-etudiants-bloquent-nouveau-sciences-po-reprochant-partenariat-universite-israelienne\" target=\"_blank\" class=\"color-ultramarine c-link\" rel=\"noopener\">Sciences Po Strasbourg<\/a> par des \u00e9tudiants, entam\u00e9 mercredi apr\u00e8s un vote du conseil d\u2019administration maintenant un partenariat controvers\u00e9 avec une universit\u00e9 isra\u00e9lienne, contre l\u2019avis d\u2019un comit\u00e9 paritaire interne. A la demande de la nouvelle pr\u00e9sidente de <a href=\"https:\/\/www.20minutes.fr\/dossier\/universite\" class=\"color-ultramarine c-link\" target=\"_blank\" rel=\"noopener\">l\u2019universit\u00e9 de Strasbourg<\/a>, Fr\u00e9d\u00e9rique Berrod, les forces de l\u2019ordre sont intervenues jeudi.<\/p>\n<p>Une d\u00e9cision la \u00ab\u00a0plus d\u00e9mocratique possible\u00a0\u00bb<\/p>\n<p>La pr\u00e9sidente avait appel\u00e9, lors d\u2019une conf\u00e9rence de presse \u00e0 la \u00ab\u00a0lev\u00e9e du blocage\u00a0\u00bb. La d\u00e9cision de maintenir le partenariat entre Sciences Po Strasbourg et la Lauder School of Government de l\u2019Universit\u00e9 Reichman en <a href=\"https:\/\/www.20minutes.fr\/monde\/israel\/\" class=\"color-ultramarine c-link\" target=\"_blank\" rel=\"noopener\">Isra\u00ebl<\/a> &#8211; que les \u00e9tudiants accusent de soutenir la politique du <a href=\"https:\/\/www.20minutes.fr\/monde\/conflit_israelo-palestinien\/\" class=\"color-ultramarine c-link\" target=\"_blank\" rel=\"noopener\">gouvernement isra\u00e9lien \u00e0 Gaza<\/a> &#8211; \u00ab\u00a0est prise\u00a0\u00bb et \u00ab\u00a0il me semble, a \u00e9t\u00e9 la plus d\u00e9mocratique possible\u00a0\u00bb, avait-elle observ\u00e9.<\/p>\n<p>Finalement, une cinquantaine d\u2019agents des CRS sont intervenus en milieu de matin\u00e9e mercredi alors que des \u00e9tudiants suivaient un cours sur le parvis de l\u2019\u00e9tablissement. Apr\u00e8s sommations, les forces de l\u2019ordre ont pu r\u00e9tablir l\u2019acc\u00e8s au b\u00e2timent sans heurts.<\/p>\n<p>Pour rappel, mardi soir, le Conseil d\u2019administration avait approuv\u00e9 le maintien du partenariat par 16 voix pour, 14 contre et trois abstentions.<\/p>\n","protected":false},"excerpt":{"rendered":"Fin du blocage de Sciences Po Strasbourg par des \u00e9tudiants, entam\u00e9 mercredi apr\u00e8s un vote du conseil d\u2019administration&hellip;\n","protected":false},"author":2,"featured_media":16818,"comment_status":"","ping_status":"","sticky":false,"template":"","format":"standard","meta":{"footnotes":""},"categories":[2820],"tags":[1111,47,11,2389,2649,3259,1126,1777,674,1011,27,665,775,664,74,12,3518,316,25,5516,104,640,5768],"class_list":{"0":"post-16817","1":"post","2":"type-post","3":"status-publish","4":"format-standard","5":"has-post-thumbnail","7":"category-strasbourg","8":"tag-actu","9":"tag-actualite","10":"tag-actualites","11":"tag-alsace","12":"tag-bas-rhin","13":"tag-conflit-israelo-palestinien","14":"tag-education-nationale","15":"tag-eu","16":"tag-europe","17":"tag-fr","18":"tag-france","19":"tag-gaza","20":"tag-grand-est","21":"tag-israel","22":"tag-monde","23":"tag-news","24":"tag-palestine","25":"tag-politique","26":"tag-republique-francaise","27":"tag-sciences-po","28":"tag-societe","29":"tag-strasbourg","30":"tag-universite"},"share_on_mastodon":{"url":"https:\/\/pubeurope.com\/@fr\/114318347123957633","error":""},"_links":{"self":[{"href":"https:\/\/www.europesays.com\/fr\/wp-json\/wp\/v2\/posts\/16817","targetHints":{"allow":["GET"]}}],"collection":[{"href":"https:\/\/www.europesays.com\/fr\/wp-json\/wp\/v2\/posts"}],"about":[{"href":"https:\/\/www.europesays.com\/fr\/wp-json\/wp\/v2\/types\/post"}],"author":[{"embeddable":true,"href":"https:\/\/www.europesays.com\/fr\/wp-json\/wp\/v2\/users\/2"}],"replies":[{"embeddable":true,"href":"https:\/\/www.europesays.com\/fr\/wp-json\/wp\/v2\/comments?post=16817"}],"version-history":[{"count":0,"href":"https:\/\/www.europesays.com\/fr\/wp-json\/wp\/v2\/posts\/16817\/revisions"}],"wp:featuredmedia":[{"embeddable":true,"href":"https:\/\/www.europesays.com\/fr\/wp-json\/wp\/v2\/media\/16818"}],"wp:attachment":[{"href":"https:\/\/www.europesays.com\/fr\/wp-json\/wp\/v2\/media?parent=16817"}],"wp:term":[{"taxonomy":"category","embeddable":true,"href":"https:\/\/www.europesays.com\/fr\/wp-json\/wp\/v2\/categories?post=16817"},{"taxonomy":"post_tag","embeddable":true,"href":"https:\/\/www.europesays.com\/fr\/wp-json\/wp\/v2\/tags?post=16817"}],"curies":[{"name":"wp","href":"https:\/\/api.w.org\/{rel}","templated":true}]}}