{"id":168177,"date":"2025-06-11T12:31:10","date_gmt":"2025-06-11T12:31:10","guid":{"rendered":"https:\/\/www.europesays.com\/fr\/168177\/"},"modified":"2025-06-11T12:31:10","modified_gmt":"2025-06-11T12:31:10","slug":"loreal-a-la-place-dag2r-lequipe-cycliste-decathlon-va-changer-de-braquet-en-2026","status":"publish","type":"post","link":"https:\/\/www.europesays.com\/fr\/168177\/","title":{"rendered":"L\u2019Or\u00e9al \u00e0 la place d\u2019AG2R ? L\u2019\u00e9quipe cycliste Decathlon va changer de braquet en 2026"},"content":{"rendered":"<p>L\u2019\u00e9quipe cycliste D\u00e9cathlon s\u2019appr\u00eate \u00e0 changer de braquet en 2026. Notamment au niveau de ses sponsors. Selon les informations du T\u00e9l\u00e9gramme, la marque de produits cosm\u00e9tiques L\u2019Or\u00e9al ferait partie des pistes pour rejoindre la formation fran\u00e7aise comme sponsor \u00e0 partir de la saison prochaine. \u00ab\u00a0L\u2019Or\u00e9al n\u2019est pas concern\u00e9. Nous ne seront pas partenaire la saison prochaine\u00a0\u00bb, d\u00e9ment n\u00e9anmoins une porte-parole de L\u2019Oreal aupr\u00e8s du T\u00e9l\u00e9gramme.<\/p>\n<p>Dans l\u2019autre sens, et apr\u00e8s plus de vingt-cinq ans de pr\u00e9sence sur le maillot, la compagnie d\u2019assurances AG2R La Mondiale pourrait se retirer.<\/p>\n<p>Un recrutement cinq \u00e9toiles<\/p>\n<p>La potentielle arriv\u00e9e de ce nouveau sponsor augmenterait ainsi les moyens et les ambitions de la formation fran\u00e7aise. Et cela devrait se voir au niveau du recrutement.<\/p>\n<p>En plus des arriv\u00e9es du sprinter n\u00e9erlandais Olav Kooij ou du Belge Tiesj Benoot (Visma &#8211; Lease a bike pour les deux), d\u00e9j\u00e0 annonc\u00e9es <a href=\"https:\/\/www.lequipe.fr\/Cyclisme-sur-route\/Article\/Recrutement-de-benoot-kooij-en-approche-volonte-d-augmenter-ses-moyens-decathlon-passe-la-vitesse-superieure-pour-2026\/1562858\" target=\"_blank\" rel=\"nofollow noopener\">dans L\u2019Equipe<\/a>, D\u00e9cathlon devrait aussi accueillir le grimpeur am\u00e9ricain Matthew Riccitello (Israel &#8211; Premier Tech) la saison prochaine, toujours selon nos informations.<\/p>\n","protected":false},"excerpt":{"rendered":"L\u2019\u00e9quipe cycliste D\u00e9cathlon s\u2019appr\u00eate \u00e0 changer de braquet en 2026. Notamment au niveau de ses sponsors. Selon les&hellip;\n","protected":false},"author":2,"featured_media":168178,"comment_status":"","ping_status":"","sticky":false,"template":"","format":"standard","meta":{"footnotes":""},"categories":[1411],"tags":[1154,207,765,3166,1011,27,2427,60],"class_list":{"0":"post-168177","1":"post","2":"type-post","3":"status-publish","4":"format-standard","5":"has-post-thumbnail","7":"category-cyclisme","8":"tag-cycling","9":"tag-cyclisme","10":"tag-en-continu","11":"tag-en-continu-sports","12":"tag-fr","13":"tag-france","14":"tag-professionnels","15":"tag-sports"},"share_on_mastodon":{"url":"https:\/\/pubeurope.com\/@fr\/114664746855858940","error":""},"_links":{"self":[{"href":"https:\/\/www.europesays.com\/fr\/wp-json\/wp\/v2\/posts\/168177","targetHints":{"allow":["GET"]}}],"collection":[{"href":"https:\/\/www.europesays.com\/fr\/wp-json\/wp\/v2\/posts"}],"about":[{"href":"https:\/\/www.europesays.com\/fr\/wp-json\/wp\/v2\/types\/post"}],"author":[{"embeddable":true,"href":"https:\/\/www.europesays.com\/fr\/wp-json\/wp\/v2\/users\/2"}],"replies":[{"embeddable":true,"href":"https:\/\/www.europesays.com\/fr\/wp-json\/wp\/v2\/comments?post=168177"}],"version-history":[{"count":0,"href":"https:\/\/www.europesays.com\/fr\/wp-json\/wp\/v2\/posts\/168177\/revisions"}],"wp:featuredmedia":[{"embeddable":true,"href":"https:\/\/www.europesays.com\/fr\/wp-json\/wp\/v2\/media\/168178"}],"wp:attachment":[{"href":"https:\/\/www.europesays.com\/fr\/wp-json\/wp\/v2\/media?parent=168177"}],"wp:term":[{"taxonomy":"category","embeddable":true,"href":"https:\/\/www.europesays.com\/fr\/wp-json\/wp\/v2\/categories?post=168177"},{"taxonomy":"post_tag","embeddable":true,"href":"https:\/\/www.europesays.com\/fr\/wp-json\/wp\/v2\/tags?post=168177"}],"curies":[{"name":"wp","href":"https:\/\/api.w.org\/{rel}","templated":true}]}}