{"id":168181,"date":"2025-06-11T12:33:20","date_gmt":"2025-06-11T12:33:20","guid":{"rendered":"https:\/\/www.europesays.com\/fr\/168181\/"},"modified":"2025-06-11T12:33:20","modified_gmt":"2025-06-11T12:33:20","slug":"sonia-rolland-revient-sur-cette-scene-choquante-dun-destin-inattendu","status":"publish","type":"post","link":"https:\/\/www.europesays.com\/fr\/168181\/","title":{"rendered":"Sonia Rolland revient sur cette sc\u00e8ne choquante d&rsquo;Un destin inattendu"},"content":{"rendered":"<p>France 2 propose, ce mercredi 12 juin 2025, le t\u00e9l\u00e9film Un destin inattendu, r\u00e9alis\u00e9 par Sonia Rolland et inspir\u00e9 de sa vie au moment de son \u00e9lection au titre de Miss France. Elle contient notamment une s\u00e9quence choquante qui est vraiment arriv\u00e9e \u00e0 la m\u00e8re de Sonia Rolland.<\/p>\n<p>Ce mercredi 11 juin 2025, France 2 propose de (re)voir le <a href=\"https:\/\/www.programme-tv.net\/news\/series-tv\/343832-un-destin-inattendu-faut-il-regarder-le-telefilm-sur-la-vie-de-sonia-rolland-diffuse-ce-mercredi-3-janvier-sur-france-2-notre-avis\/\" data-api-deeplink=\"teleloisirs:\/\/news\/343832\" target=\"_blank\" rel=\"noopener\">t\u00e9l\u00e9film <b>Un destin inattendu<\/b><\/a>, r\u00e9alis\u00e9 par <a href=\"https:\/\/www.programme-tv.net\/news\/series-tv\/343884-exclu-je-nai-pas-trouve-dautres-reponses-quun-coup-de-poing-sonia-rolland-victime-de-racisme-elle-raconte\/\" data-api-deeplink=\"teleloisirs:\/\/news\/343884\" target=\"_blank\" rel=\"noopener\"><b>Sonia Rolland<\/b><\/a>. Cette derni\u00e8re s&rsquo;est inspir\u00e9e de sa propre \u00e9lection, \u00e0 l&rsquo;\u00e9poque g\u00e9r\u00e9e par <a href=\"https:\/\/www.programme-tv.net\/news\/series-tv\/343865-un-destin-inattendu-pourquoi-ne-voit-on-pas-genevieve-de-fontenay-dans-ce-telefilm-sur-la-vie-de-sonia-rolland\/\" data-api-deeplink=\"teleloisirs:\/\/news\/343865\" target=\"_blank\" rel=\"noopener\">Genevi\u00e8ve de Fontenay<\/a>, au titre de Miss France en 2000 pour raconter l&rsquo;histoire de cette fiction autour du personnage de Nadia, une jeune femme que rien ne pr\u00e9destinait \u00e0 devenir Miss. Au casting, vous retrouverez notamment Esther Rollande (Nadia, la pr\u00e9tendante au titre de Miss France), <a href=\"https:\/\/www.programme-tv.net\/biographie\/38961-godard-thierry\/\" data-link-people=\"b84b2c04-f3f8-4f4f-8f29-a9a4e64ba904\" target=\"_blank\" rel=\"noopener\">Thierry Godard<\/a> (Jacky, p\u00e8re de Nadia), Mata Gabin (Liliane, m\u00e8re de Nadia), ou encore <a href=\"https:\/\/www.programme-tv.net\/biographie\/495-celarie-clementine\/\" data-link-people=\"e710240d-0629-4db8-9c9f-c025a2b1c592\" target=\"_blank\" rel=\"noopener\">Cl\u00e9mentine C\u00e9lari\u00e9<\/a> (Dame Clochette).<\/p>\n<p>Un destin inattendu : De quoi parle le t\u00e9l\u00e9film de Sonia Rolland ?<\/p>\n<p>Dans Un destin inattendu, tout commence par un \u00e9cart de conduite qui compromet les chances de Nadia de poursuivre son parcours en basketball. La jeune femme d&rsquo;origine rwandaise se fait remarquer par un recruteur pour l&rsquo;\u00e9lection de Miss Poitou-Charentes. Son p\u00e8re, Jacky, l&rsquo;encourage et la soutient pour qu&rsquo;elle se pr\u00e9sente, tandis que sa m\u00e8re, Liliane, est beaucoup plus r\u00e9fractaire \u00e0 cette id\u00e9e. Nadia d\u00e9couvre tout un univers, fait de quelques amies mais aussi de jeunes femmes pr\u00eates \u00e0 tout pour d\u00e9crocher la couronne. Si elle \u00e9tait \u00e9lue Miss France, elle serait la premi\u00e8re Miss d&rsquo;origine africaine.<\/p>\n<p>                        \u00ab\u00a0Ma m\u00e8re a re\u00e7u plusieurs fois des enveloppes remplies d&rsquo;excr\u00e9ments&#8230;\u00a0\u00bb : Sonia Rolland revient sur cette sc\u00e8ne choquante d&rsquo;Un destin inattendu<\/p>\n<p>Dans Un destin inattendu, Nadia comme sa m\u00e8re doivent endurer des comportements racistes. Ainsi, lors d&rsquo;une sc\u00e8ne, la m\u00e8re de Nadia re\u00e7oit dans sa bo\u00eete aux lettres un courrier rempli d&rsquo;excr\u00e9ments avec \u00e9crit \u00ab\u00a0Pas de miss n\u00e8gre chez nous\u00a0\u00bb dessus. \u00ab\u00a0Ma m\u00e8re a re\u00e7u une enveloppe pleine d&rsquo;excr\u00e9ments. La premi\u00e8re fois, quand je me suis pr\u00e9sent\u00e9e \u00e0 Miss France. Et puis, plusieurs fois apr\u00e8s. Moi aussi. Il m&rsquo;est arriv\u00e9 aussi d&rsquo;avoir le tapis d&rsquo;entr\u00e9e de chez moi plein de merde. Et puis, Madame de Fontenay a re\u00e7u des lettres avec des menaces de mort, des insultes. Toutes ces choses l\u00e0 ont \u00e9t\u00e9 v\u00e9cues\u00a0\u00bb, nous avait confi\u00e9 Sonia Rolland. Et d&rsquo;ajouter : \u00ab\u00a0Je le mets dans mon film pour en t\u00e9moigner. Mais ce que je raconte aussi, c&rsquo;est comment on surpasse tout \u00e7a. Il faut regarder aussi une histoire comme celle-l\u00e0 pour se dire juste : c&rsquo;est la force d&rsquo;une union populaire derri\u00e8re moi qui m&rsquo;a permis de me pr\u00e9senter \u00e0 l&rsquo;\u00e9lection de Miss France, alors que j&rsquo;\u00e9tais d&rsquo;origine africaine et donc la premi\u00e8re Miss France d&rsquo;origine africaine.\u00a0\u00bb<\/p>\n","protected":false},"excerpt":{"rendered":"France 2 propose, ce mercredi 12 juin 2025, le t\u00e9l\u00e9film Un destin inattendu, r\u00e9alis\u00e9 par Sonia Rolland et&hellip;\n","protected":false},"author":2,"featured_media":168182,"comment_status":"","ping_status":"","sticky":false,"template":"","format":"standard","meta":{"footnotes":""},"categories":[1359],"tags":[244,58,59,1011,27,594,3034,973,2391,30152,30153],"class_list":{"0":"post-168181","1":"post","2":"type-post","3":"status-publish","4":"format-standard","5":"has-post-thumbnail","7":"category-people","8":"tag-commentaire","9":"tag-divertissement","10":"tag-entertainment","11":"tag-fr","12":"tag-france","13":"tag-france-2","14":"tag-miss-france","15":"tag-people","16":"tag-sonia-rolland","17":"tag-tu00e9lu00e9film","18":"tag-un-destin-inattendu"},"share_on_mastodon":{"url":"https:\/\/pubeurope.com\/@fr\/114664754519691244","error":""},"_links":{"self":[{"href":"https:\/\/www.europesays.com\/fr\/wp-json\/wp\/v2\/posts\/168181","targetHints":{"allow":["GET"]}}],"collection":[{"href":"https:\/\/www.europesays.com\/fr\/wp-json\/wp\/v2\/posts"}],"about":[{"href":"https:\/\/www.europesays.com\/fr\/wp-json\/wp\/v2\/types\/post"}],"author":[{"embeddable":true,"href":"https:\/\/www.europesays.com\/fr\/wp-json\/wp\/v2\/users\/2"}],"replies":[{"embeddable":true,"href":"https:\/\/www.europesays.com\/fr\/wp-json\/wp\/v2\/comments?post=168181"}],"version-history":[{"count":0,"href":"https:\/\/www.europesays.com\/fr\/wp-json\/wp\/v2\/posts\/168181\/revisions"}],"wp:featuredmedia":[{"embeddable":true,"href":"https:\/\/www.europesays.com\/fr\/wp-json\/wp\/v2\/media\/168182"}],"wp:attachment":[{"href":"https:\/\/www.europesays.com\/fr\/wp-json\/wp\/v2\/media?parent=168181"}],"wp:term":[{"taxonomy":"category","embeddable":true,"href":"https:\/\/www.europesays.com\/fr\/wp-json\/wp\/v2\/categories?post=168181"},{"taxonomy":"post_tag","embeddable":true,"href":"https:\/\/www.europesays.com\/fr\/wp-json\/wp\/v2\/tags?post=168181"}],"curies":[{"name":"wp","href":"https:\/\/api.w.org\/{rel}","templated":true}]}}